{"id":5303,"date":"2021-05-04T22:17:09","date_gmt":"2021-05-05T02:47:09","guid":{"rendered":"http:\/\/elmundodelosnegocios.com.do\/v1\/?p=5303"},"modified":"2021-05-04T22:17:09","modified_gmt":"2021-05-05T02:47:09","slug":"toma-posesion-experimentado-director-interino-cestur","status":"publish","type":"post","link":"https:\/\/elmundodelosnegocios.com.do\/v1\/toma-posesion-experimentado-director-interino-cestur\/","title":{"rendered":"Toma posesi\u00f3n experimentado director interino CESTUR"},"content":{"rendered":"<p>SANTO DOMINGO, R.D. Mayo 3, 2021.- El Ministro de Defensa Teniente General Carlos Luciano D\u00edaz Morfa, ERD design\u00f3 de manera interina y puso en posesi\u00f3n del cargo al Coronel Paracaidista Roberto Acevedo Tejada, FARD, como nuevo director del Cuerpo Especializado de Seguridad Tur\u00edstica (CESTUR), en sustituci\u00f3n del General de Brigada Piloto Juan Carlos Torres Robiu, FARD. En el acto estuvo presente la viceministra de turismo Patricia Mej\u00eda.<\/p>\n<p>Acevedo Tejada desde el 2015 estaba asignado a CESTUR y hab\u00eda trabajado antes (2006) en la Polic\u00eda Tur\u00edstica (Politur). Tambi\u00e9n fue Comandante del Primer Escuadr\u00f3n de Seguridad de base y ha ocupado posiciones en diversas instituciones civiles y militares.<\/p>\n<p>Acevedo Tejada tiene 43 a\u00f1os e ingres\u00f3 a la Fuerza A\u00e9rea de Rep\u00fablica Dominicana como raso aspirante a cadete. Con m\u00e1s de 25 a\u00f1os en las filas militares, cuenta con una amplia hoja de servicio en diversas \u00e1reas de los cuerpos castrenses.<\/p>\n<p>El Coronel Acevedo Tejada ocup\u00f3 posiciones en el Ministerio de Agricultura, el Cuartel General de Fuerza de Comandos Especiales, Direcci\u00f3n Nacional de Control de Drogas (DNCD); Comandante del Comando A\u00e9reo Norte y Sub-comandante del Comando Fuerzas Especiales.<\/p>\n<p>Es graduado de Comando y Estado Mayor y ha realizado cursos de gesti\u00f3n de log\u00edstica, derechos humanos y derecho internacional humanitario, entrenamiento de protecci\u00f3n de funcionarios, de operaciones especiales y de operaciones a\u00e9reas fronterizas.<\/p>\n<p>El nuevo director interino del Cestur, tambi\u00e9n ha realizado cursos de seguridad tur\u00edstica, de relaciones p\u00fablicas y comunicaciones,  y estudios en el Instituto Militar de Estudios Superiores Aeron\u00e1uticos. Curs\u00f3 estudios militares de especializaci\u00f3n en Brasil, y ha sido comandante del Cuartel General y comandante del Cuerpo de Cadetes de la Academia A\u00e9rea.-.<\/p>\n","protected":false},"excerpt":{"rendered":"<p>SANTO DOMINGO, R.D. Mayo 3, 2021.- El Ministro de Defensa Teniente General Carlos Luciano D\u00edaz Morfa, ERD design\u00f3 de manera interina y puso en posesi\u00f3n del cargo al Coronel Paracaidista&hellip; <\/p>\n","protected":false},"author":2,"featured_media":5304,"comment_status":"open","ping_status":"open","sticky":false,"template":"","format":"standard","meta":{"fifu_image_url":"","fifu_image_alt":"","footnotes":""},"categories":[86],"tags":[],"class_list":["post-5303","post","type-post","status-publish","format-standard","has-post-thumbnail","hentry","category-seguridad"],"_links":{"self":[{"href":"https:\/\/elmundodelosnegocios.com.do\/v1\/wp-json\/wp\/v2\/posts\/5303","targetHints":{"allow":["GET"]}}],"collection":[{"href":"https:\/\/elmundodelosnegocios.com.do\/v1\/wp-json\/wp\/v2\/posts"}],"about":[{"href":"https:\/\/elmundodelosnegocios.com.do\/v1\/wp-json\/wp\/v2\/types\/post"}],"author":[{"embeddable":true,"href":"https:\/\/elmundodelosnegocios.com.do\/v1\/wp-json\/wp\/v2\/users\/2"}],"replies":[{"embeddable":true,"href":"https:\/\/elmundodelosnegocios.com.do\/v1\/wp-json\/wp\/v2\/comments?post=5303"}],"version-history":[{"count":0,"href":"https:\/\/elmundodelosnegocios.com.do\/v1\/wp-json\/wp\/v2\/posts\/5303\/revisions"}],"wp:featuredmedia":[{"embeddable":true,"href":"https:\/\/elmundodelosnegocios.com.do\/v1\/wp-json\/wp\/v2\/media\/5304"}],"wp:attachment":[{"href":"https:\/\/elmundodelosnegocios.com.do\/v1\/wp-json\/wp\/v2\/media?parent=5303"}],"wp:term":[{"taxonomy":"category","embeddable":true,"href":"https:\/\/elmundodelosnegocios.com.do\/v1\/wp-json\/wp\/v2\/categories?post=5303"},{"taxonomy":"post_tag","embeddable":true,"href":"https:\/\/elmundodelosnegocios.com.do\/v1\/wp-json\/wp\/v2\/tags?post=5303"}],"curies":[{"name":"wp","href":"https:\/\/api.w.org\/{rel}","templated":true}]}}