{"id":53150,"date":"2024-06-27T14:49:21","date_gmt":"2024-06-27T19:19:21","guid":{"rendered":"https:\/\/elmundodelosnegocios.com.do\/v1\/?p=53150"},"modified":"2024-06-27T14:49:23","modified_gmt":"2024-06-27T19:19:23","slug":"prodominicana-lanza-programa-de-mentorias-impulsando-el-alto-potencial-exportador-de-rd","status":"publish","type":"post","link":"https:\/\/elmundodelosnegocios.com.do\/v1\/prodominicana-lanza-programa-de-mentorias-impulsando-el-alto-potencial-exportador-de-rd\/","title":{"rendered":"ProDominicana lanza programa de mentor\u00edas \u00abImpulsando el Alto Potencial Exportador de RD\u201d"},"content":{"rendered":"\n<p>Santo Domingo.-&nbsp;<strong>El Centro de Exportaci\u00f3n e Inversi\u00f3n de la Rep\u00fablica Dominicana<\/strong>&nbsp;realiz\u00f3 el lanzamiento del programa de mentor\u00edas&nbsp;<strong>\u00abImpulsando el Alto Potencial Exportador de la Rep\u00fablica Dominicana: Compa\u00f1eros de Comercio\u00bb<\/strong>, una iniciativa pionera dise\u00f1ada para&nbsp;<strong>fortalecer y apoyar<\/strong>&nbsp;el crecimiento de las peque\u00f1as y medianas empresas (pymes) dominicanas en su participaci\u00f3n en el comercio internacional.&nbsp;<\/p>\n\n\n<div class=\"wp-block-image\">\n<figure class=\"aligncenter size-full\"><img loading=\"lazy\" decoding=\"async\" width=\"900\" height=\"506\" src=\"https:\/\/elmundodelosnegocios.com.do\/v1\/wp-content\/uploads\/2024\/06\/000-drodom.jpg\" alt=\"\" class=\"wp-image-53151\" srcset=\"https:\/\/elmundodelosnegocios.com.do\/v1\/wp-content\/uploads\/2024\/06\/000-drodom.jpg 900w, https:\/\/elmundodelosnegocios.com.do\/v1\/wp-content\/uploads\/2024\/06\/000-drodom-300x169.jpg 300w, https:\/\/elmundodelosnegocios.com.do\/v1\/wp-content\/uploads\/2024\/06\/000-drodom-768x432.jpg 768w\" sizes=\"auto, (max-width: 900px) 100vw, 900px\" \/><\/figure>\n<\/div>\n\n\n<p>En ese sentido, la&nbsp;<strong>directora ejecutiva de ProDominicana, Biviana Riveiro,<\/strong>&nbsp;explic\u00f3 que este programa tiene como objetivo principal proporcionar una&nbsp;<strong>mentor\u00eda personalizada y efectiva<\/strong>&nbsp;para facilitar el crecimiento profesional y personal de los participantes.&nbsp;&nbsp;<em>\u201cEste programa es una parte crucial del proyecto de la Alianza Global para la Facilitaci\u00f3n del Comercio, que busca impulsar el desarrollo econ\u00f3mico y social del pa\u00eds mediante la internacionalizaci\u00f3n empresarial\u201d,<\/em>&nbsp;agreg\u00f3.&nbsp;<\/p>\n\n\n\n<p>Se destaca que, en 2023 el&nbsp;<strong>valor exportado total<\/strong>&nbsp;alcanz\u00f3 los&nbsp;<strong>USD 11,937.6 millones,<\/strong>&nbsp;con una contribuci\u00f3n significativa de nuestras micro, peque\u00f1as y medianas empresas. Asimismo, las grandes empresas exportadoras aportaron&nbsp;<strong>USD 11,238.4 millones<\/strong>, lo que demuestra su papel crucial en la econom\u00eda local.&nbsp;<\/p>\n\n\n\n<p>A su vez, las&nbsp;<strong>empresas exportadoras mipymes<\/strong>&nbsp;exhibieron ventas internacionales por&nbsp;<strong>USD 700 millones<\/strong>&nbsp;en 2023, equivalente a un crecimiento interanual de un&nbsp;<strong>5.1 %,<\/strong>&nbsp;en comparaci\u00f3n con 2022 y un incremento significativo de&nbsp;<strong>35.6 %,&nbsp;<\/strong>comparado con el a\u00f1o prepandemia 2019. Es importante destacar, que este valor representa un r\u00e9cord en valores exportados por este grupo de empresas.&nbsp;<\/p>\n\n\n\n<figure class=\"wp-block-image\"><img decoding=\"async\" src=\"https:\/\/presidencia.gob.do\/sites\/default\/files\/inline-images\/EVENTO%20%281%29.jpeg\" alt=\"\"\/><\/figure>\n\n\n\n<p>Asimismo, Jos\u00e9 Ra\u00fal Perales, director de la<strong>&nbsp;Pr\u00e1ctica de Comercio<\/strong>&nbsp;y subdirector de la&nbsp;<strong>Alianza Global para la Facilitaci\u00f3n del Comercio,<\/strong>&nbsp;expres\u00f3 que el lanzamiento del programa de mentor\u00edas representa un paso significativo en la&nbsp;<strong>promoci\u00f3n y desarrollo<\/strong>&nbsp;de las capacidades exportadoras del pa\u00eds.&nbsp;<em>\u201cEste programa proporcionar\u00e1 a los empresarios dominicanos las herramientas, el conocimiento y el apoyo necesarios para maximizar su potencial en los mercados internacionales, fomentando as\u00ed un crecimiento econ\u00f3mico sostenible y la integraci\u00f3n efectiva en el comercio global\u201d,&nbsp;<\/em>acot\u00f3.&nbsp;<\/p>\n\n\n\n<p>De igual forma, Vilma Arbaje,&nbsp;<strong>viceministra de Comercio Exterior del Ministerio de Industria Comercio y Mipymes&nbsp;<\/strong>(MICM), agreg\u00f3 que esta es una iniciativa fundamental para&nbsp;<strong>fortalecer el sector exportador<\/strong>&nbsp;del pa\u00eds. Destac\u00f3 que esta colaboraci\u00f3n entre el sector p\u00fablico y privado es esencial para brindar a los emprendedores y empresarios dominicanos el apoyo y los conocimientos necesarios para&nbsp;<strong>competir exitosamente en el mercado internacional,<\/strong>&nbsp;promoviendo as\u00ed el&nbsp;<strong>desarrollo econ\u00f3mico y la creaci\u00f3n de empleo<\/strong>&nbsp;en la Rep\u00fablica Dominicana.&nbsp;<\/p>\n\n\n\n<p><strong>Sobre el programa&nbsp;<\/strong><\/p>\n\n\n\n<p>El programa, que se extender\u00e1 de junio a<strong>&nbsp;octubre de 2024<\/strong>, contar\u00e1 con un total de seis sesiones de mentor\u00eda por pyme beneficiaria. Estas sesiones, preferiblemente presenciales, permitir\u00e1n una interacci\u00f3n cercana y efectiva entre mentores y pymes, asegurando una atenci\u00f3n personalizada y&nbsp;<strong>adaptada a las necesidades espec\u00edficas<\/strong>&nbsp;de cada una.&nbsp;<\/p>\n\n\n\n<p>Han sido seleccionadas para este proyecto&nbsp;<strong>20 pymes<\/strong>&nbsp;de diferentes sectores econ\u00f3micos del pa\u00eds, tales como:&nbsp;<strong>manufactura, artesan\u00eda, agr\u00edcola, agroindustria, textil y belleza<\/strong>, para recibir la mentor\u00eda en aras de fortalecer su vocaci\u00f3n exportadora. A su vez, han sido seleccionados&nbsp;<strong>11 mentores<\/strong>&nbsp;con suma experiencia profesional en el \u00e1rea de exportaci\u00f3n.&nbsp;<\/p>\n\n\n\n<p>La Alianza para la Facilitaci\u00f3n del Comercio es una&nbsp;<strong>colaboraci\u00f3n p\u00fablico-privada<\/strong>&nbsp;conformada por el Foro Econ\u00f3mico Mundial, Centro Internacional de la Empresa Privada y la C\u00e1mara de Comercio Internacional, que busca&nbsp;<strong>modernizar y simplificar el comercio internacional<\/strong>, promoviendo la&nbsp;<strong>inclusi\u00f3n y el desarrollo sostenible.<\/strong>&nbsp;La Alianza est\u00e1 financiada por los gobiernos de&nbsp;<strong>Estados Unidos<\/strong>&nbsp;(USAID),&nbsp;<strong>Canad\u00e1<\/strong>&nbsp;(GAC) y&nbsp;<strong>Alemania<\/strong>&nbsp;(BMZ).<\/p>\n","protected":false},"excerpt":{"rendered":"<p>Santo Domingo.-&nbsp;El Centro de Exportaci\u00f3n e Inversi\u00f3n de la Rep\u00fablica Dominicana&nbsp;realiz\u00f3 el lanzamiento del programa de mentor\u00edas&nbsp;\u00abImpulsando el Alto Potencial Exportador de la Rep\u00fablica Dominicana: Compa\u00f1eros de Comercio\u00bb, una iniciativa&hellip; <\/p>\n","protected":false},"author":2,"featured_media":53153,"comment_status":"closed","ping_status":"closed","sticky":false,"template":"","format":"standard","meta":{"fifu_image_url":"https:\/\/elmundodelosnegocios.com.do\/v1\/wp-content\/uploads\/2024\/06\/000-drodom.jpg","fifu_image_alt":"","footnotes":""},"categories":[74],"tags":[],"class_list":["post-53150","post","type-post","status-publish","format-standard","has-post-thumbnail","hentry","category-comercio-internacional"],"_links":{"self":[{"href":"https:\/\/elmundodelosnegocios.com.do\/v1\/wp-json\/wp\/v2\/posts\/53150","targetHints":{"allow":["GET"]}}],"collection":[{"href":"https:\/\/elmundodelosnegocios.com.do\/v1\/wp-json\/wp\/v2\/posts"}],"about":[{"href":"https:\/\/elmundodelosnegocios.com.do\/v1\/wp-json\/wp\/v2\/types\/post"}],"author":[{"embeddable":true,"href":"https:\/\/elmundodelosnegocios.com.do\/v1\/wp-json\/wp\/v2\/users\/2"}],"replies":[{"embeddable":true,"href":"https:\/\/elmundodelosnegocios.com.do\/v1\/wp-json\/wp\/v2\/comments?post=53150"}],"version-history":[{"count":1,"href":"https:\/\/elmundodelosnegocios.com.do\/v1\/wp-json\/wp\/v2\/posts\/53150\/revisions"}],"predecessor-version":[{"id":53152,"href":"https:\/\/elmundodelosnegocios.com.do\/v1\/wp-json\/wp\/v2\/posts\/53150\/revisions\/53152"}],"wp:featuredmedia":[{"embeddable":true,"href":"https:\/\/elmundodelosnegocios.com.do\/v1\/wp-json\/wp\/v2\/media\/53153"}],"wp:attachment":[{"href":"https:\/\/elmundodelosnegocios.com.do\/v1\/wp-json\/wp\/v2\/media?parent=53150"}],"wp:term":[{"taxonomy":"category","embeddable":true,"href":"https:\/\/elmundodelosnegocios.com.do\/v1\/wp-json\/wp\/v2\/categories?post=53150"},{"taxonomy":"post_tag","embeddable":true,"href":"https:\/\/elmundodelosnegocios.com.do\/v1\/wp-json\/wp\/v2\/tags?post=53150"}],"curies":[{"name":"wp","href":"https:\/\/api.w.org\/{rel}","templated":true}]}}