{"id":53154,"date":"2024-06-28T09:11:03","date_gmt":"2024-06-28T13:41:03","guid":{"rendered":"https:\/\/elmundodelosnegocios.com.do\/v1\/?p=53154"},"modified":"2024-06-28T09:11:04","modified_gmt":"2024-06-28T13:41:04","slug":"grupo-sid-y-ministerio-de-cultura-inauguran-parque-infantil-plaza-de-la-cultura-para-la-diversion-de-ninos-de-2-a-12-anos","status":"publish","type":"post","link":"https:\/\/elmundodelosnegocios.com.do\/v1\/grupo-sid-y-ministerio-de-cultura-inauguran-parque-infantil-plaza-de-la-cultura-para-la-diversion-de-ninos-de-2-a-12-anos\/","title":{"rendered":"Grupo SID y Ministerio de Cultura inauguran Parque Infantil Plaza de la Cultura, para la diversi\u00f3n de ni\u00f1os de 2 a 12 a\u00f1os"},"content":{"rendered":"\n<p>Santo Domingo. &#8211; El&nbsp;<strong>Ministerio de Cultura (MINC<\/strong>) y el&nbsp;<strong>Grupo SID<\/strong>&nbsp;dejaron formalmente inaugurado el&nbsp;<strong>Parque Infantil Plaza de la Cultura<\/strong>, cuyo objetivo es promover habilidades sociales, f\u00edsicas y emocionales de manera integral y l\u00fadica, que generen un impacto positivo en el desarrollo de los ni\u00f1os y ni\u00f1as.<\/p>\n\n\n<div class=\"wp-block-image\">\n<figure class=\"aligncenter size-large\"><img decoding=\"async\" src=\"https:\/\/presidencia.gob.do\/sites\/default\/files\/styles\/large\/public\/news\/2024-06\/Ministerio%20de%20Cultura%20y%20Grupo%20SID%20inauguran%20Parque%20Infantil%20Plaza%20de%20la%20Cultura.JPG?itok=ig2XUkQV\" alt=\"\"\/><\/figure>\n<\/div>\n\n\n<p>El espacio de recreaci\u00f3n, ubicado en la Plaza de la Cultura Juan Pablo Duarte, ha contado con el&nbsp;<strong>apoyo econ\u00f3mico del<\/strong>&nbsp;<strong>Grupo SID<\/strong>,&nbsp;<strong>MercaSID<\/strong>&nbsp;e&nbsp;<strong>Induveca<\/strong>.<\/p>\n\n\n\n<p>El acto inaugural, que inici\u00f3 con la entonaci\u00f3n del himno nacional a cargo del&nbsp;<strong>Coro Nacional de Ni\u00f1os Dominicanos<\/strong>&nbsp;(CNND), estuvo encabezado por la ministra de Cultura,&nbsp;<strong>Milagros Germ\u00e1n<\/strong>, quien estuvo acompa\u00f1ada por el vicepresidente ejecutivo de MercaSID,&nbsp;<strong>Jos\u00e9 Miguel Bonetti<\/strong>, y la vicepresidenta ejecutiva de Induveca,&nbsp;<strong>Lil Esteva<\/strong>.&nbsp;<\/p>\n\n\n\n<p>Durante su intervenci\u00f3n, Germ\u00e1n expres\u00f3 que el parque fue pensado para la sana diversi\u00f3n de ni\u00f1os y ni\u00f1as de 2 a 12 a\u00f1os de edad:&nbsp;<em>\u201cEste parque no solo proporciona oportunidades para el juego y la interacci\u00f3n social, sino que tambi\u00e9n promueve la exploraci\u00f3n del entorno natural y la creatividad en un ambiente seguro y controlado dentro de la Plaza de la Cultura\u201d<\/em>.<\/p>\n\n\n<div class=\"wp-block-image\">\n<figure class=\"aligncenter\"><img decoding=\"async\" src=\"https:\/\/presidencia.gob.do\/sites\/default\/files\/inline-images\/El%20espacio%20de%20recreaci%C3%B3n%2C%20ubicado%20en%20la%20Plaza%20de%20la%20Cultura%20Juan%20Pablo%20Duarte%2C%20ha%20contado%20con%20el%20apoyo%20econ%C3%B3mico%20del%20Grupo%20SID%2C%20MercaSID%20e%20Induveca..JPG\" alt=\"\"\/><\/figure>\n<\/div>\n\n\n<p>Por su parte, Lil Esteva extern\u00f3&nbsp;que&nbsp;<em>\u00aben Grupo SID estamos comprometidos con nuestra misi\u00f3n de crear bienestar, y esta misi\u00f3n, junto con nuestros valores de crecer, servir, proteger y compartir, nos impulsa a propiciar entornos como este, que contribuyen al desarrollo de los ni\u00f1os y, con ellos, de la sociedad. Celebramos la apertura de un espacio que naci\u00f3 del deseo de crear un lugar donde los ni\u00f1os puedan jugar, aprender y crecer en un entorno seguro y estimulante\u201d.<\/em><\/p>\n\n\n\n<p><strong>Amenidades del Parque Infantil Plaza de la Cultura<\/strong><\/p>\n\n\n\n<p>El espacio cuenta con&nbsp;<strong>una amplia variedad de juegos<\/strong>&nbsp;que incluyen dos conjuntos de toboganes, un conjunto de cuatro columpios, tres mecedoras tem\u00e1ticas, cuatro balancines sube y baja, una estructura de escalada en forma de tela de ara\u00f1a, un columpio inclusivo para ni\u00f1os con discapacidad motora y mesas de picnic.<\/p>\n\n\n\n<p>El recinto ha sido dise\u00f1ado a partir de c\u00edrculos entrelazados que representan el movimiento y simbolizan un \u00e1rbol, haciendo alusi\u00f3n al crecimiento, la vida y el respeto hacia ellos.&nbsp;<strong>Su dise\u00f1o se adapta a la vegetaci\u00f3n existente<\/strong>, integr\u00e1ndose de manera fluida en el espacio natural.<\/p>\n\n\n\n<p>El parque, a trav\u00e9s del colorido de su piso y el amarillo de las verjas, refleja la alegr\u00eda que caracteriza a los ni\u00f1os. Pensado, adem\u00e1s, para que sea&nbsp;<strong>un espacio accesible para todos<\/strong>, cuenta con&nbsp;<strong>rampas de acceso<\/strong>&nbsp;debidamente se\u00f1alizadas.<\/p>\n\n\n\n<p>El acto concluy\u00f3 con el corte de cinta con el que se dej\u00f3 formalmente inaugurado el Parque Infantil Plaza de la Cultura.<\/p>\n","protected":false},"excerpt":{"rendered":"<p>Santo Domingo. &#8211; El&nbsp;Ministerio de Cultura (MINC) y el&nbsp;Grupo SID&nbsp;dejaron formalmente inaugurado el&nbsp;Parque Infantil Plaza de la Cultura, cuyo objetivo es promover habilidades sociales, f\u00edsicas y emocionales de manera integral&hellip; <\/p>\n","protected":false},"author":2,"featured_media":53156,"comment_status":"closed","ping_status":"closed","sticky":false,"template":"","format":"standard","meta":{"fifu_image_url":"https:\/\/presidencia.gob.do\/sites\/default\/files\/styles\/large\/public\/news\/2024-06\/Ministerio%20de%20Cultura%20y%20Grupo%20SID%20inauguran%20Parque%20Infantil%20Plaza%20de%20la%20Cultura.JPG?itok=ig2XUkQV","fifu_image_alt":"","footnotes":""},"categories":[78],"tags":[],"class_list":["post-53154","post","type-post","status-publish","format-standard","has-post-thumbnail","hentry","category-con-responsabilidad"],"_links":{"self":[{"href":"https:\/\/elmundodelosnegocios.com.do\/v1\/wp-json\/wp\/v2\/posts\/53154","targetHints":{"allow":["GET"]}}],"collection":[{"href":"https:\/\/elmundodelosnegocios.com.do\/v1\/wp-json\/wp\/v2\/posts"}],"about":[{"href":"https:\/\/elmundodelosnegocios.com.do\/v1\/wp-json\/wp\/v2\/types\/post"}],"author":[{"embeddable":true,"href":"https:\/\/elmundodelosnegocios.com.do\/v1\/wp-json\/wp\/v2\/users\/2"}],"replies":[{"embeddable":true,"href":"https:\/\/elmundodelosnegocios.com.do\/v1\/wp-json\/wp\/v2\/comments?post=53154"}],"version-history":[{"count":1,"href":"https:\/\/elmundodelosnegocios.com.do\/v1\/wp-json\/wp\/v2\/posts\/53154\/revisions"}],"predecessor-version":[{"id":53155,"href":"https:\/\/elmundodelosnegocios.com.do\/v1\/wp-json\/wp\/v2\/posts\/53154\/revisions\/53155"}],"wp:featuredmedia":[{"embeddable":true,"href":"https:\/\/elmundodelosnegocios.com.do\/v1\/wp-json\/wp\/v2\/media\/53156"}],"wp:attachment":[{"href":"https:\/\/elmundodelosnegocios.com.do\/v1\/wp-json\/wp\/v2\/media?parent=53154"}],"wp:term":[{"taxonomy":"category","embeddable":true,"href":"https:\/\/elmundodelosnegocios.com.do\/v1\/wp-json\/wp\/v2\/categories?post=53154"},{"taxonomy":"post_tag","embeddable":true,"href":"https:\/\/elmundodelosnegocios.com.do\/v1\/wp-json\/wp\/v2\/tags?post=53154"}],"curies":[{"name":"wp","href":"https:\/\/api.w.org\/{rel}","templated":true}]}}