{"id":53223,"date":"2024-06-01T21:56:30","date_gmt":"2024-06-02T02:26:30","guid":{"rendered":"https:\/\/elmundodelosnegocios.com.do\/v1\/?p=53223"},"modified":"2024-07-02T15:00:55","modified_gmt":"2024-07-02T19:30:55","slug":"aird-informa-indice-mensual-de-actividad-manufacturera-imam-descendio-mayo-2024","status":"publish","type":"post","link":"https:\/\/elmundodelosnegocios.com.do\/v1\/aird-informa-indice-mensual-de-actividad-manufacturera-imam-descendio-mayo-2024\/","title":{"rendered":"AIRD informa \u00cdndice Mensual de Actividad Manufacturera (IMAM) descendi\u00f3 mayo 2024."},"content":{"rendered":"\n<p><em>El indicador se coloca por debajo de la barrera de los 50.0<\/em><\/p>\n\n\n\n<p><strong>Santo Domingo<\/strong>. El \u00cdndice Mensual de Actividad Manufacturera (IMAM) de la Asociaci\u00f3n de Industrias de la Rep\u00fablica Dominicana (AIRD) descendi\u00f3 en mayo del presente a\u00f1o (2024) cayendo por primera vez en el presente a\u00f1o por debajo de la barrera de los 50.0.<\/p>\n\n\n<div class=\"wp-block-image\">\n<figure class=\"aligncenter size-full\"><img loading=\"lazy\" decoding=\"async\" width=\"900\" height=\"506\" src=\"https:\/\/elmundodelosnegocios.com.do\/v1\/wp-content\/uploads\/2024\/06\/AIRD.jpg\" alt=\"\" class=\"wp-image-53224\" srcset=\"https:\/\/elmundodelosnegocios.com.do\/v1\/wp-content\/uploads\/2024\/06\/AIRD.jpg 900w, https:\/\/elmundodelosnegocios.com.do\/v1\/wp-content\/uploads\/2024\/06\/AIRD-300x169.jpg 300w, https:\/\/elmundodelosnegocios.com.do\/v1\/wp-content\/uploads\/2024\/06\/AIRD-768x432.jpg 768w\" sizes=\"auto, (max-width: 900px) 100vw, 900px\" \/><figcaption class=\"wp-element-caption\">created by dji camera<\/figcaption><\/figure>\n<\/div>\n\n\n<p>Para el mes de mayo, todas las variables se mostraron a la baja. En los meses de abril y mayo se aprecia una volatilidad importante en los resultados del IMAM lo que pudo haber sido influenciado por el proceso electoral y su incidencia en la ciclicidad hist\u00f3rica de la actividad manufacturera.<\/p>\n\n\n\n<p>El IMAM est\u00e1 compuesto por cinco variables: ventas, producci\u00f3n, empleos, inventarios y tiempos de entrega. Los resultados mayores a 50 corresponden a una mayor actividad con relaci\u00f3n al mes anterior, por debajo de 50 indican una actividad inferior en mayo con relaci\u00f3n a abril.<\/p>\n\n\n\n<p>\u201cVolumen de ventas\u201d descendi\u00f3 de 76.9 en abril a 55.8 en mayo; \u201cvolumen de producci\u00f3n\u201d pas\u00f3 de 84.4 en abril a 57.3 en mayo. Igual tendencia tuvo \u201cempleo\u201d que pas\u00f3 de 60.6 en abril a 54.3 en mayo, as\u00ed como \u201cinventario de materias primas\u201d que pas\u00f3 de 62.2 en abril a 52.9 en mayo. La variable \u201cplazo de entrega suplidores\u201d se mantuvo bajo la barrera de los 50.0 por tercer mes consecutivo y descendi\u00f3 de 48.7 en abril a 47.0 en mayo 2024.<\/p>\n\n\n\n<p>El IMAM es una adecuaci\u00f3n del \u00cdndice de los Gerentes de Compras, (PMI por sus siglas en ingl\u00e9s) a la realidad del sector manufacturero dominicano, constituyendo un retrato de la actividad manufacturera de un mes con relaci\u00f3n al anterior, de modo r\u00e1pido y sencillo. Est\u00e1 est\u00e1 compuesto por cinco variables: ventas, producci\u00f3n, empleos, inventarios y tiempos de entrega.&nbsp;<\/p>\n\n\n\n<p><strong>Cuadro No. 1<\/strong><\/p>\n\n\n\n<p>\u00cdndice Mensual de Actividad Manufacturera Ajustado por Factor Estacional<br>mayo 2023 a mayo 2024<\/p>\n\n\n<div class=\"wp-block-image\">\n<figure class=\"aligncenter\"><img decoding=\"async\" src=\"https:\/\/lh7-us.googleusercontent.com\/docsz\/AD_4nXf5n8z43z2mssW5-h8d514p5JGp9tApmC5IDiMCw3RtwJsk5o5ageY3GmnglkCmnz9EjvhgyPAPpdq7o7I5AcA0TdHysk2bs2mpynd-HYAMOqCOgfO_Y0eTSsxQr_5dLWvoKndmfYcc4cOeNd2h1NE1hYcA9io_-_jSkWn5PLueYsKtQlA9aJk?key=RgGDjiT3YtsmvalRFkc8-Q\" alt=\"\"\/><\/figure>\n<\/div>\n\n\n<p>Para fines de mejor visualizar la tendencia del ciclo econ\u00f3mico, se realiz\u00f3 un promedio m\u00f3vil de tres meses, donde se aprecia que el indicador se mantiene por encima de los 50 puntos, pero con tendencia decreciente.&nbsp;<\/p>\n\n\n\n<p><strong>Sobre el IMAM<\/strong><\/p>\n\n\n\n<p>Debido a la posibilidad de realizar las encuestas y recibir sus respuestas de forma r\u00e1pida,&nbsp;este indicador permite obtener informaciones de tendencias econ\u00f3micas previo a la publicaci\u00f3n de estad\u00edsticas oficiales y sirve de referencia para los propios economistas, hacedores de opini\u00f3n y tomadores de decisiones, prev\u00e9 las tendencias de la marcha econ\u00f3mica y posibilita tomar medidas en la direcci\u00f3n conveniente.<\/p>\n\n\n\n<p>El \u00edndice se construye a trav\u00e9s&nbsp;de encuestas mensuales realizadas a los directores generales y\/o gerentes de compras de las empresas asociadas a la AIRD. Los datos son recopilados los primeros 20 d\u00edas del mes siguiente a trav\u00e9s de encuestas online.<\/p>\n","protected":false},"excerpt":{"rendered":"<p>El indicador se coloca por debajo de la barrera de los 50.0 Santo Domingo. El \u00cdndice Mensual de Actividad Manufacturera (IMAM) de la Asociaci\u00f3n de Industrias de la Rep\u00fablica Dominicana&hellip; <\/p>\n","protected":false},"author":2,"featured_media":53226,"comment_status":"closed","ping_status":"closed","sticky":false,"template":"","format":"standard","meta":{"fifu_image_url":"https:\/\/elmundodelosnegocios.com.do\/v1\/wp-content\/uploads\/2024\/06\/AIRD.jpg","fifu_image_alt":"","footnotes":""},"categories":[154],"tags":[],"class_list":["post-53223","post","type-post","status-publish","format-standard","has-post-thumbnail","hentry","category-industria"],"_links":{"self":[{"href":"https:\/\/elmundodelosnegocios.com.do\/v1\/wp-json\/wp\/v2\/posts\/53223","targetHints":{"allow":["GET"]}}],"collection":[{"href":"https:\/\/elmundodelosnegocios.com.do\/v1\/wp-json\/wp\/v2\/posts"}],"about":[{"href":"https:\/\/elmundodelosnegocios.com.do\/v1\/wp-json\/wp\/v2\/types\/post"}],"author":[{"embeddable":true,"href":"https:\/\/elmundodelosnegocios.com.do\/v1\/wp-json\/wp\/v2\/users\/2"}],"replies":[{"embeddable":true,"href":"https:\/\/elmundodelosnegocios.com.do\/v1\/wp-json\/wp\/v2\/comments?post=53223"}],"version-history":[{"count":2,"href":"https:\/\/elmundodelosnegocios.com.do\/v1\/wp-json\/wp\/v2\/posts\/53223\/revisions"}],"predecessor-version":[{"id":53282,"href":"https:\/\/elmundodelosnegocios.com.do\/v1\/wp-json\/wp\/v2\/posts\/53223\/revisions\/53282"}],"wp:featuredmedia":[{"embeddable":true,"href":"https:\/\/elmundodelosnegocios.com.do\/v1\/wp-json\/wp\/v2\/media\/53226"}],"wp:attachment":[{"href":"https:\/\/elmundodelosnegocios.com.do\/v1\/wp-json\/wp\/v2\/media?parent=53223"}],"wp:term":[{"taxonomy":"category","embeddable":true,"href":"https:\/\/elmundodelosnegocios.com.do\/v1\/wp-json\/wp\/v2\/categories?post=53223"},{"taxonomy":"post_tag","embeddable":true,"href":"https:\/\/elmundodelosnegocios.com.do\/v1\/wp-json\/wp\/v2\/tags?post=53223"}],"curies":[{"name":"wp","href":"https:\/\/api.w.org\/{rel}","templated":true}]}}