{"id":54053,"date":"2024-08-25T13:28:38","date_gmt":"2024-08-25T17:58:38","guid":{"rendered":"https:\/\/www.elmundodelosnegocios.com.do\/v1\/?p=54053"},"modified":"2024-08-25T13:28:38","modified_gmt":"2024-08-25T17:58:38","slug":"inauguran-national-alamo-y-enterprise-rent-a-car-estacion-en-punta-cana","status":"publish","type":"post","link":"https:\/\/elmundodelosnegocios.com.do\/v1\/inauguran-national-alamo-y-enterprise-rent-a-car-estacion-en-punta-cana\/","title":{"rendered":"Inauguran National, Alamo y Enterprise Rent-A-Car estaci\u00f3n en Punta Cana"},"content":{"rendered":"<p>Punta Cana, Prov. La Altagracia, R.D. Agosto, 2024.- National Car Rental, Alamo Rent A Car y Enterprise Rent-A-Car, marcas de alquiler de veh\u00edculos franquiciadas en Rep\u00fablica Dominicana por la empresa Motor Plan S.A., llevaron a cabo el pasado mes de julio la inauguraci\u00f3n de su estaci\u00f3n ubicada en el Boulevard Tur\u00edstico del Este, en Punta Cana. Esta apertura tiene la finalidad de brindar m\u00e1s opciones de ubicaciones a los visitantes y habitantes de la zona proporcionando tambi\u00e9n la mejor experiencia de alquiler de la mano de colaboradores altamente capacitados que con su servicio fidelizan a quienes tienen la oportunidad de alquilar un veh\u00edculo con las marcas.<\/p>\n<p><a href=\"http:\/\/elmundodelosnegocios.com.do\/v1\/wp-content\/uploads\/2024\/08\/00.jpg\"><img loading=\"lazy\" decoding=\"async\" class=\"aligncenter size-full wp-image-54054\" src=\"http:\/\/elmundodelosnegocios.com.do\/v1\/wp-content\/uploads\/2024\/08\/00.jpg\" alt=\"\" width=\"900\" height=\"600\" srcset=\"https:\/\/elmundodelosnegocios.com.do\/v1\/wp-content\/uploads\/2024\/08\/00.jpg 900w, https:\/\/elmundodelosnegocios.com.do\/v1\/wp-content\/uploads\/2024\/08\/00-300x200.jpg 300w, https:\/\/elmundodelosnegocios.com.do\/v1\/wp-content\/uploads\/2024\/08\/00-768x512.jpg 768w\" sizes=\"auto, (max-width: 900px) 100vw, 900px\" \/><\/a><\/p>\n<p>El director comercial de Motor Plan S.A., Jos\u00e9 Mu\u00f1iz, dio apertura a esta estaci\u00f3n con el corte de la cinta y con las siguientes palabras: \u201cAgradecemos su presencia en este d\u00eda tan especial, en el cual inauguramos nuestra tercera estaci\u00f3n ubicada en la zona. Tenemos el compromiso de seguir expandiendo nuestra red de sucursales para estar cada vez m\u00e1s cerca de nuestros clientes\u201d.<\/p>\n<p><a href=\"http:\/\/elmundodelosnegocios.com.do\/v1\/wp-content\/uploads\/2024\/08\/00a.jpg\"><img loading=\"lazy\" decoding=\"async\" class=\"aligncenter size-full wp-image-54055\" src=\"http:\/\/elmundodelosnegocios.com.do\/v1\/wp-content\/uploads\/2024\/08\/00a.jpg\" alt=\"\" width=\"900\" height=\"600\" srcset=\"https:\/\/elmundodelosnegocios.com.do\/v1\/wp-content\/uploads\/2024\/08\/00a.jpg 900w, https:\/\/elmundodelosnegocios.com.do\/v1\/wp-content\/uploads\/2024\/08\/00a-300x200.jpg 300w, https:\/\/elmundodelosnegocios.com.do\/v1\/wp-content\/uploads\/2024\/08\/00a-768x512.jpg 768w\" sizes=\"auto, (max-width: 900px) 100vw, 900px\" \/><\/a><\/p>\n<p>El ejecutivo tambi\u00e9n se\u00f1al\u00f3: \u201cLas 4.5 estrellas de valoraci\u00f3n promedio otorgadas en Google Reviews por los arrendatarios en nuestras estaciones en Punta Cana nos llenan de orgullo y ratifican nuestro compromiso con brindar la mejor experiencia de alquiler del mercado. Tambi\u00e9n aprovecho para compartirles que esta calificaci\u00f3n no es algo fortuito, es el resultado de una cultura de servicio forjada en la mejora constante de todos los procesos e interacciones con los clientes.\u201d<\/p>\n<p>Los asistentes tuvieron la oportunidad de conocer las instalaciones y a el equipo que estar\u00e1 asistiendo a los clientes liderado por Rosario Rodr\u00edguez, Gerente de la zona.<\/p>\n<p>Sobre Motor Plan S.A.: Es representante de franquicias como Enterprise Rent-A-Car, National Car Rental y Alamo Rent a Car. Con 55 a\u00f1os en el mercado y 23 sucursales en total en el territorio dominicano, demuestra un liderazgo consolidado en el sector de alquiler de veh\u00edculos en Rep\u00fablica Dominicana.<\/p>\n<p>Sobre Enterprise Mobility: con la solidez de m\u00e1s de 65 a\u00f1os en el mercado de alquiler y a trav\u00e9s de su red integrada de subsidiarios y franquicias, opera las marcas de alquiler de autos Enterprise Rent-A-Car, Alamo Rent a Car y National Car Rental en m\u00e1s de 10,000 sucursales en localidades y aeropuertos del mundo.<\/p>\n","protected":false},"excerpt":{"rendered":"<p>Punta Cana, Prov. La Altagracia, R.D. Agosto, 2024.- National Car Rental, Alamo Rent A Car y Enterprise Rent-A-Car, marcas de alquiler de veh\u00edculos franquiciadas en Rep\u00fablica Dominicana por la empresa&hellip; <\/p>\n","protected":false},"author":2,"featured_media":54054,"comment_status":"closed","ping_status":"closed","sticky":false,"template":"","format":"standard","meta":{"fifu_image_url":"","fifu_image_alt":"","footnotes":""},"categories":[157],"tags":[],"class_list":["post-54053","post","type-post","status-publish","format-standard","has-post-thumbnail","hentry","category-marketing"],"_links":{"self":[{"href":"https:\/\/elmundodelosnegocios.com.do\/v1\/wp-json\/wp\/v2\/posts\/54053","targetHints":{"allow":["GET"]}}],"collection":[{"href":"https:\/\/elmundodelosnegocios.com.do\/v1\/wp-json\/wp\/v2\/posts"}],"about":[{"href":"https:\/\/elmundodelosnegocios.com.do\/v1\/wp-json\/wp\/v2\/types\/post"}],"author":[{"embeddable":true,"href":"https:\/\/elmundodelosnegocios.com.do\/v1\/wp-json\/wp\/v2\/users\/2"}],"replies":[{"embeddable":true,"href":"https:\/\/elmundodelosnegocios.com.do\/v1\/wp-json\/wp\/v2\/comments?post=54053"}],"version-history":[{"count":1,"href":"https:\/\/elmundodelosnegocios.com.do\/v1\/wp-json\/wp\/v2\/posts\/54053\/revisions"}],"predecessor-version":[{"id":54056,"href":"https:\/\/elmundodelosnegocios.com.do\/v1\/wp-json\/wp\/v2\/posts\/54053\/revisions\/54056"}],"wp:featuredmedia":[{"embeddable":true,"href":"https:\/\/elmundodelosnegocios.com.do\/v1\/wp-json\/wp\/v2\/media\/54054"}],"wp:attachment":[{"href":"https:\/\/elmundodelosnegocios.com.do\/v1\/wp-json\/wp\/v2\/media?parent=54053"}],"wp:term":[{"taxonomy":"category","embeddable":true,"href":"https:\/\/elmundodelosnegocios.com.do\/v1\/wp-json\/wp\/v2\/categories?post=54053"},{"taxonomy":"post_tag","embeddable":true,"href":"https:\/\/elmundodelosnegocios.com.do\/v1\/wp-json\/wp\/v2\/tags?post=54053"}],"curies":[{"name":"wp","href":"https:\/\/api.w.org\/{rel}","templated":true}]}}