{"id":54064,"date":"2024-08-25T14:21:10","date_gmt":"2024-08-25T18:51:10","guid":{"rendered":"https:\/\/www.elmundodelosnegocios.com.do\/v1\/?p=54064"},"modified":"2024-08-25T14:21:10","modified_gmt":"2024-08-25T18:51:10","slug":"arajet-firma-acuerdo-con-centro-leon-para-promover-intercambios-culturales-y-academicos","status":"publish","type":"post","link":"https:\/\/elmundodelosnegocios.com.do\/v1\/arajet-firma-acuerdo-con-centro-leon-para-promover-intercambios-culturales-y-academicos\/","title":{"rendered":"Arajet firma acuerdo con Centro Le\u00f3n para promover intercambios culturales y acad\u00e9micos"},"content":{"rendered":"<p>Santo Domingo. \u2013 Fundaci\u00f3n Eduardo Le\u00f3n Jimenes y Centro Le\u00f3n firmaron un acuerdo con la l\u00ednea a\u00e9rea dominicana Arajet, para desarrollar iniciativas conjuntas y fortalecer actividades educativas para la formaci\u00f3n de personal especializado en artes, y la promoci\u00f3n internacional de las exposiciones de artes visuales que realiza el centro.<\/p>\n<p><a href=\"http:\/\/elmundodelosnegocios.com.do\/v1\/wp-content\/uploads\/2024\/08\/02-3.jpg\"><img loading=\"lazy\" decoding=\"async\" class=\"aligncenter size-full wp-image-54066\" src=\"http:\/\/elmundodelosnegocios.com.do\/v1\/wp-content\/uploads\/2024\/08\/02-3.jpg\" alt=\"\" width=\"980\" height=\"600\" srcset=\"https:\/\/elmundodelosnegocios.com.do\/v1\/wp-content\/uploads\/2024\/08\/02-3.jpg 980w, https:\/\/elmundodelosnegocios.com.do\/v1\/wp-content\/uploads\/2024\/08\/02-3-300x184.jpg 300w, https:\/\/elmundodelosnegocios.com.do\/v1\/wp-content\/uploads\/2024\/08\/02-3-768x470.jpg 768w\" sizes=\"auto, (max-width: 980px) 100vw, 980px\" \/><\/a><\/p>\n<p>El acuerdo fue firmado por V\u00edctor Miguel Pacheco M\u00e9ndez, CEO y fundador de la aerol\u00ednea; la Dra. Mar\u00eda Amalia Le\u00f3n, presidente de la Fundaci\u00f3n Eduardo Le\u00f3n Jimenes; y Mar\u00eda Luisa Asilis, directora ejecutiva del Centro Le\u00f3n.<\/p>\n<div id='gallery-1' class='gallery galleryid-54064 gallery-columns-2 gallery-size-large'><figure class='gallery-item'>\n\t\t\t<div class='gallery-icon landscape'>\n\t\t\t\t<a href='https:\/\/elmundodelosnegocios.com.do\/v1\/wp-content\/uploads\/2024\/08\/1-9.jpg'><img loading=\"lazy\" decoding=\"async\" width=\"980\" height=\"600\" src=\"https:\/\/elmundodelosnegocios.com.do\/v1\/wp-content\/uploads\/2024\/08\/1-9.jpg\" class=\"attachment-large size-large\" alt=\"\" srcset=\"https:\/\/elmundodelosnegocios.com.do\/v1\/wp-content\/uploads\/2024\/08\/1-9.jpg 980w, https:\/\/elmundodelosnegocios.com.do\/v1\/wp-content\/uploads\/2024\/08\/1-9-300x184.jpg 300w, https:\/\/elmundodelosnegocios.com.do\/v1\/wp-content\/uploads\/2024\/08\/1-9-768x470.jpg 768w\" sizes=\"auto, (max-width: 980px) 100vw, 980px\" \/><\/a>\n\t\t\t<\/div><\/figure><figure class='gallery-item'>\n\t\t\t<div class='gallery-icon landscape'>\n\t\t\t\t<a href='https:\/\/elmundodelosnegocios.com.do\/v1\/wp-content\/uploads\/2024\/08\/02-3.jpg'><img loading=\"lazy\" decoding=\"async\" width=\"980\" height=\"600\" src=\"https:\/\/elmundodelosnegocios.com.do\/v1\/wp-content\/uploads\/2024\/08\/02-3.jpg\" class=\"attachment-large size-large\" alt=\"\" srcset=\"https:\/\/elmundodelosnegocios.com.do\/v1\/wp-content\/uploads\/2024\/08\/02-3.jpg 980w, https:\/\/elmundodelosnegocios.com.do\/v1\/wp-content\/uploads\/2024\/08\/02-3-300x184.jpg 300w, https:\/\/elmundodelosnegocios.com.do\/v1\/wp-content\/uploads\/2024\/08\/02-3-768x470.jpg 768w\" sizes=\"auto, (max-width: 980px) 100vw, 980px\" \/><\/a>\n\t\t\t<\/div><\/figure>\n\t\t<\/div>\n\n<p>Con el acuerdo, las instituciones pondr\u00e1n en marcha estrategias para aportar una experiencia cultural a los viajeros de Arajet, integrando elementos de arte y cultura que enriquezcan la vivencia del pasajero.<\/p>\n<p>Pacheco M\u00e9ndez, se\u00f1al\u00f3 que la finalidad del acuerdo es fortalecer los lazos culturales y educativos entre las instituciones participantes, as\u00ed como proporcionar a los pasajeros una experiencia de viaje enriquecida con elementos culturales que reflejen la riqueza del arte dominicano.<\/p>\n<p>La Dra. Le\u00f3n dijo que \u00abpoder contar con una alianza con Arajet, a nosotros nos hace sentir fortalecidos en el proceso de atraer el inter\u00e9s de nuestra comunidad dominicana en el exterior\u00bb.<\/p>\n<p>Adem\u00e1s, estuvieron presente Otto Gonz\u00e1lez, Chief Of Staff, y Lucy P\u00e9rez, VP Legal, de Arajet; Mar\u00eda Elena Aguayo, directora ejecutiva de la Fundaci\u00f3n Eduardo Le\u00f3n Jimenes; Maigualida P\u00e9rez, gerente de Emisora Ra\u00edces; y Sara Hermann, curadora en jefe del Centro Le\u00f3n.<\/p>\n<p>Entre los proyectos del Centro Le\u00f3n que contar\u00e1n con el apoyo de Arajet, se incluyen exposiciones y programas educativos que contribuir\u00e1n al desarrollo y la visibilidad del arte y la cultura dominicana y caribe\u00f1a.<\/p>\n","protected":false},"excerpt":{"rendered":"<p>Santo Domingo. \u2013 Fundaci\u00f3n Eduardo Le\u00f3n Jimenes y Centro Le\u00f3n firmaron un acuerdo con la l\u00ednea a\u00e9rea dominicana Arajet, para desarrollar iniciativas conjuntas y fortalecer actividades educativas para la formaci\u00f3n&hellip; <\/p>\n","protected":false},"author":2,"featured_media":54066,"comment_status":"closed","ping_status":"closed","sticky":false,"template":"","format":"standard","meta":{"fifu_image_url":"","fifu_image_alt":"","footnotes":""},"categories":[169],"tags":[],"class_list":["post-54064","post","type-post","status-publish","format-standard","has-post-thumbnail","hentry","category-transporte-internacional"],"_links":{"self":[{"href":"https:\/\/elmundodelosnegocios.com.do\/v1\/wp-json\/wp\/v2\/posts\/54064","targetHints":{"allow":["GET"]}}],"collection":[{"href":"https:\/\/elmundodelosnegocios.com.do\/v1\/wp-json\/wp\/v2\/posts"}],"about":[{"href":"https:\/\/elmundodelosnegocios.com.do\/v1\/wp-json\/wp\/v2\/types\/post"}],"author":[{"embeddable":true,"href":"https:\/\/elmundodelosnegocios.com.do\/v1\/wp-json\/wp\/v2\/users\/2"}],"replies":[{"embeddable":true,"href":"https:\/\/elmundodelosnegocios.com.do\/v1\/wp-json\/wp\/v2\/comments?post=54064"}],"version-history":[{"count":1,"href":"https:\/\/elmundodelosnegocios.com.do\/v1\/wp-json\/wp\/v2\/posts\/54064\/revisions"}],"predecessor-version":[{"id":54067,"href":"https:\/\/elmundodelosnegocios.com.do\/v1\/wp-json\/wp\/v2\/posts\/54064\/revisions\/54067"}],"wp:featuredmedia":[{"embeddable":true,"href":"https:\/\/elmundodelosnegocios.com.do\/v1\/wp-json\/wp\/v2\/media\/54066"}],"wp:attachment":[{"href":"https:\/\/elmundodelosnegocios.com.do\/v1\/wp-json\/wp\/v2\/media?parent=54064"}],"wp:term":[{"taxonomy":"category","embeddable":true,"href":"https:\/\/elmundodelosnegocios.com.do\/v1\/wp-json\/wp\/v2\/categories?post=54064"},{"taxonomy":"post_tag","embeddable":true,"href":"https:\/\/elmundodelosnegocios.com.do\/v1\/wp-json\/wp\/v2\/tags?post=54064"}],"curies":[{"name":"wp","href":"https:\/\/api.w.org\/{rel}","templated":true}]}}