{"id":54201,"date":"2024-09-02T10:42:22","date_gmt":"2024-09-02T15:12:22","guid":{"rendered":"https:\/\/www.elmundodelosnegocios.com.do\/v1\/?p=54201"},"modified":"2024-09-02T10:42:22","modified_gmt":"2024-09-02T15:12:22","slug":"esperan-compradores-de-32-paises-al-hub-camara-santo-domingo-2024","status":"publish","type":"post","link":"https:\/\/elmundodelosnegocios.com.do\/v1\/esperan-compradores-de-32-paises-al-hub-camara-santo-domingo-2024\/","title":{"rendered":"Esperan compradores de 32 pa\u00edses al HUB C\u00e1mara Santo Domingo 2024"},"content":{"rendered":"<p style=\"font-weight: 400;\">Santo Domingo, R.D. Septiembre 2, 2024. -En el marco de la exposici\u00f3n comercial multisectorial HUB C\u00e1mara Santo Domingo 2024, el Centro de Exportaci\u00f3n e Inversi\u00f3n de la Rep\u00fablica Dominicana (ProDominicana) ha confirmado la participaci\u00f3n de 140 compradores internacionales provenientes de diversas regiones del mundo.<\/p>\n<p style=\"font-weight: 400;\">Estos compradores estar\u00e1n en el pa\u00eds con el objetivo de establecer acuerdos comerciales y fomentar negocios con exportadores dominicanos, consolidando as\u00ed a HUB C\u00e1mara Santo Domingo como un evento clave para el impulso del comercio exterior en el pa\u00eds.<\/p>\n<p style=\"font-weight: 400;\">El HUB C\u00e1mara Santo Domingo 2024, evento organizado junto a la C\u00e1mara de Comercio y Producci\u00f3n de Santo Domingo, estar\u00e1 enfocado en\u00a0<strong>\u201cEl poder de la Inteligencia Artificial en los Negocios\u201d<\/strong>, ProDominicana ser\u00e1 la anfitriona de las Rondas de Negocios internacionales que tendr\u00e1n lugar el 4 de septiembre, desde las 9:00 a.m. hasta las 6:00 p.m.<\/p>\n<p style=\"font-weight: 400;\">En ese sentido, la directora ejecutiva de ProDominicana, Biviana Riveiro expres\u00f3 que a trav\u00e9s de estas reuniones se identificar\u00e1n la compatibilidad de un exportador dominicano con su contraparte internacional, para que puedan reunirse con el fin de cerrar negocios. \u201cSe espera celebrar alrededor de 1,300 reuniones entre compradores internacionales y exportadores nacionales con el prop\u00f3sito de establecer negocios positivos para ambas partes\u201d, puntualiz\u00f3.<\/p>\n<p style=\"font-weight: 400;\">Riveiro inform\u00f3 que en las rondas de negocios de ProDominicana, estar\u00e1n presentes compradores de 32 pa\u00edses, tales como, Estados Unidos nuestro principal socio comercial, Espa\u00f1a, Cuba, Trinidad y Tobago, Aruba, Curazao, Guyana, Bahamas, China, Puerto Rico, entre otros pa\u00edses.<\/p>\n<p style=\"font-weight: 400;\">Adem\u00e1s, contaremos con un espacio ferial dedicado a las MiPymes, donde se reunir\u00e1n m\u00e1s de 20 empresas exportadoras y con potencial exportador.\u00a0 Asimismo, ofrecer\u00e1 una plataforma \u00fanica para que estas empresas puedan exhibir sus productos y servicios, fomentar el intercambio comercial, y explorar nuevas oportunidades en mercados internacionales. Con esta iniciativa, ProDominicana reafirma su compromiso de impulsar el crecimiento y la competitividad de las MiPymes en el \u00e1mbito global.<\/p>\n<p style=\"font-weight: 400;\">Cabe destacar que los compradores internacionales tendr\u00e1n la oportunidad de conectar los sectores: Agro, Agroindustria, Industria, Construcci\u00f3n, Tecnolog\u00eda y Energ\u00eda. Entre los productos dominicanos m\u00e1s demandados figuran,\u00a0los Materiales de Construcci\u00f3n, Frutas y Vegetales, Cigarros, Caf\u00e9, Cosm\u00e9ticos, bebidas y preparaciones alimenticias, entre otros.<\/p>\n<p style=\"font-weight: 400;\">\u201cEste hito ha sido posible gracias al esfuerzo realizado por la gesti\u00f3n de ProDominicana a trav\u00e9s de la cual se han identificado compradores bajo un esquema de b\u00fasqueda de las regiones del Caribe, Am\u00e9rica, Europa, As\u00eda\u201d.<\/p>\n","protected":false},"excerpt":{"rendered":"<p>Santo Domingo, R.D. Septiembre 2, 2024. -En el marco de la exposici\u00f3n comercial multisectorial HUB C\u00e1mara Santo Domingo 2024, el Centro de Exportaci\u00f3n e Inversi\u00f3n de la Rep\u00fablica Dominicana (ProDominicana)&hellip; <\/p>\n","protected":false},"author":2,"featured_media":54202,"comment_status":"closed","ping_status":"closed","sticky":false,"template":"","format":"standard","meta":{"fifu_image_url":"","fifu_image_alt":"","footnotes":""},"categories":[74],"tags":[],"class_list":["post-54201","post","type-post","status-publish","format-standard","has-post-thumbnail","hentry","category-comercio-internacional"],"_links":{"self":[{"href":"https:\/\/elmundodelosnegocios.com.do\/v1\/wp-json\/wp\/v2\/posts\/54201","targetHints":{"allow":["GET"]}}],"collection":[{"href":"https:\/\/elmundodelosnegocios.com.do\/v1\/wp-json\/wp\/v2\/posts"}],"about":[{"href":"https:\/\/elmundodelosnegocios.com.do\/v1\/wp-json\/wp\/v2\/types\/post"}],"author":[{"embeddable":true,"href":"https:\/\/elmundodelosnegocios.com.do\/v1\/wp-json\/wp\/v2\/users\/2"}],"replies":[{"embeddable":true,"href":"https:\/\/elmundodelosnegocios.com.do\/v1\/wp-json\/wp\/v2\/comments?post=54201"}],"version-history":[{"count":1,"href":"https:\/\/elmundodelosnegocios.com.do\/v1\/wp-json\/wp\/v2\/posts\/54201\/revisions"}],"predecessor-version":[{"id":54203,"href":"https:\/\/elmundodelosnegocios.com.do\/v1\/wp-json\/wp\/v2\/posts\/54201\/revisions\/54203"}],"wp:featuredmedia":[{"embeddable":true,"href":"https:\/\/elmundodelosnegocios.com.do\/v1\/wp-json\/wp\/v2\/media\/54202"}],"wp:attachment":[{"href":"https:\/\/elmundodelosnegocios.com.do\/v1\/wp-json\/wp\/v2\/media?parent=54201"}],"wp:term":[{"taxonomy":"category","embeddable":true,"href":"https:\/\/elmundodelosnegocios.com.do\/v1\/wp-json\/wp\/v2\/categories?post=54201"},{"taxonomy":"post_tag","embeddable":true,"href":"https:\/\/elmundodelosnegocios.com.do\/v1\/wp-json\/wp\/v2\/tags?post=54201"}],"curies":[{"name":"wp","href":"https:\/\/api.w.org\/{rel}","templated":true}]}}