{"id":54237,"date":"2024-09-02T18:11:16","date_gmt":"2024-09-02T22:41:16","guid":{"rendered":"https:\/\/www.elmundodelosnegocios.com.do\/v1\/?p=54237"},"modified":"2024-09-02T18:11:16","modified_gmt":"2024-09-02T22:41:16","slug":"voluntariado-bancentraliano-organizo-su-tradicional-jornada-de-venta-de-utiles-escolares","status":"publish","type":"post","link":"https:\/\/elmundodelosnegocios.com.do\/v1\/voluntariado-bancentraliano-organizo-su-tradicional-jornada-de-venta-de-utiles-escolares\/","title":{"rendered":"Voluntariado Bancentraliano organiz\u00f3 su tradicional jornada de venta de \u00fatiles escolares"},"content":{"rendered":"<h3 class=\"artSubtitulo ng-scope\">Este a\u00f1o se registraron un total de 555 solicitudes del personal, para un volumen total suministrado de 28,000 unidades<\/h3>\n<p><span class=\"text-bolder-gb\">Santo Domingo. Rep\u00fablica Dominicana.<\/span>\u00a0El Voluntariado Bancentraliano (VB), brazo social del Banco Central de la Rep\u00fablica Dominicana (BCRD), celebr\u00f3 su tradicional jornada de venta de \u00fatiles escolares en beneficio del personal activo y pasivo de la instituci\u00f3n, permiti\u00e9ndoles adquirir materiales a bajo precio y con facilidades de pago.<\/p>\n<p><a href=\"http:\/\/elmundodelosnegocios.com.do\/v1\/wp-content\/uploads\/2024\/09\/00-4.jpg\"><img loading=\"lazy\" decoding=\"async\" class=\"aligncenter size-full wp-image-54238\" src=\"http:\/\/elmundodelosnegocios.com.do\/v1\/wp-content\/uploads\/2024\/09\/00-4.jpg\" alt=\"\" width=\"848\" height=\"410\" srcset=\"https:\/\/elmundodelosnegocios.com.do\/v1\/wp-content\/uploads\/2024\/09\/00-4.jpg 848w, https:\/\/elmundodelosnegocios.com.do\/v1\/wp-content\/uploads\/2024\/09\/00-4-300x145.jpg 300w, https:\/\/elmundodelosnegocios.com.do\/v1\/wp-content\/uploads\/2024\/09\/00-4-768x371.jpg 768w\" sizes=\"auto, (max-width: 848px) 100vw, 848px\" \/><\/a><\/p>\n<p>Para esta ocasi\u00f3n, el VB pudo disponer de art\u00edculos con precios entre en 20 % y hasta 200 % por debajo de los costos del mercado, lo que result\u00f3 en una ayuda econ\u00f3mica para los colaboradores que adquirieron los \u00fatiles en esta etapa escolar,\u00a0<span class=\"text-bolder-gb\">entre ellos cuadernos, l\u00e1pices de carb\u00f3n y color, sacapuntas, borras, estuches, resmas de papel y crayolas<\/span>. En esta jornada se registr\u00f3 un total de 555 solicitudes, para un volumen aproximado de 28,000 unidades de art\u00edculos escolares, reflejando un incremento en la demanda de aproximadamente un 10 % respecto a los a\u00f1os 2022 y 2023.<\/p>\n<p><a href=\"http:\/\/elmundodelosnegocios.com.do\/v1\/wp-content\/uploads\/2024\/09\/00a-3.jpg\"><img loading=\"lazy\" decoding=\"async\" class=\"aligncenter size-full wp-image-54240\" src=\"http:\/\/elmundodelosnegocios.com.do\/v1\/wp-content\/uploads\/2024\/09\/00a-3.jpg\" alt=\"\" width=\"848\" height=\"410\" srcset=\"https:\/\/elmundodelosnegocios.com.do\/v1\/wp-content\/uploads\/2024\/09\/00a-3.jpg 848w, https:\/\/elmundodelosnegocios.com.do\/v1\/wp-content\/uploads\/2024\/09\/00a-3-300x145.jpg 300w, https:\/\/elmundodelosnegocios.com.do\/v1\/wp-content\/uploads\/2024\/09\/00a-3-768x371.jpg 768w\" sizes=\"auto, (max-width: 848px) 100vw, 848px\" \/><\/a><\/p>\n<p>De igual forma y con la finalidad de continuar creando conciencia sobre la contaminaci\u00f3n ambiental y apoyar al cuidado de nuestro planeta, una vez m\u00e1s no se usaron fundas pl\u00e1sticas; observ\u00e1ndose el uso masivo de cajas de cart\u00f3n y fundas reusables tra\u00eddas por los empleados desde sus hogares, mostrando una actitud responsable con este importante compromiso de todos.<\/p>\n<p>La actividad sirvi\u00f3, como cada a\u00f1o, para apoyar a los empleados que adquieren grandes cantidades de art\u00edculos escolares con el prop\u00f3sito de donar y ayudar a familias de escasos recursos.<\/p>\n<p>La gesti\u00f3n de cotizaci\u00f3n y compra de los art\u00edculos cont\u00f3 con la asistencia del Departamento de Compras y Contrataciones del Banco Central, en tanto que en la log\u00edstica implementada se cont\u00f3 con un equipo de 12 voluntarios segregado por funciones (compra y recepci\u00f3n de mercanc\u00edas, facturaci\u00f3n y entrega de pedidos), los cuales fueron coordinados por Miosotis Collado, encargada de la Comisi\u00f3n de Educaci\u00f3n, y Yanery Mora, voluntaria.<\/p>\n","protected":false},"excerpt":{"rendered":"<p>Este a\u00f1o se registraron un total de 555 solicitudes del personal, para un volumen total suministrado de 28,000 unidades Santo Domingo. Rep\u00fablica Dominicana.\u00a0El Voluntariado Bancentraliano (VB), brazo social del Banco&hellip; <\/p>\n","protected":false},"author":2,"featured_media":54239,"comment_status":"closed","ping_status":"closed","sticky":false,"template":"","format":"standard","meta":{"fifu_image_url":"","fifu_image_alt":"","footnotes":""},"categories":[78],"tags":[],"class_list":["post-54237","post","type-post","status-publish","format-standard","has-post-thumbnail","hentry","category-con-responsabilidad"],"_links":{"self":[{"href":"https:\/\/elmundodelosnegocios.com.do\/v1\/wp-json\/wp\/v2\/posts\/54237","targetHints":{"allow":["GET"]}}],"collection":[{"href":"https:\/\/elmundodelosnegocios.com.do\/v1\/wp-json\/wp\/v2\/posts"}],"about":[{"href":"https:\/\/elmundodelosnegocios.com.do\/v1\/wp-json\/wp\/v2\/types\/post"}],"author":[{"embeddable":true,"href":"https:\/\/elmundodelosnegocios.com.do\/v1\/wp-json\/wp\/v2\/users\/2"}],"replies":[{"embeddable":true,"href":"https:\/\/elmundodelosnegocios.com.do\/v1\/wp-json\/wp\/v2\/comments?post=54237"}],"version-history":[{"count":1,"href":"https:\/\/elmundodelosnegocios.com.do\/v1\/wp-json\/wp\/v2\/posts\/54237\/revisions"}],"predecessor-version":[{"id":54241,"href":"https:\/\/elmundodelosnegocios.com.do\/v1\/wp-json\/wp\/v2\/posts\/54237\/revisions\/54241"}],"wp:featuredmedia":[{"embeddable":true,"href":"https:\/\/elmundodelosnegocios.com.do\/v1\/wp-json\/wp\/v2\/media\/54239"}],"wp:attachment":[{"href":"https:\/\/elmundodelosnegocios.com.do\/v1\/wp-json\/wp\/v2\/media?parent=54237"}],"wp:term":[{"taxonomy":"category","embeddable":true,"href":"https:\/\/elmundodelosnegocios.com.do\/v1\/wp-json\/wp\/v2\/categories?post=54237"},{"taxonomy":"post_tag","embeddable":true,"href":"https:\/\/elmundodelosnegocios.com.do\/v1\/wp-json\/wp\/v2\/tags?post=54237"}],"curies":[{"name":"wp","href":"https:\/\/api.w.org\/{rel}","templated":true}]}}