{"id":54527,"date":"2024-09-25T08:52:40","date_gmt":"2024-09-25T13:22:40","guid":{"rendered":"https:\/\/www.elmundodelosnegocios.com.do\/v1\/?p=54527"},"modified":"2024-09-25T08:52:40","modified_gmt":"2024-09-25T13:22:40","slug":"rd-va-a-codirigir-junto-con-belgica-la-lucha-contra-la-droga-sintetica-en-el-caribe-y-europa","status":"publish","type":"post","link":"https:\/\/elmundodelosnegocios.com.do\/v1\/rd-va-a-codirigir-junto-con-belgica-la-lucha-contra-la-droga-sintetica-en-el-caribe-y-europa\/","title":{"rendered":"RD va a codirigir, junto con B\u00e9lgica, la lucha contra la droga sint\u00e9tica en el Caribe y Europa"},"content":{"rendered":"<p>Nueva York.-\u00a0<span class=\"s2\"><strong>La Rep\u00fablica Dominicana y B\u00e9lgica<\/strong><\/span>\u00a0fueron escogidas para encabezar la\u00a0<span class=\"s2\"><strong>lucha contra la droga sint\u00e9tica en el Caribe y Europa,<\/strong><\/span>\u00a0en el marco de la\u00a0<span class=\"s2\"><strong>Cumbre de L\u00edderes de la Coalici\u00f3n Mundial<\/strong><\/span>\u00a0para hacer frente a la\u00a0<span class=\"s2\"><strong>Amenaza de las Drogas Sint\u00e9ticas.<\/strong><\/span><\/p>\n<p><img loading=\"lazy\" decoding=\"async\" class=\"aligncenter size-full\" src=\"https:\/\/presidencia.gob.do\/sites\/default\/files\/styles\/large\/public\/news\/2024-09\/WhatsApp%20Image%202024-09-24%20at%2019.58.35.jpeg?itok=GZD4eOXU\" width=\"1300\" height=\"731\" \/><\/p>\n<p>Esta cumbre fue encabezada por el\u00a0<span class=\"s2\"><strong>presidente norteamericano,Joe Biden<\/strong><\/span>; el secretario de Estado,\u00a0<span class=\"s2\"><strong>Antony Blinken<\/strong><\/span>, y alrededor de\u00a0<span class=\"s2\"><strong>25 jefes de Estado y de Gobierno.<\/strong><\/span><\/p>\n<p>La escogencia de la Rep\u00fablica Dominicana para encabezar la\u00a0<span class=\"s2\"><strong>lucha contra el fentanilo<\/strong><\/span>\u00a0en la regi\u00f3n del Caribe obedece al\u00a0<span class=\"s2\"><strong>exitoso combate<\/strong><\/span>\u00a0que ha llevado a cabo el\u00a0<span class=\"s2\"><strong>gobierno del presidente Abinader<\/strong><\/span>\u00a0con las drogas.<\/p>\n<p>El en el c\u00f3nclave se le pidi\u00f3, tanto a Rep\u00fablica Dominicana, como a B\u00e9lgica, compartir a nivel global, su\u00a0<span class=\"s2\"><strong>experiencia en la lucha contra el narcotr\u00e1fico<\/strong><\/span>.<\/p>\n<p><span class=\"s2\"><strong>El presidente Abinader y el primer ministro belga, Alexander de Croo,\u00a0<\/strong><\/span>estuvieron en primera fila de esta reuni\u00f3n, junto con el presidente Biden y la\u00a0<span class=\"s2\"><strong>primera ministra de Italia, Giorgia Meloni.<\/strong><\/span><\/p>\n","protected":false},"excerpt":{"rendered":"<p>Nueva York.-\u00a0La Rep\u00fablica Dominicana y B\u00e9lgica\u00a0fueron escogidas para encabezar la\u00a0lucha contra la droga sint\u00e9tica en el Caribe y Europa,\u00a0en el marco de la\u00a0Cumbre de L\u00edderes de la Coalici\u00f3n Mundial\u00a0para hacer&hellip; <\/p>\n","protected":false},"author":2,"featured_media":54528,"comment_status":"closed","ping_status":"closed","sticky":false,"template":"","format":"standard","meta":{"fifu_image_url":"https:\/\/presidencia.gob.do\/sites\/default\/files\/styles\/large\/public\/news\/2024-09\/WhatsApp%20Image%202024-09-24%20at%2019.58.35.jpeg?itok=GZD4eOXU","fifu_image_alt":"","footnotes":""},"categories":[254],"tags":[],"class_list":["post-54527","post","type-post","status-publish","format-standard","has-post-thumbnail","hentry","category-relaciones-internacionales"],"_links":{"self":[{"href":"https:\/\/elmundodelosnegocios.com.do\/v1\/wp-json\/wp\/v2\/posts\/54527","targetHints":{"allow":["GET"]}}],"collection":[{"href":"https:\/\/elmundodelosnegocios.com.do\/v1\/wp-json\/wp\/v2\/posts"}],"about":[{"href":"https:\/\/elmundodelosnegocios.com.do\/v1\/wp-json\/wp\/v2\/types\/post"}],"author":[{"embeddable":true,"href":"https:\/\/elmundodelosnegocios.com.do\/v1\/wp-json\/wp\/v2\/users\/2"}],"replies":[{"embeddable":true,"href":"https:\/\/elmundodelosnegocios.com.do\/v1\/wp-json\/wp\/v2\/comments?post=54527"}],"version-history":[{"count":1,"href":"https:\/\/elmundodelosnegocios.com.do\/v1\/wp-json\/wp\/v2\/posts\/54527\/revisions"}],"predecessor-version":[{"id":54529,"href":"https:\/\/elmundodelosnegocios.com.do\/v1\/wp-json\/wp\/v2\/posts\/54527\/revisions\/54529"}],"wp:featuredmedia":[{"embeddable":true,"href":"https:\/\/elmundodelosnegocios.com.do\/v1\/wp-json\/wp\/v2\/media\/54528"}],"wp:attachment":[{"href":"https:\/\/elmundodelosnegocios.com.do\/v1\/wp-json\/wp\/v2\/media?parent=54527"}],"wp:term":[{"taxonomy":"category","embeddable":true,"href":"https:\/\/elmundodelosnegocios.com.do\/v1\/wp-json\/wp\/v2\/categories?post=54527"},{"taxonomy":"post_tag","embeddable":true,"href":"https:\/\/elmundodelosnegocios.com.do\/v1\/wp-json\/wp\/v2\/tags?post=54527"}],"curies":[{"name":"wp","href":"https:\/\/api.w.org\/{rel}","templated":true}]}}