{"id":54716,"date":"2024-10-10T11:35:41","date_gmt":"2024-10-10T16:05:41","guid":{"rendered":"https:\/\/www.elmundodelosnegocios.com.do\/v1\/?p=54716"},"modified":"2024-10-10T11:35:41","modified_gmt":"2024-10-10T16:05:41","slug":"plantea-canciller-alvarez-en-reunion-cepal-acciones-enfrentar-retos-economicos-region","status":"publish","type":"post","link":"https:\/\/elmundodelosnegocios.com.do\/v1\/plantea-canciller-alvarez-en-reunion-cepal-acciones-enfrentar-retos-economicos-region\/","title":{"rendered":"Plantea canciller \u00c1lvarez en reuni\u00f3n CEPAL acciones enfrentar retos econ\u00f3micos regi\u00f3n"},"content":{"rendered":"<p><span style=\"font-weight: 400;\">Lima, Per\u00fa.- El canciller Roberto \u00c1lvarez present\u00f3 una serie de acciones para transformar la arquitectura internacional regional y ponerla a tono con la realidad de los desaf\u00edos actuales que enfrentan Am\u00e9rica Latina y el Caribe.\u00a0<\/span><\/p>\n<p><span style=\"font-weight: 400;\">El ministro de Relaciones Exteriores dominicano hizo estos planteamientos durante su intervenci\u00f3n en el Di\u00e1logo de cancilleres y altas autoridades de Am\u00e9rica Latina y el Caribe: Seguimiento de los resultados de la Cumbre del Futuro y desaf\u00edos para la regi\u00f3n de cara a la Segunda Cumbre Mundial sobre Desarrollo Social y la Cuarta Conferencia Internacional sobre la Financiaci\u00f3n para el Desarrollo, realizado en el Cuadrag\u00e9simo Per\u00edodo de Sesiones de la Comisi\u00f3n Econ\u00f3mica para Am\u00e9rica Latina y el Caribe (CEPAL), que se desarrolla en Lima, Per\u00fa.<\/span><\/p>\n<p><a href=\"http:\/\/elmundodelosnegocios.com.do\/v1\/wp-content\/uploads\/2024\/10\/2-1.jpeg\"><img loading=\"lazy\" decoding=\"async\" class=\"aligncenter size-full wp-image-54717\" src=\"http:\/\/elmundodelosnegocios.com.do\/v1\/wp-content\/uploads\/2024\/10\/2-1.jpeg\" alt=\"\" width=\"1600\" height=\"900\" srcset=\"https:\/\/elmundodelosnegocios.com.do\/v1\/wp-content\/uploads\/2024\/10\/2-1.jpeg 1600w, https:\/\/elmundodelosnegocios.com.do\/v1\/wp-content\/uploads\/2024\/10\/2-1-300x169.jpeg 300w, https:\/\/elmundodelosnegocios.com.do\/v1\/wp-content\/uploads\/2024\/10\/2-1-1024x576.jpeg 1024w, https:\/\/elmundodelosnegocios.com.do\/v1\/wp-content\/uploads\/2024\/10\/2-1-768x432.jpeg 768w, https:\/\/elmundodelosnegocios.com.do\/v1\/wp-content\/uploads\/2024\/10\/2-1-1536x864.jpeg 1536w\" sizes=\"auto, (max-width: 1600px) 100vw, 1600px\" \/><\/a><\/p>\n<p><span style=\"font-weight: 400;\">La primera l\u00ednea de acci\u00f3n recomendada por el canciller \u00c1lvarez, se refiere a Am\u00e9rica Latina y el Caribe como zona de paz. \u201cAnte el contexto geopol\u00edtico internacional actual, el primer imperativo que tenemos es el de reafirmar que Am\u00e9rica Latina y el Caribe es una regi\u00f3n con una arraigada tradici\u00f3n de paz, la cual es fundamental para lograr tanto el desarrollo social como el econ\u00f3mico\u201d, agreg\u00f3.<\/span><\/p>\n<p><span style=\"font-weight: 400;\">La segunda propuesta del ministro de Relaciones Exteriores fue asegurar a largo plazo el financiamiento para el desarrollo en condiciones m\u00e1s favorables, permitiendo abordar adecuadamente los temas de la agenda global ya que, sin fondos suficientes y accesibles, con tasas de inter\u00e9s manejables, ser\u00eda imposible alcanzar los Objetivos de Desarrollo Sostenible (ODS).<\/span><\/p>\n<p><a href=\"http:\/\/elmundodelosnegocios.com.do\/v1\/wp-content\/uploads\/2024\/10\/1-1.jpeg\"><img loading=\"lazy\" decoding=\"async\" class=\"aligncenter size-full wp-image-54718\" src=\"http:\/\/elmundodelosnegocios.com.do\/v1\/wp-content\/uploads\/2024\/10\/1-1.jpeg\" alt=\"\" width=\"1600\" height=\"900\" srcset=\"https:\/\/elmundodelosnegocios.com.do\/v1\/wp-content\/uploads\/2024\/10\/1-1.jpeg 1600w, https:\/\/elmundodelosnegocios.com.do\/v1\/wp-content\/uploads\/2024\/10\/1-1-300x169.jpeg 300w, https:\/\/elmundodelosnegocios.com.do\/v1\/wp-content\/uploads\/2024\/10\/1-1-1024x576.jpeg 1024w, https:\/\/elmundodelosnegocios.com.do\/v1\/wp-content\/uploads\/2024\/10\/1-1-768x432.jpeg 768w, https:\/\/elmundodelosnegocios.com.do\/v1\/wp-content\/uploads\/2024\/10\/1-1-1536x864.jpeg 1536w\" sizes=\"auto, (max-width: 1600px) 100vw, 1600px\" \/><\/a><\/p>\n<p><span style=\"font-weight: 400;\">\u201cNo hablamos de cooperaci\u00f3n oficial al desarrollo, sino de condiciones que permitan acceder a fondos l\u00edquidos para proyectos de desarrollo, sin comprometer la sostenibilidad financiera del Estado. Tanto los financiadores como los organismos financieros multilaterales deben reorientar su enfoque de forma que se permita acelerar en la consecuci\u00f3n de los ODS\u201d, resalt\u00f3 \u00c1lvarez.\u00a0<\/span><\/p>\n<p><span style=\"font-weight: 400;\">Por \u00faltimo, el canciller dominicano destac\u00f3 que la integraci\u00f3n comercial regional es una herramienta eficaz para alcanzar los ODS. Afirm\u00f3 que Am\u00e9rica Latina y el Caribe cuentan con abundantes recursos naturales y minerales que, lamentablemente, est\u00e1n subutilizados.\u00a0<\/span><\/p>\n<p><span style=\"font-weight: 400;\">Detall\u00f3 que la falta de interconexi\u00f3n en la propia regi\u00f3n impide que el comercio latinoamericano y caribe\u00f1o se beneficie de un mayor valor agregado regional. Es decir, \u201cno aprovechamos la capacidad de encadenar adecuadamente los diversos bloques. Nuestras cadenas de valor presentan un muy bajo aporte de los insumos de toda la regi\u00f3n. Es urgente impulsar un bloque comercial m\u00e1s integrado y eficaz que englobe toda la regi\u00f3n\u201d, puntualiz\u00f3.<\/span><\/p>\n<p><span style=\"font-weight: 400;\">Al finalizar su discurso, el canciller Roberto \u00c1lvarez propuso a Rep\u00fablica Dominicana como sede del 41\u00ba per\u00edodo de sesiones de la CEPAL a celebrarse en el a\u00f1o 2026. De inmediato, el canciller del Per\u00fa, Elmer Schialer, afirm\u00f3 que esta propuesta ser\u00e1 evaluada adecuadamente.<\/span><\/p>\n<p><span style=\"font-weight: 400;\">En este viaje el ministro de Relaciones Exteriores dominicano est\u00e1 acompa\u00f1ado del ministro de Econom\u00eda, Planificaci\u00f3n y Desarrollo, P\u00e1vel Isa; el viceministro para Asuntos Econ\u00f3micos y Cooperaci\u00f3n Internacional del MIREX, Hugo Fco. Rivera; el viceministro del MEPyD, Jefrey Lizardo, el embajador dominicano en el Per\u00fa, Cesar Florentino De Jes\u00fas Herrera; y\u00a0 la directora de la Oficina Nacional de Estad\u00edstica, Miosotis Rivas.\u00a0<\/span><\/p>\n","protected":false},"excerpt":{"rendered":"<p>Lima, Per\u00fa.- El canciller Roberto \u00c1lvarez present\u00f3 una serie de acciones para transformar la arquitectura internacional regional y ponerla a tono con la realidad de los desaf\u00edos actuales que enfrentan&hellip; <\/p>\n","protected":false},"author":2,"featured_media":54717,"comment_status":"closed","ping_status":"closed","sticky":false,"template":"","format":"standard","meta":{"fifu_image_url":"","fifu_image_alt":"","footnotes":""},"categories":[62],"tags":[],"class_list":["post-54716","post","type-post","status-publish","format-standard","has-post-thumbnail","hentry","category-economia"],"_links":{"self":[{"href":"https:\/\/elmundodelosnegocios.com.do\/v1\/wp-json\/wp\/v2\/posts\/54716","targetHints":{"allow":["GET"]}}],"collection":[{"href":"https:\/\/elmundodelosnegocios.com.do\/v1\/wp-json\/wp\/v2\/posts"}],"about":[{"href":"https:\/\/elmundodelosnegocios.com.do\/v1\/wp-json\/wp\/v2\/types\/post"}],"author":[{"embeddable":true,"href":"https:\/\/elmundodelosnegocios.com.do\/v1\/wp-json\/wp\/v2\/users\/2"}],"replies":[{"embeddable":true,"href":"https:\/\/elmundodelosnegocios.com.do\/v1\/wp-json\/wp\/v2\/comments?post=54716"}],"version-history":[{"count":1,"href":"https:\/\/elmundodelosnegocios.com.do\/v1\/wp-json\/wp\/v2\/posts\/54716\/revisions"}],"predecessor-version":[{"id":54719,"href":"https:\/\/elmundodelosnegocios.com.do\/v1\/wp-json\/wp\/v2\/posts\/54716\/revisions\/54719"}],"wp:featuredmedia":[{"embeddable":true,"href":"https:\/\/elmundodelosnegocios.com.do\/v1\/wp-json\/wp\/v2\/media\/54717"}],"wp:attachment":[{"href":"https:\/\/elmundodelosnegocios.com.do\/v1\/wp-json\/wp\/v2\/media?parent=54716"}],"wp:term":[{"taxonomy":"category","embeddable":true,"href":"https:\/\/elmundodelosnegocios.com.do\/v1\/wp-json\/wp\/v2\/categories?post=54716"},{"taxonomy":"post_tag","embeddable":true,"href":"https:\/\/elmundodelosnegocios.com.do\/v1\/wp-json\/wp\/v2\/tags?post=54716"}],"curies":[{"name":"wp","href":"https:\/\/api.w.org\/{rel}","templated":true}]}}