{"id":54817,"date":"2024-10-13T22:44:42","date_gmt":"2024-10-14T03:14:42","guid":{"rendered":"https:\/\/www.elmundodelosnegocios.com.do\/v1\/?p=54817"},"modified":"2024-10-13T22:58:15","modified_gmt":"2024-10-14T03:28:15","slug":"cierra-expomovil-banreservas-con-record-financiamientos-mas-rd7800-millones","status":"publish","type":"post","link":"https:\/\/elmundodelosnegocios.com.do\/v1\/cierra-expomovil-banreservas-con-record-financiamientos-mas-rd7800-millones\/","title":{"rendered":"Cierra Expom\u00f3vil Banreservas con r\u00e9cord financiamientos m\u00e1s RD$7,800 millones"},"content":{"rendered":"<p><i><span style=\"font-weight: 400;\">Pereyra afirma que el \u00e9xito de la feria automovil\u00edstica es producto de la confianza <\/span><\/i><span style=\"font-weight: 400;\">del mercado en la pol\u00edtica econ\u00f3mica que encabeza el presidente Luis Abinader.<\/span><\/p>\n<p><span style=\"font-weight: 400;\">Expom\u00f3vil Banreservas 2024 super\u00f3 este a\u00f1o todos sus r\u00e9cords de financiamientos, solicitudes y entrega de veh\u00edculos, por un monto superior a los RR$7,800 millones de cr\u00e9ditos aprobados, mientras que las solicitudes sumaban m\u00e1s de RD$23,000 millones.<\/span><\/p>\n<p><a href=\"http:\/\/elmundodelosnegocios.com.do\/v1\/wp-content\/uploads\/2024\/10\/00A-1-2.jpg\"><img loading=\"lazy\" decoding=\"async\" class=\"aligncenter size-full wp-image-54818\" src=\"http:\/\/elmundodelosnegocios.com.do\/v1\/wp-content\/uploads\/2024\/10\/00A-1-2.jpg\" alt=\"\" width=\"1280\" height=\"852\" srcset=\"https:\/\/elmundodelosnegocios.com.do\/v1\/wp-content\/uploads\/2024\/10\/00A-1-2.jpg 1280w, https:\/\/elmundodelosnegocios.com.do\/v1\/wp-content\/uploads\/2024\/10\/00A-1-2-300x200.jpg 300w, https:\/\/elmundodelosnegocios.com.do\/v1\/wp-content\/uploads\/2024\/10\/00A-1-2-1024x682.jpg 1024w, https:\/\/elmundodelosnegocios.com.do\/v1\/wp-content\/uploads\/2024\/10\/00A-1-2-768x511.jpg 768w\" sizes=\"auto, (max-width: 1280px) 100vw, 1280px\" \/><\/a><\/p>\n<p><span style=\"font-weight: 400;\">Los datos preliminares al cierre de la feria automovil\u00edstica indican que las unidades adquiridas de diferentes marcas y categor\u00edas sumaban un total de unas 11,000, con un incremento en la demanda de veh\u00edculos el\u00e9ctricos e h\u00edbridos (144 unidades); y comerciales otras 1,377, equivalente a RD$3,218 millones.<\/span><\/p>\n<p><a href=\"http:\/\/elmundodelosnegocios.com.do\/v1\/wp-content\/uploads\/2024\/10\/00A-2-1.jpg\"><img loading=\"lazy\" decoding=\"async\" class=\"aligncenter size-full wp-image-54819\" src=\"http:\/\/elmundodelosnegocios.com.do\/v1\/wp-content\/uploads\/2024\/10\/00A-2-1.jpg\" alt=\"\" width=\"900\" height=\"599\" srcset=\"https:\/\/elmundodelosnegocios.com.do\/v1\/wp-content\/uploads\/2024\/10\/00A-2-1.jpg 900w, https:\/\/elmundodelosnegocios.com.do\/v1\/wp-content\/uploads\/2024\/10\/00A-2-1-300x200.jpg 300w, https:\/\/elmundodelosnegocios.com.do\/v1\/wp-content\/uploads\/2024\/10\/00A-2-1-768x511.jpg 768w\" sizes=\"auto, (max-width: 900px) 100vw, 900px\" \/><\/a><\/p>\n<p><span style=\"font-weight: 400;\">Samuel Pereyra, presidente ejecutivo de la instituci\u00f3n financiera, afirm\u00f3 que el gran movimiento generado por esta feria contribuye a dinamizar la econom\u00eda del pa\u00eds, porque incide en todos los segmentos de consumo, adem\u00e1s de facilitar al comercio y la industria renovar su parque vehicular.<\/span><\/p>\n<p><a href=\"http:\/\/elmundodelosnegocios.com.do\/v1\/wp-content\/uploads\/2024\/10\/00A-3-1.jpg\"><img loading=\"lazy\" decoding=\"async\" class=\"aligncenter size-full wp-image-54820\" src=\"http:\/\/elmundodelosnegocios.com.do\/v1\/wp-content\/uploads\/2024\/10\/00A-3-1.jpg\" alt=\"\" width=\"900\" height=\"599\" srcset=\"https:\/\/elmundodelosnegocios.com.do\/v1\/wp-content\/uploads\/2024\/10\/00A-3-1.jpg 900w, https:\/\/elmundodelosnegocios.com.do\/v1\/wp-content\/uploads\/2024\/10\/00A-3-1-300x200.jpg 300w, https:\/\/elmundodelosnegocios.com.do\/v1\/wp-content\/uploads\/2024\/10\/00A-3-1-768x511.jpg 768w\" sizes=\"auto, (max-width: 900px) 100vw, 900px\" \/><\/a><\/p>\n<p><span style=\"font-weight: 400;\">\u201cLa demanda de financiamiento que hemos recibido ha superado todas nuestras estimaciones, seg\u00fan las cifras reportadas desde nuestras oficinas y las unidades de negocios instaladas en los concesionarios y dealers, donde se celebr\u00f3 la feria de manera simult\u00e1nea\u201d, expres\u00f3.<\/span><\/p>\n<p><span style=\"font-weight: 400;\">Agreg\u00f3 que ese dinamismo tambi\u00e9n es producto de la confianza del mercado en la pol\u00edtica econ\u00f3mica que se aplica en la Rep\u00fablica Dominicana, encabezada por el presidente Luis Abinader.<\/span><\/p>\n<p><span style=\"font-weight: 400;\">Pereyra dijo que durante los cuatro d\u00edas que dur\u00f3 la feria, el equipo de negocios y \u00e9l personalmente estuvieron en contacto con ejecutivos de las casas importadoras y distribuidores de veh\u00edculos de las distintas marcas, quienes les manifestaron que las bajas tasas y las facilidades ofertadas han sido sin duda un gran est\u00edmulo para mover el parque vehicular a nivel nacional.<\/span><\/p>\n<p><span style=\"font-weight: 400;\">\u201cNo hay ninguna duda que cada a\u00f1o, y en esta ocasi\u00f3n en particular, Expom\u00f3vil Banreservas ha generado una inusitada expectativa entre adquirientes y distribuidores del mercado automotriz, adem\u00e1s de que es una oportunidad para que el pa\u00eds vaya renovando paulatinamente su parque vehicular, hacia un modelo m\u00e1s sostenible y amigable con el medioambiente\u201d, manifest\u00f3 el presidente ejecutivo de Banreservas.<\/span><\/p>\n<p><b>Beneficios y tasas<\/b><\/p>\n<p><span style=\"font-weight: 400;\">Este a\u00f1o las tasas de financiamiento en la Expom\u00f3vil, que se mantuvo abierta desde el jueves 10 hasta la anoche del domingo, comenzaban en 5.83% para veh\u00edculos el\u00e9ctricos e h\u00edbridos, y financiamientos de hasta el 90% del valor de los veh\u00edculos, con la posibilidad de empezar a pagar en febrero de 2025.<\/span><\/p>\n<p><span style=\"font-weight: 400;\">Para veh\u00edculos el\u00e9ctricos e h\u00edbridos se ofertaron tasas de 5.83% a seis meses, 8.83% a un a\u00f1o, 10.83% a tres a\u00f1os, y 13.83% a cinco a\u00f1os.\u00a0<\/span><\/p>\n<p><span style=\"font-weight: 400;\">En tanto, las unidades nuevas para uso personal las tasas eran de 7.83% a seis meses; 9.83% a un a\u00f1o; 12.83% a tres a\u00f1os; y 13.83% a cinco a\u00f1os. Para los veh\u00edculos usados, estaban fijas en 13.83% a un a\u00f1o; y 14.83% a dos a\u00f1os. El plazo para este tipo de pr\u00e9stamos es de hasta 7 a\u00f1os.\u00a0\u00a0<\/span><\/p>\n<p><span style=\"font-weight: 400;\">Mientras que los veh\u00edculos comerciales ten\u00edan tasas de 11.83% a un a\u00f1o; y 12.83% a dos a\u00f1os, y un plazo de hasta 5 a\u00f1os. Al igual que los dem\u00e1s financiamientos, los adquirientes disponen de una p\u00f3liza de veh\u00edculo durante la vida del pr\u00e9stamo, as\u00ed como otros amplios Beneficios.<\/span><\/p>\n<p><b>Dealers y concesionarios<\/b><\/p>\n<p><span style=\"font-weight: 400;\">Clientes, concesionarios y dealers consultados expresaron su satisfacci\u00f3n con las tasas, facilidades y agilidad en el proceso de aprobaci\u00f3n de los cr\u00e9ditos. As\u00ed lo manifestaron Radelkys Tejada, quien\u00a0 adquiri\u00f3 una Nissan Frontier en Santo Domingo Motors; mientras que Mar\u00eda Alejandra Urdaneta, gerente de ventas de ese concesionario, dijo que las expectativas de las ventas se mantuvieron bastante altas durante toda la feria: \u201cHemos tenido muchos casos sometidos en el Banco, esperando ya la parte de los cierres, aprobaciones y dem\u00e1s. Los clientes estuvieron muy, muy complacidos con las tasas que ofrecieron\u201d.<\/span><\/p>\n<p><span style=\"font-weight: 400;\">Alejandro Rodr\u00edguez, vicepresidente ejecutivo de Autobrit\u00e1nica, calific\u00f3 como excelentes los resultados de la Expom\u00f3vil.\u00a0 \u201cHemos recibido un gran apoyo del grupo Banreservas, con gente del banco aqu\u00ed fija, ayud\u00e1ndonos con los clientes y con los pr\u00e9stamos. Realmente nosotros ten\u00edamos muchos clientes que estaban ansiosos esperando la feria; y la tasa, que ha sido bastante agresiva, nos ha ayudado mucho en cruzar las ventas en este mes de octubre\u201d, subray\u00f3.<\/span><\/p>\n<p><span style=\"font-weight: 400;\">Similares testimonios se recibieron de otras empresas distribuidoras en el Gran Santo Domingo y en las provincias sobre la demanda y el volumen de aprobaciones de cr\u00e9ditos para veh\u00edculos de las diversas marcas y categor\u00edas de uso, ya sea personal o comercial.<\/span><\/p>\n","protected":false},"excerpt":{"rendered":"<p>Pereyra afirma que el \u00e9xito de la feria automovil\u00edstica es producto de la confianza del mercado en la pol\u00edtica econ\u00f3mica que encabeza el presidente Luis Abinader. Expom\u00f3vil Banreservas 2024 super\u00f3&hellip; <\/p>\n","protected":false},"author":2,"featured_media":54818,"comment_status":"closed","ping_status":"closed","sticky":false,"template":"","format":"standard","meta":{"fifu_image_url":"","fifu_image_alt":"","footnotes":""},"categories":[157],"tags":[],"class_list":["post-54817","post","type-post","status-publish","format-standard","has-post-thumbnail","hentry","category-marketing"],"_links":{"self":[{"href":"https:\/\/elmundodelosnegocios.com.do\/v1\/wp-json\/wp\/v2\/posts\/54817","targetHints":{"allow":["GET"]}}],"collection":[{"href":"https:\/\/elmundodelosnegocios.com.do\/v1\/wp-json\/wp\/v2\/posts"}],"about":[{"href":"https:\/\/elmundodelosnegocios.com.do\/v1\/wp-json\/wp\/v2\/types\/post"}],"author":[{"embeddable":true,"href":"https:\/\/elmundodelosnegocios.com.do\/v1\/wp-json\/wp\/v2\/users\/2"}],"replies":[{"embeddable":true,"href":"https:\/\/elmundodelosnegocios.com.do\/v1\/wp-json\/wp\/v2\/comments?post=54817"}],"version-history":[{"count":1,"href":"https:\/\/elmundodelosnegocios.com.do\/v1\/wp-json\/wp\/v2\/posts\/54817\/revisions"}],"predecessor-version":[{"id":54821,"href":"https:\/\/elmundodelosnegocios.com.do\/v1\/wp-json\/wp\/v2\/posts\/54817\/revisions\/54821"}],"wp:featuredmedia":[{"embeddable":true,"href":"https:\/\/elmundodelosnegocios.com.do\/v1\/wp-json\/wp\/v2\/media\/54818"}],"wp:attachment":[{"href":"https:\/\/elmundodelosnegocios.com.do\/v1\/wp-json\/wp\/v2\/media?parent=54817"}],"wp:term":[{"taxonomy":"category","embeddable":true,"href":"https:\/\/elmundodelosnegocios.com.do\/v1\/wp-json\/wp\/v2\/categories?post=54817"},{"taxonomy":"post_tag","embeddable":true,"href":"https:\/\/elmundodelosnegocios.com.do\/v1\/wp-json\/wp\/v2\/tags?post=54817"}],"curies":[{"name":"wp","href":"https:\/\/api.w.org\/{rel}","templated":true}]}}