{"id":55111,"date":"2024-10-25T12:22:12","date_gmt":"2024-10-25T16:52:12","guid":{"rendered":"https:\/\/www.elmundodelosnegocios.com.do\/v1\/?p=55111"},"modified":"2024-10-25T12:22:12","modified_gmt":"2024-10-25T16:52:12","slug":"reconocen-metaldom-como-el-gran-exportador","status":"publish","type":"post","link":"https:\/\/elmundodelosnegocios.com.do\/v1\/reconocen-metaldom-como-el-gran-exportador\/","title":{"rendered":"Reconocen Metaldom como el Gran Exportador"},"content":{"rendered":"<div><b>Santo Domingo, R.D. <\/b>octubre 2024.-\u00a0Metaldom, una empresa l\u00edder en el sector sider\u00fargico en el pa\u00eds, fue reconocida por la Asociaci\u00f3n Dominicana de Exportadores (Adoexpo) en la trig\u00e9sima octava edici\u00f3n de su prestigioso \u201cPremio a la Excelencia Exportadora\u201d.<\/div>\n<div><a href=\"http:\/\/elmundodelosnegocios.com.do\/v1\/wp-content\/uploads\/2024\/10\/Foto-1-Fernando-De-La-Vega-recibe-el-premio.jpg\"><img loading=\"lazy\" decoding=\"async\" class=\"aligncenter size-full wp-image-55112\" src=\"http:\/\/elmundodelosnegocios.com.do\/v1\/wp-content\/uploads\/2024\/10\/Foto-1-Fernando-De-La-Vega-recibe-el-premio.jpg\" alt=\"\" width=\"900\" height=\"600\" srcset=\"https:\/\/elmundodelosnegocios.com.do\/v1\/wp-content\/uploads\/2024\/10\/Foto-1-Fernando-De-La-Vega-recibe-el-premio.jpg 900w, https:\/\/elmundodelosnegocios.com.do\/v1\/wp-content\/uploads\/2024\/10\/Foto-1-Fernando-De-La-Vega-recibe-el-premio-300x200.jpg 300w, https:\/\/elmundodelosnegocios.com.do\/v1\/wp-content\/uploads\/2024\/10\/Foto-1-Fernando-De-La-Vega-recibe-el-premio-768x512.jpg 768w\" sizes=\"auto, (max-width: 900px) 100vw, 900px\" \/><\/a><\/div>\n<div><\/div>\n<div>Este evento, efectuado en el hotel Jaragua, destaca a Metaldom como \u00abGran Exportador\u00bb, el m\u00e1ximo galard\u00f3n otorgado, que subraya su destacada trayectoria en el sector de las exportaciones y su contribuci\u00f3n al desarrollo econ\u00f3mico del pa\u00eds.<\/div>\n<div><a href=\"http:\/\/elmundodelosnegocios.com.do\/v1\/wp-content\/uploads\/2024\/10\/Foto-2-Fernando-De-La-Vega-se-dirige-a-los-presentes.jpg\"><img loading=\"lazy\" decoding=\"async\" class=\"aligncenter size-full wp-image-55113\" src=\"http:\/\/elmundodelosnegocios.com.do\/v1\/wp-content\/uploads\/2024\/10\/Foto-2-Fernando-De-La-Vega-se-dirige-a-los-presentes.jpg\" alt=\"\" width=\"900\" height=\"600\" srcset=\"https:\/\/elmundodelosnegocios.com.do\/v1\/wp-content\/uploads\/2024\/10\/Foto-2-Fernando-De-La-Vega-se-dirige-a-los-presentes.jpg 900w, https:\/\/elmundodelosnegocios.com.do\/v1\/wp-content\/uploads\/2024\/10\/Foto-2-Fernando-De-La-Vega-se-dirige-a-los-presentes-300x200.jpg 300w, https:\/\/elmundodelosnegocios.com.do\/v1\/wp-content\/uploads\/2024\/10\/Foto-2-Fernando-De-La-Vega-se-dirige-a-los-presentes-768x512.jpg 768w\" sizes=\"auto, (max-width: 900px) 100vw, 900px\" \/><\/a><\/div>\n<div>Este reconocimiento resalta la importancia de las empresas que llevan el sello de calidad nacional al mercado global, que desempe\u00f1an un papel fundamental en la promoci\u00f3n de la Rep\u00fablica Dominicana como un pa\u00eds con productos y servicios que se valoran en el \u00e1mbito internacional, actuando como motores de desarrollo econ\u00f3mico y avance social.<\/div>\n<div><a href=\"http:\/\/elmundodelosnegocios.com.do\/v1\/wp-content\/uploads\/2024\/10\/Foto-3-Fernando-De-La-Vega-junto-directivos-de-Adoexpo-funcionarios-y-demas-galardonados.jpg\"><img loading=\"lazy\" decoding=\"async\" class=\"aligncenter size-full wp-image-55114\" src=\"http:\/\/elmundodelosnegocios.com.do\/v1\/wp-content\/uploads\/2024\/10\/Foto-3-Fernando-De-La-Vega-junto-directivos-de-Adoexpo-funcionarios-y-demas-galardonados.jpg\" alt=\"\" width=\"900\" height=\"600\" srcset=\"https:\/\/elmundodelosnegocios.com.do\/v1\/wp-content\/uploads\/2024\/10\/Foto-3-Fernando-De-La-Vega-junto-directivos-de-Adoexpo-funcionarios-y-demas-galardonados.jpg 900w, https:\/\/elmundodelosnegocios.com.do\/v1\/wp-content\/uploads\/2024\/10\/Foto-3-Fernando-De-La-Vega-junto-directivos-de-Adoexpo-funcionarios-y-demas-galardonados-300x200.jpg 300w, https:\/\/elmundodelosnegocios.com.do\/v1\/wp-content\/uploads\/2024\/10\/Foto-3-Fernando-De-La-Vega-junto-directivos-de-Adoexpo-funcionarios-y-demas-galardonados-768x512.jpg 768w\" sizes=\"auto, (max-width: 900px) 100vw, 900px\" \/><\/a><\/div>\n<div>Fernando De La Vega, director en el Pa\u00eds de Metaldom, al recibir este galard\u00f3n destac\u00f3 que este logro no solo es motivo de orgullo, sino que representa el esfuerzo colectivo de un equipo de hombres y mujeres que trabaja incansablemente para ofrecer soluciones de alta calidad en el pa\u00eds y exportar a m\u00e1s de 34 naciones en el Caribe y Am\u00e9rica Latina, consolidando su posici\u00f3n como referente en la industria.<\/div>\n<div><\/div>\n<div>\u201cMetaldom tambi\u00e9n ve este reconocimiento como un compromiso renovado para seguir trabajando con pasi\u00f3n y excelencia en pro del desarrollo del sector exportador y de la construcci\u00f3n, ya que esta empresa se compromete a mantener altos est\u00e1ndares de calidad, impulsando la innovaci\u00f3n y el desarrollo tanto de su personal como del pa\u00eds\u201d, dijo.<\/div>\n<div><\/div>\n<div>Adem\u00e1s, Metaldom se distingue por su enfoque en la sostenibilidad, siendo pionera en la adopci\u00f3n de pr\u00e1cticas responsables, siendo es la primera empresa en la Rep\u00fablica Dominicana en recibir una certificaci\u00f3n de declaraci\u00f3n ambiental para la varilla corrugada, utilizando productos reciclados en sus procesos productivos.<\/div>\n<div><\/div>\n<div>Se\u00f1al\u00f3 que este compromiso con el medio ambiente no solo refleja su responsabilidad social, sino que tambi\u00e9n establece un est\u00e1ndar para otras empresas en el sector, promoviendo un futuro m\u00e1s sostenible.<\/div>\n<div><\/div>\n<div>Agreg\u00f3 que este reconocimiento recibido por Metaldom no solo valida su excelencia en exportaci\u00f3n, sino que tambi\u00e9n reafirma su papel como l\u00edder en innovaci\u00f3n y sostenibilidad en el sector sider\u00fargico.<\/div>\n<div><\/div>\n<div>Esa industria sigue trabajando con el objetivo de contribuir al crecimiento econ\u00f3mico del pa\u00eds y mejorar la calidad de vida de sus ciudadanos, marcando un camino hacia un futuro m\u00e1s pr\u00f3spero y responsable.<\/div>\n<div><\/div>\n<div><b>Sobre el Premio a la Excelencia Exportadora 2024<\/b><\/div>\n<div>Los Premios a la Excelencia Exportadora reconocen a las empresas que se han destacado por su crecimiento sostenible, innovaci\u00f3n en sus procesos y expansi\u00f3n hacia nuevos mercados internacionales.<\/div>\n<div><\/div>\n<div>Estos no solo celebran los logros de las empresas individuales, sino que tambi\u00e9n destacan el papel de las exportaciones en el crecimiento econ\u00f3mico del pa\u00eds y su impacto positivo en el bienestar social de la Rep\u00fablica Dominicana.<\/div>\n","protected":false},"excerpt":{"rendered":"<p>Santo Domingo, R.D. octubre 2024.-\u00a0Metaldom, una empresa l\u00edder en el sector sider\u00fargico en el pa\u00eds, fue reconocida por la Asociaci\u00f3n Dominicana de Exportadores (Adoexpo) en la trig\u00e9sima octava edici\u00f3n de&hellip; <\/p>\n","protected":false},"author":2,"featured_media":55112,"comment_status":"closed","ping_status":"closed","sticky":false,"template":"","format":"standard","meta":{"fifu_image_url":"","fifu_image_alt":"","footnotes":""},"categories":[154],"tags":[],"class_list":["post-55111","post","type-post","status-publish","format-standard","has-post-thumbnail","hentry","category-industria"],"_links":{"self":[{"href":"https:\/\/elmundodelosnegocios.com.do\/v1\/wp-json\/wp\/v2\/posts\/55111","targetHints":{"allow":["GET"]}}],"collection":[{"href":"https:\/\/elmundodelosnegocios.com.do\/v1\/wp-json\/wp\/v2\/posts"}],"about":[{"href":"https:\/\/elmundodelosnegocios.com.do\/v1\/wp-json\/wp\/v2\/types\/post"}],"author":[{"embeddable":true,"href":"https:\/\/elmundodelosnegocios.com.do\/v1\/wp-json\/wp\/v2\/users\/2"}],"replies":[{"embeddable":true,"href":"https:\/\/elmundodelosnegocios.com.do\/v1\/wp-json\/wp\/v2\/comments?post=55111"}],"version-history":[{"count":1,"href":"https:\/\/elmundodelosnegocios.com.do\/v1\/wp-json\/wp\/v2\/posts\/55111\/revisions"}],"predecessor-version":[{"id":55115,"href":"https:\/\/elmundodelosnegocios.com.do\/v1\/wp-json\/wp\/v2\/posts\/55111\/revisions\/55115"}],"wp:featuredmedia":[{"embeddable":true,"href":"https:\/\/elmundodelosnegocios.com.do\/v1\/wp-json\/wp\/v2\/media\/55112"}],"wp:attachment":[{"href":"https:\/\/elmundodelosnegocios.com.do\/v1\/wp-json\/wp\/v2\/media?parent=55111"}],"wp:term":[{"taxonomy":"category","embeddable":true,"href":"https:\/\/elmundodelosnegocios.com.do\/v1\/wp-json\/wp\/v2\/categories?post=55111"},{"taxonomy":"post_tag","embeddable":true,"href":"https:\/\/elmundodelosnegocios.com.do\/v1\/wp-json\/wp\/v2\/tags?post=55111"}],"curies":[{"name":"wp","href":"https:\/\/api.w.org\/{rel}","templated":true}]}}