{"id":55118,"date":"2024-10-27T11:53:12","date_gmt":"2024-10-27T16:23:12","guid":{"rendered":"https:\/\/www.elmundodelosnegocios.com.do\/v1\/?p=55118"},"modified":"2024-10-27T11:53:12","modified_gmt":"2024-10-27T16:23:12","slug":"asca-del-idac-gradua-29-nuevos-profesionales-de-la-aviacion-civil-en-su-decima-2da-graduacion-ordinaria","status":"publish","type":"post","link":"https:\/\/elmundodelosnegocios.com.do\/v1\/asca-del-idac-gradua-29-nuevos-profesionales-de-la-aviacion-civil-en-su-decima-2da-graduacion-ordinaria\/","title":{"rendered":"ASCA del IDAC grad\u00faa 29 nuevos profesionales de la aviaci\u00f3n civil en su D\u00e9cima 2da Graduaci\u00f3n Ordinaria"},"content":{"rendered":"<p>Santo Domingo.- La Academia Superior de Ciencias Aeron\u00e1uticas (ASCA), \u00f3rgano de formaci\u00f3n especializada del Instituto Dominicano de Aviaci\u00f3n Civil (IDAC), celebr\u00f3 su D\u00e9cima Segunda Graduaci\u00f3n Ordinaria, en la que se titularon 29 nuevos profesionales en la carrera de T\u00e9cnico Superior en Administraci\u00f3n Aeron\u00e1utica.<\/p>\n<p><img loading=\"lazy\" decoding=\"async\" class=\"aligncenter size-full\" src=\"https:\/\/presidencia.gob.do\/sites\/default\/files\/styles\/large\/public\/news\/2024-10\/WhatsApp%20Image%202024-10-25%20at%205.59.01%20PM.jpeg?itok=mB3Av81-\" width=\"1300\" height=\"731\" \/><\/p>\n<p>El director general del IDAC, Igor Rodr\u00edguez, quien encabez\u00f3 el acto de graduaci\u00f3n, motiv\u00f3 a los nuevos t\u00e9cnicos a continuar prepar\u00e1ndose para lograr siempre la excelencia, ya no como estudiantes, sino como los profesionales que dar\u00e1n la cara por la instituci\u00f3n, por el pa\u00eds y por el sistema aeron\u00e1utico.<\/p>\n<p>\u201cEl Instituto Dominicano de Aviaci\u00f3n Civil (IDAC), a trav\u00e9s de esta academia, se ha convertido en un pilar fundamental para la formaci\u00f3n de profesionales que no s\u00f3lo cumplen con los m\u00e1s altos est\u00e1ndares de calidad, sino que tambi\u00e9n llevan consigo una visi\u00f3n innovadora y responsable en la administraci\u00f3n de los recursos aeron\u00e1uticos\u201d, indic\u00f3 Rodr\u00edguez.<\/p>\n<p>El titular del IDAC a\u00f1adi\u00f3 que la entrada en vigor del Acuerdo de Cielos Abiertos en 2025 ser\u00e1 un punto de inflexi\u00f3n para la aviaci\u00f3n civil en Rep\u00fablica Dominicana, por lo que entiende. El pa\u00eds se enfrenta a un escenario donde la demanda de personal calificado crecer\u00e1 de manera exponencial y se mostr\u00f3 confiado al expresar que los graduandos est\u00e1n preparados para asumir ese reto.<\/p>\n<p>As\u00ed mismo se expres\u00f3 la directora de la ASCA, Clara Fern\u00e1ndez, quien bas\u00f3 su discurso en las oportunidades que en lo adelante tendr\u00e1n los graduandos en el mercado laboral, adem\u00e1s de que se mostr\u00f3 confiada por sus capacidades y la preparaci\u00f3n con la que cuentan, las mismas que les servir\u00e1n a la hora de poner a prueba su competitividad.<\/p>\n<p>&nbsp;<\/p>\n<p>Los tres estudiantes con los \u00edndices acad\u00e9micos m\u00e1s altos de la promoci\u00f3n fueron Felipe Nerys D\u00edaz Santana, summa cum laude, con 3.85; Christy Angelina Hern\u00e1ndez, summa cum laude, con 3.84 y Emily Marie B\u00e1ez, summa cum laude, con 3.75 puntos. El discurso en representaci\u00f3n de los graduandos estuvo a cargo del primero, quien, adem\u00e1s, recibi\u00f3 el anillo de graduaci\u00f3n de parte de la ASCA, como premio a su esfuerzo.<\/p>\n<p>En ese mismo orden, el director Rodr\u00edguez, anunci\u00f3 que los tres graduandos meritorios, pasan a formar parte de la familia del IDAC, integr\u00e1ndolos inmediatamente al tren laboral y abriendo la posibilidad para dos plazas m\u00e1s ofrecidas a los 14 graduandos que obtuvieron honores acad\u00e9micos, para ser colaboradores de la instituci\u00f3n y continuar su preparaci\u00f3n m\u00e1s avanzada dentro o fuera del pa\u00eds.<\/p>\n<p>\u201cElegimos esta carrera, porque nos mueve un compromiso real por contribuir a una industria que conecta al mundo. Durante este tiempo, no s\u00f3lo adquirimos conocimientos t\u00e9cnicos; tambi\u00e9n entendimos la importancia del trabajo en equipo, de la seguridad y de la eficiencia que debe llevar consigo cada proceso. Iniciamos una nueva etapa en la que nos llevamos con nosotros el conocimiento y la plena certeza de que el \u00e9xito de esta industria depende de personas comprometidas\u201d manifest\u00f3 D\u00edaz Santana.<\/p>\n<p>En el acto de la D\u00e9cima Segunda Graduaci\u00f3n Ordinaria de los estudiantes de la carrera de T\u00e9cnico Superior en Administraci\u00f3n Aeron\u00e1utica, adem\u00e1s del director general del IDAC, Igor Rodr\u00edguez, y de la directora de la ASCA, Clara Fern\u00e1ndez, particip\u00f3 el ministro de Educaci\u00f3n Superior, Ciencia y Tecnolog\u00eda (Mescyt), Franklin Garc\u00eda Ferm\u00edn.<\/p>\n<p>El titular del Mescyt, al respecto, as\u00ed se expres\u00f3: \u201cEsta academia tiene el prop\u00f3sito fundamental de desarrollar programas acad\u00e9micos especializados y de educaci\u00f3n continuada, tiene disponible una plataforma virtual de clases en l\u00ednea y tambi\u00e9n de manera presencial. Ha cumplido con el proceso formativo de esta pl\u00e9yade de j\u00f3venes en su fase de aprendizaje\u201d.<\/p>\n<p>Adem\u00e1s, el claustro estuvo integrado por Milvio P\u00e9rez, encargado de la Escuela Aeron\u00e1utica; Ger\u00f3nimo Vargas, encargado de Registro de la ASCA, y Marisela Orozco, encargada de Admisiones de la academia.<\/p>\n<p>Al acto de graduaci\u00f3n asistieron, adem\u00e1s, la subdirectora general del IDAC, Paola Aim\u00e9e Pl\u00e1 Puello; Miguel Mej\u00eda, subdirector del IDAC; Jos\u00e9 A. Cancel, viceministro administrativo y financiero del Mescyt; Jos\u00e9 Ram\u00f3n Holgu\u00edn, rector del Instituto Tecnol\u00f3gico y Comunitario, y M\u00f3nika Infante, directora ejecutiva de Aeropuertos Dominicanos Siglo XXI (Aerodom), junto con directores y encargados de \u00e1reas del IDAC, invitados especiales, familiares y amigos de los graduandos.<\/p>\n","protected":false},"excerpt":{"rendered":"<p>Santo Domingo.- La Academia Superior de Ciencias Aeron\u00e1uticas (ASCA), \u00f3rgano de formaci\u00f3n especializada del Instituto Dominicano de Aviaci\u00f3n Civil (IDAC), celebr\u00f3 su D\u00e9cima Segunda Graduaci\u00f3n Ordinaria, en la que se&hellip; <\/p>\n","protected":false},"author":2,"featured_media":55119,"comment_status":"closed","ping_status":"closed","sticky":false,"template":"","format":"standard","meta":{"fifu_image_url":"https:\/\/presidencia.gob.do\/sites\/default\/files\/styles\/large\/public\/news\/2024-10\/WhatsApp%20Image%202024-10-25%20at%205.59.01%20PM.jpeg?itok=mB3Av81-","fifu_image_alt":"","footnotes":""},"categories":[168],"tags":[],"class_list":["post-55118","post","type-post","status-publish","format-standard","has-post-thumbnail","hentry","category-transporte-aereo"],"_links":{"self":[{"href":"https:\/\/elmundodelosnegocios.com.do\/v1\/wp-json\/wp\/v2\/posts\/55118","targetHints":{"allow":["GET"]}}],"collection":[{"href":"https:\/\/elmundodelosnegocios.com.do\/v1\/wp-json\/wp\/v2\/posts"}],"about":[{"href":"https:\/\/elmundodelosnegocios.com.do\/v1\/wp-json\/wp\/v2\/types\/post"}],"author":[{"embeddable":true,"href":"https:\/\/elmundodelosnegocios.com.do\/v1\/wp-json\/wp\/v2\/users\/2"}],"replies":[{"embeddable":true,"href":"https:\/\/elmundodelosnegocios.com.do\/v1\/wp-json\/wp\/v2\/comments?post=55118"}],"version-history":[{"count":1,"href":"https:\/\/elmundodelosnegocios.com.do\/v1\/wp-json\/wp\/v2\/posts\/55118\/revisions"}],"predecessor-version":[{"id":55120,"href":"https:\/\/elmundodelosnegocios.com.do\/v1\/wp-json\/wp\/v2\/posts\/55118\/revisions\/55120"}],"wp:featuredmedia":[{"embeddable":true,"href":"https:\/\/elmundodelosnegocios.com.do\/v1\/wp-json\/wp\/v2\/media\/55119"}],"wp:attachment":[{"href":"https:\/\/elmundodelosnegocios.com.do\/v1\/wp-json\/wp\/v2\/media?parent=55118"}],"wp:term":[{"taxonomy":"category","embeddable":true,"href":"https:\/\/elmundodelosnegocios.com.do\/v1\/wp-json\/wp\/v2\/categories?post=55118"},{"taxonomy":"post_tag","embeddable":true,"href":"https:\/\/elmundodelosnegocios.com.do\/v1\/wp-json\/wp\/v2\/tags?post=55118"}],"curies":[{"name":"wp","href":"https:\/\/api.w.org\/{rel}","templated":true}]}}