{"id":55216,"date":"2024-10-30T09:35:50","date_gmt":"2024-10-30T14:05:50","guid":{"rendered":"https:\/\/www.elmundodelosnegocios.com.do\/v1\/?p=55216"},"modified":"2024-10-30T09:35:50","modified_gmt":"2024-10-30T14:05:50","slug":"firman-republica-dominicana-y-brasil-carta-intencion-fortalecer-seguridad-social","status":"publish","type":"post","link":"https:\/\/elmundodelosnegocios.com.do\/v1\/firman-republica-dominicana-y-brasil-carta-intencion-fortalecer-seguridad-social\/","title":{"rendered":"Firman Rep\u00fablica Dominicana y Brasil carta intenci\u00f3n fortalecer Seguridad Social"},"content":{"rendered":"<p style=\"font-weight: 400;\"><strong>Madrid<\/strong>, Espa\u00f1a. Octubre 2024.-\u00a0El ministro de Trabajo de la Rep\u00fablica Dominicana, Luis Miguel De Camps Garc\u00eda y el ministro de Estado de Previsi\u00f3n Social de la Rep\u00fablica Federativa de Brasil, Carlos Roberto Lupi, firmaron una carta de intenci\u00f3n con el objetivo de coordinar las legislaciones de ambas naciones en materia de pensiones, de manera que los trabajadores migrantes y sus familias puedan disfrutar de los beneficios generados con su trabajo en ambos Estados.<\/p>\n<figure id=\"attachment_55218\" aria-describedby=\"caption-attachment-55218\" style=\"width: 900px\" class=\"wp-caption aligncenter\"><a href=\"http:\/\/elmundodelosnegocios.com.do\/v1\/wp-content\/uploads\/2024\/10\/Luis-Miguel-De-Camps-Gina-Magnolia-Riano-y-Carlos-Roberto-Lupi.jpg\"><img loading=\"lazy\" decoding=\"async\" class=\"size-full wp-image-55218\" src=\"http:\/\/elmundodelosnegocios.com.do\/v1\/wp-content\/uploads\/2024\/10\/Luis-Miguel-De-Camps-Gina-Magnolia-Riano-y-Carlos-Roberto-Lupi.jpg\" alt=\"Luis Miguel De Camps, Gina Magnolia Ria\u00f1o y Carlos Roberto Lupi\" width=\"900\" height=\"543\" srcset=\"https:\/\/elmundodelosnegocios.com.do\/v1\/wp-content\/uploads\/2024\/10\/Luis-Miguel-De-Camps-Gina-Magnolia-Riano-y-Carlos-Roberto-Lupi.jpg 900w, https:\/\/elmundodelosnegocios.com.do\/v1\/wp-content\/uploads\/2024\/10\/Luis-Miguel-De-Camps-Gina-Magnolia-Riano-y-Carlos-Roberto-Lupi-300x181.jpg 300w, https:\/\/elmundodelosnegocios.com.do\/v1\/wp-content\/uploads\/2024\/10\/Luis-Miguel-De-Camps-Gina-Magnolia-Riano-y-Carlos-Roberto-Lupi-768x463.jpg 768w\" sizes=\"auto, (max-width: 900px) 100vw, 900px\" \/><\/a><figcaption id=\"caption-attachment-55218\" class=\"wp-caption-text\">Luis Miguel De Camps, Gina Magnolia Ria\u00f1o y Carlos Roberto Lupi<\/figcaption><\/figure>\n<p style=\"font-weight: 400;\">Dicha carta de intenci\u00f3n se firma atendiendo a que los dos pa\u00edses son Estados suscriptores del Convenio Multilateral Iberoamericano de Seguridad Social y de su acuerdo de aplicaci\u00f3n.<\/p>\n<p style=\"font-weight: 400;\">\u201cCreemos en un futuro donde todos los trabajadores dominicanos, donde sea que se encuentren, tengan el respaldo y la seguridad que merecen. Este acuerdo es un paso firme en esa direcci\u00f3n\u201d, sostuvo De Camps Garc\u00eda.<\/p>\n<p style=\"font-weight: 400;\">Otro de los objetivos de la carta de intenci\u00f3n es sentar las bases para la colaboraci\u00f3n o voluntad de compromiso para revisar aspectos de inter\u00e9s con el fin de identificar oportunidades.<\/p>\n<p style=\"font-weight: 400;\">De igual manera, identificar tambi\u00e9n condiciones tendentes a mejorar las condiciones de comunicaci\u00f3n, implementaci\u00f3n de los procesos y atenci\u00f3n al ciudadano con \u00e9nfasis en la educaci\u00f3n de la seguridad social con respecto a las prestaciones cubiertas en el referido Convenio.<\/p>\n<p style=\"font-weight: 400;\">La Rep\u00fablica Dominicana y Brasil se comprometen de manera firme y decidida a ejecutar la plena operatividad del Convenio, a fin de garantizar el acceso a la seguridad social, promover la igualdad de derechos y oportunidades y fortalecer la cooperaci\u00f3n en materia de protecci\u00f3n social entre los dos pa\u00edses.<\/p>\n","protected":false},"excerpt":{"rendered":"<p>Madrid, Espa\u00f1a. Octubre 2024.-\u00a0El ministro de Trabajo de la Rep\u00fablica Dominicana, Luis Miguel De Camps Garc\u00eda y el ministro de Estado de Previsi\u00f3n Social de la Rep\u00fablica Federativa de Brasil,&hellip; <\/p>\n","protected":false},"author":2,"featured_media":55217,"comment_status":"closed","ping_status":"closed","sticky":false,"template":"","format":"standard","meta":{"fifu_image_url":"","fifu_image_alt":"","footnotes":""},"categories":[188],"tags":[],"class_list":["post-55216","post","type-post","status-publish","format-standard","has-post-thumbnail","hentry","category-seguridad-social"],"_links":{"self":[{"href":"https:\/\/elmundodelosnegocios.com.do\/v1\/wp-json\/wp\/v2\/posts\/55216","targetHints":{"allow":["GET"]}}],"collection":[{"href":"https:\/\/elmundodelosnegocios.com.do\/v1\/wp-json\/wp\/v2\/posts"}],"about":[{"href":"https:\/\/elmundodelosnegocios.com.do\/v1\/wp-json\/wp\/v2\/types\/post"}],"author":[{"embeddable":true,"href":"https:\/\/elmundodelosnegocios.com.do\/v1\/wp-json\/wp\/v2\/users\/2"}],"replies":[{"embeddable":true,"href":"https:\/\/elmundodelosnegocios.com.do\/v1\/wp-json\/wp\/v2\/comments?post=55216"}],"version-history":[{"count":1,"href":"https:\/\/elmundodelosnegocios.com.do\/v1\/wp-json\/wp\/v2\/posts\/55216\/revisions"}],"predecessor-version":[{"id":55219,"href":"https:\/\/elmundodelosnegocios.com.do\/v1\/wp-json\/wp\/v2\/posts\/55216\/revisions\/55219"}],"wp:featuredmedia":[{"embeddable":true,"href":"https:\/\/elmundodelosnegocios.com.do\/v1\/wp-json\/wp\/v2\/media\/55217"}],"wp:attachment":[{"href":"https:\/\/elmundodelosnegocios.com.do\/v1\/wp-json\/wp\/v2\/media?parent=55216"}],"wp:term":[{"taxonomy":"category","embeddable":true,"href":"https:\/\/elmundodelosnegocios.com.do\/v1\/wp-json\/wp\/v2\/categories?post=55216"},{"taxonomy":"post_tag","embeddable":true,"href":"https:\/\/elmundodelosnegocios.com.do\/v1\/wp-json\/wp\/v2\/tags?post=55216"}],"curies":[{"name":"wp","href":"https:\/\/api.w.org\/{rel}","templated":true}]}}