{"id":55270,"date":"2024-10-31T16:05:58","date_gmt":"2024-10-31T20:35:58","guid":{"rendered":"https:\/\/www.elmundodelosnegocios.com.do\/v1\/?p=55270"},"modified":"2024-11-01T08:44:18","modified_gmt":"2024-11-01T13:14:18","slug":"grupo-puntacana-celebra-su-55-aniversario-con-miras-hacia-un-futuro-sostenido-por-la-innovacion-y-la-expansion","status":"publish","type":"post","link":"https:\/\/elmundodelosnegocios.com.do\/v1\/grupo-puntacana-celebra-su-55-aniversario-con-miras-hacia-un-futuro-sostenido-por-la-innovacion-y-la-expansion\/","title":{"rendered":"Celebra Grupo Puntacana 55 aniversario mirando hacia futuro sostenido por innovaci\u00f3n y expansi\u00f3n"},"content":{"rendered":"<p><em>Su trayectoria evidencia su liderazgo empresarial y posicionamiento en la industria tur\u00edstica nacional.<\/em><\/p>\n<p><strong>Punta Cana, La Altagracia. \u2013<\/strong>\u00a0Grupo Puntacana celebra su 55 aniversario reafirmando su legado con una visi\u00f3n clara: impulsar la innovaci\u00f3n y expandir sus operaciones. Esto forma parte de sus estrategias de diversificaci\u00f3n, orientadas a sus pilares fundamentales: crecimiento econ\u00f3mico, desarrollo social y preservaci\u00f3n ambiental.<\/p>\n<p>La marca, conformada por 12 empresas, es liderada por Frank El\u00edas Rainieri, presidente y CEO; Paola Rainieri, Chief Marketing Officer (CMO); y Francesca Rainieri, Chief Financial Officer (CFO) de Grupo Puntacana. La empresa impulsa el desarrollo de la regi\u00f3n Este a trav\u00e9s de un modelo de negocios \u00fanico, que abarca un aeropuerto, fundaci\u00f3n, hospitalidad, bienes ra\u00edces, servicios y comunidad, educaci\u00f3n y, m\u00e1s recientemente, un centro log\u00edstico y de zona franca.<\/p>\n<p>Desde sus inicios en 1969, los empresarios norteamericanos que iniciaron el proyecto junto Frank R. Rainieri, tuvieron la visi\u00f3n de desarrollar una comunidad tur\u00edstica respetuosa del medio ambiente y con responsabilidad social, para ofrecer al visitante experiencias \u00fanicas.<\/p>\n<p>Desde entonces, el grupo empresarial se sustenta en valores como la responsabilidad empresarial, social y ambiental; la lealtad, la \u00e9tica, la calidad y el servicio. Contin\u00faan apostando al crecimiento de la zona, a su desarrollo integral y al mejoramiento constante de las condiciones de vida de las comunidades que les rodean, ofreciendo oportunidades con acceso a vivienda, salud de calidad, educaci\u00f3n, recreaci\u00f3n y cultura.<\/p>\n<p>Su Fundaci\u00f3n Puntacana tiene un Centro de Sostenibilidad y un Centro de Innovaci\u00f3n Marino que maneja m\u00e1s de 10 programas de impacto ambiental. Adem\u00e1s, desarrolla proyectos sociales que impactan a las comunidades en el \u00e1rea de salud, educaci\u00f3n, cultura, deportes, desarrollo comunitario y seguridad ciudadana.<\/p>\n<p><a href=\"http:\/\/elmundodelosnegocios.com.do\/v1\/wp-content\/uploads\/2024\/10\/MG_2628.jpg\"><img loading=\"lazy\" decoding=\"async\" class=\"aligncenter size-full wp-image-55271\" src=\"http:\/\/elmundodelosnegocios.com.do\/v1\/wp-content\/uploads\/2024\/10\/MG_2628.jpg\" alt=\"\" width=\"920\" height=\"613\" srcset=\"https:\/\/elmundodelosnegocios.com.do\/v1\/wp-content\/uploads\/2024\/10\/MG_2628.jpg 920w, https:\/\/elmundodelosnegocios.com.do\/v1\/wp-content\/uploads\/2024\/10\/MG_2628-300x200.jpg 300w, https:\/\/elmundodelosnegocios.com.do\/v1\/wp-content\/uploads\/2024\/10\/MG_2628-768x512.jpg 768w\" sizes=\"auto, (max-width: 920px) 100vw, 920px\" \/><\/a><\/p>\n<p><strong>Hitos del 2024<\/strong><\/p>\n<p>Este a\u00f1o, conmemoraron 40 a\u00f1os de hitos hist\u00f3ricos del Aeropuerto de Punta Cana y la expansi\u00f3n de la Terminal B. El aeropuerto inici\u00f3 sus operaciones en 1983, siendo el primer aer\u00f3dromo privado de uso comercial internacional en el mundo, manejando el 68% del tr\u00e1fico a\u00e9reo tur\u00edstico del pa\u00eds, conectando con 75 ciudades en 34 pa\u00edses a trav\u00e9s de 58 aerol\u00edneas, movilizando m\u00e1s de 9 millones de pasajeros y transportando m\u00e1s de 25 millones de kilos de carga anualmente. El PUJ dispone de 2 pistas, 33 puertas de embarque, 38 parqueos de aviones y 7 salones VIP.<\/p>\n<p>Adem\u00e1s, celebraron de manera exitosa la d\u00e9cimo quinta (15ta) edici\u00f3n del Carnaval de Punta Cana, la s\u00e9ptima edici\u00f3n del Corales Puntacana Championship, primer evento del PGA TOUR en Rep\u00fablica Dominicana; y firmaron un acuerdo junto a Cheddi Jagan International Airport para la construcci\u00f3n, operaci\u00f3n y administraci\u00f3n conjunta de una nueva terminal aeroportuaria en el Cheddi Jagan International Airport de Guayana.<\/p>\n<p>Su trabajo incansable, enfocado en resultados, les permiti\u00f3 ser reconocidos en 3 categor\u00edas en la decimoprimera entrega de los Latam Digital 2024, que realiza Interlat cada a\u00f1o como reconocimiento a la industria digital en Latinoam\u00e9rica y el Caribe. Tambi\u00e9n, fueron reconocidos por el Ministerio de Trabajo, por segundo a\u00f1o consecutivo, como \u201cempresa de excelencia en materia de Buenas Pr\u00e1cticas de Seguridad y Salud en el Trabajo\u201d, por invertir en la salud y el bienestar de sus empleados, promoviendo un ambiente de trabajo positivo y productivo.<\/p>\n<p><strong>Expansi\u00f3n e Innovaci\u00f3n<\/strong><\/p>\n<p>Actualmente, se encuentra en etapa final la construcci\u00f3n del Punta Cana Free Trade Zone (PCFTZ), un centro log\u00edstico a\u00e9reo, mar\u00edtimo y terrestre con un parque de zona franca, desde donde se albergar\u00e1n operaciones log\u00edsticas de carga y oficinas para el desarrollo del Punta Cana Hub, destinado a la innovaci\u00f3n y desarrollo de empresas Fintech. Con este proyecto se contribuye al crecimiento econ\u00f3mico sostenido de la zona, con la creaci\u00f3n de 10 mil empleos, y se posiciona a Punta Cana y Rep\u00fablica Dominicana como l\u00edderes de comercio e inversi\u00f3n extranjera a nivel internacional.<\/p>\n<p>Como parte de la pol\u00edtica de sostenibilidad, est\u00e1n desarrollando junto a la empresa Eurelius un proyecto de generaci\u00f3n de energ\u00eda solar que suministrar\u00e1 m\u00e1s del 50% de la electricidad que consume la comunidad de Punta Cana, contribuyendo as\u00ed al desarrollo de un destino m\u00e1s sostenible, y evitando la emisi\u00f3n de m\u00e1s de 25 mil toneladas de CO2 por a\u00f1o, lo que disminuir\u00e1 el costo energ\u00e9tico.<\/p>\n<p>La empresa contin\u00faa creando empleos de calidad, oportunidades y apostando a la expansi\u00f3n, esta vez, junto a Mac Hotels y Marriott International, con quienes se uni\u00f3 para abrir el W Punta Cana, primer W Hotels en el pa\u00eds, ubicado en Uvero Alto, se preparan para inaugurar una propiedad de lujo todo incluido solo para adultos, uno de los primeros resorts \u201cW all-Inclusive\u201d a nivel mundial, con una inversi\u00f3n de 130 millones de d\u00f3lares que generar\u00e1 600 empleos.<\/p>\n","protected":false},"excerpt":{"rendered":"<p>Su trayectoria evidencia su liderazgo empresarial y posicionamiento en la industria tur\u00edstica nacional. Punta Cana, La Altagracia. \u2013\u00a0Grupo Puntacana celebra su 55 aniversario reafirmando su legado con una visi\u00f3n clara:&hellip; <\/p>\n","protected":false},"author":2,"featured_media":55272,"comment_status":"closed","ping_status":"closed","sticky":false,"template":"","format":"standard","meta":{"fifu_image_url":"","fifu_image_alt":"","footnotes":""},"categories":[83],"tags":[],"class_list":["post-55270","post","type-post","status-publish","format-standard","has-post-thumbnail","hentry","category-empresariales-empresariales"],"_links":{"self":[{"href":"https:\/\/elmundodelosnegocios.com.do\/v1\/wp-json\/wp\/v2\/posts\/55270","targetHints":{"allow":["GET"]}}],"collection":[{"href":"https:\/\/elmundodelosnegocios.com.do\/v1\/wp-json\/wp\/v2\/posts"}],"about":[{"href":"https:\/\/elmundodelosnegocios.com.do\/v1\/wp-json\/wp\/v2\/types\/post"}],"author":[{"embeddable":true,"href":"https:\/\/elmundodelosnegocios.com.do\/v1\/wp-json\/wp\/v2\/users\/2"}],"replies":[{"embeddable":true,"href":"https:\/\/elmundodelosnegocios.com.do\/v1\/wp-json\/wp\/v2\/comments?post=55270"}],"version-history":[{"count":2,"href":"https:\/\/elmundodelosnegocios.com.do\/v1\/wp-json\/wp\/v2\/posts\/55270\/revisions"}],"predecessor-version":[{"id":55297,"href":"https:\/\/elmundodelosnegocios.com.do\/v1\/wp-json\/wp\/v2\/posts\/55270\/revisions\/55297"}],"wp:featuredmedia":[{"embeddable":true,"href":"https:\/\/elmundodelosnegocios.com.do\/v1\/wp-json\/wp\/v2\/media\/55272"}],"wp:attachment":[{"href":"https:\/\/elmundodelosnegocios.com.do\/v1\/wp-json\/wp\/v2\/media?parent=55270"}],"wp:term":[{"taxonomy":"category","embeddable":true,"href":"https:\/\/elmundodelosnegocios.com.do\/v1\/wp-json\/wp\/v2\/categories?post=55270"},{"taxonomy":"post_tag","embeddable":true,"href":"https:\/\/elmundodelosnegocios.com.do\/v1\/wp-json\/wp\/v2\/tags?post=55270"}],"curies":[{"name":"wp","href":"https:\/\/api.w.org\/{rel}","templated":true}]}}