{"id":55352,"date":"2024-11-08T10:47:23","date_gmt":"2024-11-08T15:17:23","guid":{"rendered":"https:\/\/www.elmundodelosnegocios.com.do\/v1\/?p=55352"},"modified":"2024-11-08T10:47:23","modified_gmt":"2024-11-08T15:17:23","slug":"recibe-rodriguez-premio-mirex-emigrante-dominicano-oscar-de-la-renta","status":"publish","type":"post","link":"https:\/\/elmundodelosnegocios.com.do\/v1\/recibe-rodriguez-premio-mirex-emigrante-dominicano-oscar-de-la-renta\/","title":{"rendered":"Recibe Rodr\u00edguez Premio MIREX Emigrante Dominicano Oscar de la Renta"},"content":{"rendered":"<h2><span style=\"font-weight: 400;\">Santo Domingo de Guzm\u00e1n, Rep\u00fablica Dominicana. \u2013 Con la presencia del presidente Luis Abinader, el Ministerio de Relaciones Exteriores (MIREX) entreg\u00f3 la sexta edici\u00f3n del Premio al Emigrante Dominicano Sr. Oscar de la Renta a Ydanis Rodr\u00edguez, destacado en la ciudad de Nueva York, Estados Unidos, por sus aportes a la educaci\u00f3n, la salud y el arraigo cultural de dominicanos en esa gran urbe.\u00a0<\/span><\/h2>\n<p><a href=\"http:\/\/elmundodelosnegocios.com.do\/v1\/wp-content\/uploads\/2024\/11\/1-1.jpeg\"><img loading=\"lazy\" decoding=\"async\" class=\"aligncenter size-full wp-image-55353\" src=\"http:\/\/elmundodelosnegocios.com.do\/v1\/wp-content\/uploads\/2024\/11\/1-1.jpeg\" alt=\"\" width=\"900\" height=\"600\" srcset=\"https:\/\/elmundodelosnegocios.com.do\/v1\/wp-content\/uploads\/2024\/11\/1-1.jpeg 900w, https:\/\/elmundodelosnegocios.com.do\/v1\/wp-content\/uploads\/2024\/11\/1-1-300x200.jpeg 300w, https:\/\/elmundodelosnegocios.com.do\/v1\/wp-content\/uploads\/2024\/11\/1-1-768x512.jpeg 768w\" sizes=\"auto, (max-width: 900px) 100vw, 900px\" \/><\/a><\/p>\n<h2><span style=\"font-weight: 400;\">El jurado del Premio valor\u00f3 adem\u00e1s la labor social y altruista realizada por este santiaguero en favor de la comunidad dominicana en la Gran Manzana y el rol pol\u00edtico que ha desempe\u00f1ado, como co fundador de escuelas en beneficio de dominicanos; coordinador de entrega de medicamentos y alimentos a residentes en zonas populares; y entre otros roles, primer latino en ocupar la posici\u00f3n de Comisionado del Departamento de Transporte de la Ciudad de Nueva York, funci\u00f3n en la que ha implementado proyectos innovadores que han dejado huellas.\u00a0 Su dedicaci\u00f3n a la educaci\u00f3n ha cambiado las trayectorias de muchos j\u00f3venes, abri\u00e9ndoles puertas al futuro.<\/span><\/h2>\n<p><a href=\"http:\/\/elmundodelosnegocios.com.do\/v1\/wp-content\/uploads\/2024\/11\/2.jpeg\"><img loading=\"lazy\" decoding=\"async\" class=\"aligncenter size-full wp-image-55354\" src=\"http:\/\/elmundodelosnegocios.com.do\/v1\/wp-content\/uploads\/2024\/11\/2.jpeg\" alt=\"\" width=\"900\" height=\"600\" srcset=\"https:\/\/elmundodelosnegocios.com.do\/v1\/wp-content\/uploads\/2024\/11\/2.jpeg 900w, https:\/\/elmundodelosnegocios.com.do\/v1\/wp-content\/uploads\/2024\/11\/2-300x200.jpeg 300w, https:\/\/elmundodelosnegocios.com.do\/v1\/wp-content\/uploads\/2024\/11\/2-768x512.jpeg 768w\" sizes=\"auto, (max-width: 900px) 100vw, 900px\" \/><\/a><\/p>\n<h2><span style=\"font-weight: 400;\">Al hacer entrega de la estatuilla, el presidente Abinader ponder\u00f3 que este es un tributo a quienes, a trav\u00e9s de su esfuerzo y dedicaci\u00f3n han logrado destacarse fuera de nuestras\u00a0 fronteras. \u201cEste reconocimiento honra su capacidad de impactar a las sociedades que los acogen, al tiempo que mantienen vivos los profundos lazos que los unen a su tierra natal. El legado de Oscar de la Renta nos recuerda que el valor genuino de una persona radica en su contribuci\u00f3n al bienestar de los dem\u00e1s y en su compromiso con el bien com\u00fan\u201d, agreg\u00f3 el mandatario.<\/span><\/h2>\n<p><a href=\"http:\/\/elmundodelosnegocios.com.do\/v1\/wp-content\/uploads\/2024\/11\/3.jpeg\"><img loading=\"lazy\" decoding=\"async\" class=\"aligncenter size-full wp-image-55355\" src=\"http:\/\/elmundodelosnegocios.com.do\/v1\/wp-content\/uploads\/2024\/11\/3.jpeg\" alt=\"\" width=\"900\" height=\"600\" srcset=\"https:\/\/elmundodelosnegocios.com.do\/v1\/wp-content\/uploads\/2024\/11\/3.jpeg 900w, https:\/\/elmundodelosnegocios.com.do\/v1\/wp-content\/uploads\/2024\/11\/3-300x200.jpeg 300w, https:\/\/elmundodelosnegocios.com.do\/v1\/wp-content\/uploads\/2024\/11\/3-768x512.jpeg 768w\" sizes=\"auto, (max-width: 900px) 100vw, 900px\" \/><\/a><\/p>\n<h2><span style=\"font-weight: 400;\">El presidente Abinader afirm\u00f3 que su gobierno ha establecido como prioridad la protecci\u00f3n y el bienestar de los dominicanos en el exterior. \u201cEste compromiso demuestra el esfuerzo que hacemos por brindarles un respaldo integral en cualquier lugar del mundo, as\u00ed como por mantener fortalecidos los lazos que los conectan a su pa\u00eds de origen. Este premio refleja el reconocimiento del gobierno hacia ustedes, nuestros compatriotas, quienes con su talento y dedicaci\u00f3n no solo han contribuido al desarrollo de las naciones que los acogen, sino tambi\u00e9n al fortalecimiento de nuestra identidad nacional\u201d, expres\u00f3 el jefe de Estado.<\/span><\/h2>\n<h2><span style=\"font-weight: 400;\">En representaci\u00f3n del canciller Roberto \u00c1lvarez, el viceministro de Pol\u00edtica Exterior Multilateral, Rub\u00e9n Sili\u00e9, ofreci\u00f3 las palabras de bienvenida al evento donde se reconoci\u00f3 \u201ca aquellos dominicanos y dominicanas que, a pesar de la distancia, llevan en alto nuestra identidad y nuestros valores. Esta noche celebramos el v\u00ednculo inquebrantable entre la comunidad dominicana en el exterior y la patria. Quiero felicitar a los galardonados de esta sexta edici\u00f3n del Premio, cuyo legado de excelencia y compromiso social nos inspira a todos\u201d.<\/span><\/h2>\n<h2><span style=\"font-weight: 400;\">De su lado, la directora de Diplomacia Especializada del MIREX, Mar\u00eda Alejandra Castillo, miembro de la comisi\u00f3n permanente y jurado del premio, dijo que \u201cno importa cu\u00e1n lejos estemos, siempre podemos ser embajadores de los valores y principios que nos definen. Este premio no solo reconoce el \u00e9xito profesional, sino que celebra un legado de acci\u00f3n social. El Ministerio de Relaciones Exteriores tiene una responsabilidad fundamental con el dominicano en el exterior: apoyarlo, protegerlo y asegurarse de que sus logros sean reconocidos\u201d.\u00a0<\/span><\/h2>\n<h2><span style=\"font-weight: 400;\">Al ofrecer sus palabras de agradecimiento, Ydanis Rodr\u00edguez dijo sentirse honrado de este reconocimiento, el cual \u201crecibo con el mismo entusiasmo con el que cada d\u00eda me he levantado en mi trayectoria de vida para trabajar siempre guiado por la fe y aportando en crear condiciones para que los seres humanos, independiente de las clases sociales a las que pertenezcan, ya sea en Rep\u00fablica Dominicana, Estados Unidos o cualquier parte del mundo, puedan desarrollar todo su talento, siempre poniendo en alto nuestra cultura dominicana\u201d. Adem\u00e1s del galard\u00f3n, Rodr\u00edguez recibi\u00f3 un premio met\u00e1lico de un mill\u00f3n de pesos donados por el Banreservas, los cuales de inmediato inform\u00f3 lo donar\u00eda a la Fundaci\u00f3n Monumento Viviente, establecida desde 1992 en Licey al Medio, Santiago, Rep\u00fablica Dominicana.\u00a0<\/span><\/h2>\n<h2><span style=\"font-weight: 400;\">Durante la 6ta. Edici\u00f3n del Premio tambi\u00e9n se reconoci\u00f3 a Cornelio Juli\u00e1n P\u00e9rez Valerio, Ana Elvira Pascual Vicioso, Edmundo Jorge Jordan Morey, Jos\u00e9 Javier Fern\u00e1ndez Grull\u00f3n, Jos\u00e9 Rigoberto P\u00e9rez D\u00edaz, Juan Emilio Romero Dur\u00e1n, Milka Rosalyn Guzm\u00e1n Waterland, Ydanis Rodr\u00edguez, Miguelina Baldera Santana y Zaida Altagracia Flori\u00e1n M\u00e9ndez. Estos dominicanos se destacaron con su labor en Suiza, B\u00e9lgica, Puerto Rico, Nueva York, Boston, Italia, Texas, y Londres, desde \u00e1reas como la inform\u00e1tica, finanzas, odontolog\u00eda, educaci\u00f3n, medicina y liderazgo comunitario.<\/span><\/h2>\n<h2><span style=\"font-weight: 400;\">Las candidaturas presentadas fueron evaluadas por la comisi\u00f3n permanente y jurado del premio, presidido por Haydee Rainieri; el asesor permanente, Jos\u00e9 Luis -Pep\u00edn- Corripio; adem\u00e1s de los miembros de dicha comisi\u00f3n: el embajador y viceministro del MIREX, Carlos de la Mota, Mar\u00eda Amalia Le\u00f3n y Eliza Bolen; y Mar\u00eda Alejandra Castillo, miembro y coordinadora general del Premio, adem\u00e1s directora de Diplomacia Especializada del MIREX.<\/span><\/h2>\n<h2><span style=\"font-weight: 400;\">La premiaci\u00f3n tuvo lugar en el Centro de Convenciones del MIREX, donde se dieron cita funcionarios del Gobierno, entre ellos viceministros y directores de la Canciller\u00eda; autoridades de otros poderes del Estado; representantes del Cuerpo Diplom\u00e1tico y Consular; sector empresarial; organizaciones de la sociedad civil; l\u00edderes de opini\u00f3n y representantes del arte y espect\u00e1culo. El evento cont\u00f3 con el patrocinio de Banreservas, Grupo Punta Cana, Fundaci\u00f3n Corripio, KahKow, CEPM y Energas.<\/span><\/h2>\n<h2><b>Sobre el Premio al Emigrante Dominicano Sr. Oscar de la Renta<\/b><\/h2>\n<h2><span style=\"font-weight: 400;\">El Premio al Emigrante Dominicano Sr. Oscar de la Renta, fue creado mediante el decreto n\u00famero 242-17, para reconocer los m\u00e9ritos la comunidad dominicana en el exterior, la cual pone en alto el nombre del pa\u00eds en otras latitudes.<\/span><\/h2>\n<p><span style=\"font-weight: 400;\">Inspirado en la vida de un hombre que represent\u00f3 con orgullo lo mejor de Rep\u00fablica Dominicana, un ejemplo de excelencia, destacado por su capacidad de dar, su espl\u00e9ndida generosidad y su profundo compromiso social.<\/span><\/p>\n","protected":false},"excerpt":{"rendered":"<p>Santo Domingo de Guzm\u00e1n, Rep\u00fablica Dominicana. \u2013 Con la presencia del presidente Luis Abinader, el Ministerio de Relaciones Exteriores (MIREX) entreg\u00f3 la sexta edici\u00f3n del Premio al Emigrante Dominicano Sr.&hellip; <\/p>\n","protected":false},"author":2,"featured_media":55353,"comment_status":"closed","ping_status":"closed","sticky":false,"template":"","format":"standard","meta":{"fifu_image_url":"","fifu_image_alt":"","footnotes":""},"categories":[235],"tags":[],"class_list":["post-55352","post","type-post","status-publish","format-standard","has-post-thumbnail","hentry","category-politica-exterior"],"_links":{"self":[{"href":"https:\/\/elmundodelosnegocios.com.do\/v1\/wp-json\/wp\/v2\/posts\/55352","targetHints":{"allow":["GET"]}}],"collection":[{"href":"https:\/\/elmundodelosnegocios.com.do\/v1\/wp-json\/wp\/v2\/posts"}],"about":[{"href":"https:\/\/elmundodelosnegocios.com.do\/v1\/wp-json\/wp\/v2\/types\/post"}],"author":[{"embeddable":true,"href":"https:\/\/elmundodelosnegocios.com.do\/v1\/wp-json\/wp\/v2\/users\/2"}],"replies":[{"embeddable":true,"href":"https:\/\/elmundodelosnegocios.com.do\/v1\/wp-json\/wp\/v2\/comments?post=55352"}],"version-history":[{"count":1,"href":"https:\/\/elmundodelosnegocios.com.do\/v1\/wp-json\/wp\/v2\/posts\/55352\/revisions"}],"predecessor-version":[{"id":55356,"href":"https:\/\/elmundodelosnegocios.com.do\/v1\/wp-json\/wp\/v2\/posts\/55352\/revisions\/55356"}],"wp:featuredmedia":[{"embeddable":true,"href":"https:\/\/elmundodelosnegocios.com.do\/v1\/wp-json\/wp\/v2\/media\/55353"}],"wp:attachment":[{"href":"https:\/\/elmundodelosnegocios.com.do\/v1\/wp-json\/wp\/v2\/media?parent=55352"}],"wp:term":[{"taxonomy":"category","embeddable":true,"href":"https:\/\/elmundodelosnegocios.com.do\/v1\/wp-json\/wp\/v2\/categories?post=55352"},{"taxonomy":"post_tag","embeddable":true,"href":"https:\/\/elmundodelosnegocios.com.do\/v1\/wp-json\/wp\/v2\/tags?post=55352"}],"curies":[{"name":"wp","href":"https:\/\/api.w.org\/{rel}","templated":true}]}}