{"id":55357,"date":"2024-11-08T10:51:48","date_gmt":"2024-11-08T15:21:48","guid":{"rendered":"https:\/\/www.elmundodelosnegocios.com.do\/v1\/?p=55357"},"modified":"2024-11-08T10:51:48","modified_gmt":"2024-11-08T15:21:48","slug":"ofrecio-courtyard-by-marriott-santo-domingo-coctel-federaciones-deportivas-y-equipos-mlb","status":"publish","type":"post","link":"https:\/\/elmundodelosnegocios.com.do\/v1\/ofrecio-courtyard-by-marriott-santo-domingo-coctel-federaciones-deportivas-y-equipos-mlb\/","title":{"rendered":"Ofreci\u00f3 Courtyard By Marriott Santo Domingo c\u00f3ctel Federaciones Deportivas y equipos MLB"},"content":{"rendered":"<p><span lang=\"ES-DO\">SANTO DOMINGO, R.D. Noviembre 8, 2024.-<\/span><span lang=\"ES-DO\">\u00a0El\u00a0<\/span><strong><span lang=\"ES-DO\">Courtyard By Marriott Santo Domingo<\/span><\/strong><span lang=\"ES-DO\">, ubicado en la Avenida M\u00e1ximo G\u00f3mez, organiz\u00f3 un c\u00f3ctel para\u00a0<\/span><strong><span lang=\"ES-DO\">celebrar<\/span><\/strong><span lang=\"ES-DO\">\u00a0a sus clientes del \u00e1mbito deportivo, incluyendo a las\u00a0<\/span><strong><span lang=\"ES-DO\">Federaciones Deportivas<\/span><\/strong><span lang=\"ES-DO\">\u00a0presentes en la ciudad y los\u00a0<\/span><strong><span lang=\"ES-DO\">equipos de MLB<\/span><\/strong><span lang=\"ES-DO\">\u00a0con presencia en la Rep\u00fablica Dominicana.<\/span><\/p>\n<p><a href=\"http:\/\/elmundodelosnegocios.com.do\/v1\/wp-content\/uploads\/2024\/11\/DSC1539-Principal-Elizabeth-Mavridis-Gabriela-Salazar-Waldemar-Rodriguez-y-Natanyi-Cabrera-y-Estela-Nunez.jpg\"><img loading=\"lazy\" decoding=\"async\" class=\"aligncenter size-full wp-image-55358\" src=\"http:\/\/elmundodelosnegocios.com.do\/v1\/wp-content\/uploads\/2024\/11\/DSC1539-Principal-Elizabeth-Mavridis-Gabriela-Salazar-Waldemar-Rodriguez-y-Natanyi-Cabrera-y-Estela-Nunez.jpg\" alt=\"\" width=\"826\" height=\"640\" srcset=\"https:\/\/elmundodelosnegocios.com.do\/v1\/wp-content\/uploads\/2024\/11\/DSC1539-Principal-Elizabeth-Mavridis-Gabriela-Salazar-Waldemar-Rodriguez-y-Natanyi-Cabrera-y-Estela-Nunez.jpg 826w, https:\/\/elmundodelosnegocios.com.do\/v1\/wp-content\/uploads\/2024\/11\/DSC1539-Principal-Elizabeth-Mavridis-Gabriela-Salazar-Waldemar-Rodriguez-y-Natanyi-Cabrera-y-Estela-Nunez-300x232.jpg 300w, https:\/\/elmundodelosnegocios.com.do\/v1\/wp-content\/uploads\/2024\/11\/DSC1539-Principal-Elizabeth-Mavridis-Gabriela-Salazar-Waldemar-Rodriguez-y-Natanyi-Cabrera-y-Estela-Nunez-768x595.jpg 768w\" sizes=\"auto, (max-width: 826px) 100vw, 826px\" \/><\/a><\/p>\n<p><span lang=\"ES-DO\">En el marco de este evento, se present\u00f3 a\u00a0<\/span><strong><span lang=\"ES-DO\">Natanyi Cabrera<\/span><\/strong><span lang=\"ES-DO\">\u00a0como la nueva Gerente General del\u00a0<\/span><strong><span lang=\"ES-DO\">Courtyard By Marriott Santo Domingo<\/span><\/strong><span lang=\"ES-DO\">, quien cuenta con una destacada trayectoria en\u00a0<\/span><strong><span lang=\"ES-DO\">Marriott International<\/span><\/strong><span lang=\"ES-DO\">, habiendo liderado exitosamente operaciones hoteleras en\u00a0<\/span><strong><span lang=\"ES-DO\">Nueva York<\/span><\/strong><span lang=\"ES-DO\">\u00a0y\u00a0<\/span><strong><span lang=\"ES-DO\">Santo Domingo<\/span><\/strong><span lang=\"ES-DO\">. Cabrera expres\u00f3 su entusiasmo por recibir a los representantes del deporte, se\u00f1alando: \u00abEs un honor dar la bienvenida a los representantes de diversas disciplinas deportivas que han puesto en alto el nombre de nuestro pa\u00eds\u00bb. Adem\u00e1s, invit\u00f3 a los presentes a conocer la oferta del\u00a0<\/span><strong><span lang=\"ES-DO\">Courtyard By Marriott Santo Domingo<\/span><\/strong><span lang=\"ES-DO\">, un hotel ubicado en el coraz\u00f3n de la ciudad que busca brindar una experiencia \u00fanica a sus hu\u00e9spedes. \u00abLes damos la m\u00e1s c\u00e1lida bienvenida y les extendemos una cordial invitaci\u00f3n a disfrutar de nuestra hospitalidad y servicios exclusivos\u00bb, agreg\u00f3.<\/span><\/p>\n<p><a href=\"http:\/\/elmundodelosnegocios.com.do\/v1\/wp-content\/uploads\/2024\/11\/DSC1646-Fachada-Hotel-.jpg\"><img loading=\"lazy\" decoding=\"async\" class=\"aligncenter size-full wp-image-55359\" src=\"http:\/\/elmundodelosnegocios.com.do\/v1\/wp-content\/uploads\/2024\/11\/DSC1646-Fachada-Hotel-.jpg\" alt=\"\" width=\"900\" height=\"600\" srcset=\"https:\/\/elmundodelosnegocios.com.do\/v1\/wp-content\/uploads\/2024\/11\/DSC1646-Fachada-Hotel-.jpg 900w, https:\/\/elmundodelosnegocios.com.do\/v1\/wp-content\/uploads\/2024\/11\/DSC1646-Fachada-Hotel--300x200.jpg 300w, https:\/\/elmundodelosnegocios.com.do\/v1\/wp-content\/uploads\/2024\/11\/DSC1646-Fachada-Hotel--768x512.jpg 768w\" sizes=\"auto, (max-width: 900px) 100vw, 900px\" \/><\/a><\/p>\n<p><span lang=\"ES-DO\">Por su parte,\u00a0<\/span><strong><span lang=\"ES-DO\">Elizabeth Mavridis<\/span><\/strong><span lang=\"ES-DO\">, Directora de Cl\u00faster de Ventas y Mercadeo para los hoteles\u00a0<\/span><strong><span lang=\"ES-DO\">Marriott<\/span><\/strong><span lang=\"ES-DO\">\u00a0en Santo Domingo, destac\u00f3 que la ubicaci\u00f3n estrat\u00e9gica del hotel permite un acceso directo a las\u00a0<\/span><strong><span lang=\"ES-DO\">Academias de B\u00e9isbol<\/span><\/strong><span lang=\"ES-DO\">, la zona industrial de la Avenida M\u00e1ximo G\u00f3mez, as\u00ed como a las\u00a0<\/span><strong><span lang=\"ES-DO\">zonas industriales de Haina<\/span><\/strong><span lang=\"ES-DO\">\u00a0y\u00a0<\/span><strong><span lang=\"ES-DO\">Las Am\u00e9ricas<\/span><\/strong><span lang=\"ES-DO\">.<\/span><\/p>\n<p><span lang=\"ES-DO\">\u201cEl hotel cuenta con dos espacios para reuniones de negocios y\/o sociales que se adaptan a las necesidades de cada cliente\u201d, afirm\u00f3 Mavridis, quien se incorpor\u00f3 recientemente al equipo ejecutivo de los hoteles Marriott en Santo Domingo, despu\u00e9s de su exitosa gesti\u00f3n en los\u00a0<\/span><strong><span lang=\"ES-DO\">JW Marriott<\/span><\/strong><span lang=\"ES-DO\">\u00a0de Per\u00fa.<\/span><\/p>\n<p><span lang=\"ES-DO\">Mavridis tambi\u00e9n resalt\u00f3 que el\u00a0<\/span><strong><span lang=\"ES-DO\">Courtyard By Marriott Santo Domingo<\/span><\/strong><span lang=\"ES-DO\">\u00a0se ha consolidado como uno de los hoteles favoritos para grupos deportivos, debido a su proximidad a importantes atracciones como el\u00a0<\/span><strong><span lang=\"ES-DO\">Teatro Nacional<\/span><\/strong><span lang=\"ES-DO\">, la\u00a0<\/span><strong><span lang=\"ES-DO\">Plaza de la Cultura<\/span><\/strong><span lang=\"ES-DO\">, el\u00a0<\/span><strong><span lang=\"ES-DO\">Palacio de Bellas Artes<\/span><\/strong><span lang=\"ES-DO\">\u00a0y, especialmente, el\u00a0<\/span><strong><span lang=\"ES-DO\">Centro Ol\u00edmpico F\u00e9lix S\u00e1nchez<\/span><\/strong><span lang=\"ES-DO\">.<\/span><\/p>\n<p><span lang=\"ES-DO\">\u00abAdem\u00e1s, el hotel ofrece f\u00e1cil acceso a las principales oficinas gubernamentales, al sector financiero y a las sedes de instituciones diplom\u00e1ticas ubicadas en la zona de\u00a0<\/span><strong><span lang=\"ES-DO\">Gazcue<\/span><\/strong><span lang=\"ES-DO\">, en la periferia del hotel\u00bb, a\u00f1adi\u00f3.<\/span><\/p>\n<p><span lang=\"ES-DO\">Por otro lado,\u00a0<\/span><strong><span lang=\"ES-DO\">Estela N\u00fa\u00f1ez<\/span><\/strong><span lang=\"ES-DO\">, Directora de Ventas, record\u00f3 que el\u00a0<\/span><strong><span lang=\"ES-DO\">Courtyard By Marriott Santo Domingo<\/span><\/strong><span lang=\"ES-DO\">\u00a0abri\u00f3 sus puertas por primera vez en diciembre de 2003, marcando un hito en la ciudad al convertirse en el primer hotel\u00a0<\/span><strong><span lang=\"ES-DO\">Select Service<\/span><\/strong><span lang=\"ES-DO\">\u00a0de la misma y uno de los primeros de la marca\u00a0<\/span><strong><span lang=\"ES-DO\">Courtyard<\/span><\/strong><span lang=\"ES-DO\">. Adem\u00e1s, destac\u00f3 que el hotel fue remodelado y reabri\u00f3 sus puertas en abril de 2022.<\/span><\/p>\n<p><span lang=\"ES-DO\">N\u00fa\u00f1ez tambi\u00e9n resalt\u00f3 que el hotel cuenta con\u00a0<\/span><strong><span lang=\"ES-DO\">143 habitaciones y suites<\/span><\/strong><span lang=\"ES-DO\">\u00a0recientemente renovadas, las cuales ofrecen un amplio espacio, ropa de cama de lujo,\u00a0<\/span><strong><span lang=\"ES-DO\">wifi de alta velocidad<\/span><\/strong><span lang=\"ES-DO\">\u00a0gratuito, una estaci\u00f3n de caf\u00e9 y estaciones de trabajo ergon\u00f3micas.<\/span><\/p>\n<p><span lang=\"ES-DO\">\u201cEl\u00a0<\/span><strong><span lang=\"ES-DO\">Kitchen and Bar<\/span><\/strong><span lang=\"ES-DO\">\u00a0ofrece cocina internacional con sabores dominicanos y un toque caribe\u00f1o. El restaurante insignia del hotel sirve desayunos, almuerzos, cenas y una amplia selecci\u00f3n de bebidas especiales\u201d, asegur\u00f3.<\/span><\/p>\n<p><span lang=\"ES-DO\">Otras de las bondades del hotel incluyen\u00a0<\/span><strong><span lang=\"ES-DO\">\u00abCrate\u00bb<\/span><\/strong><span lang=\"ES-DO\">, una mini-tienda de 24 horas situada en el vest\u00edbulo, que ofrece a los hu\u00e9spedes una selecci\u00f3n de aperitivos para llevar, bebidas fr\u00edas, golosinas y art\u00edculos de cuidado personal y de viaje.<\/span><\/p>\n","protected":false},"excerpt":{"rendered":"<p>SANTO DOMINGO, R.D. Noviembre 8, 2024.-\u00a0El\u00a0Courtyard By Marriott Santo Domingo, ubicado en la Avenida M\u00e1ximo G\u00f3mez, organiz\u00f3 un c\u00f3ctel para\u00a0celebrar\u00a0a sus clientes del \u00e1mbito deportivo, incluyendo a las\u00a0Federaciones Deportivas\u00a0presentes en&hellip; <\/p>\n","protected":false},"author":2,"featured_media":55358,"comment_status":"closed","ping_status":"closed","sticky":false,"template":"","format":"standard","meta":{"fifu_image_url":"","fifu_image_alt":"","footnotes":""},"categories":[172],"tags":[],"class_list":["post-55357","post","type-post","status-publish","format-standard","has-post-thumbnail","hentry","category-turismo"],"_links":{"self":[{"href":"https:\/\/elmundodelosnegocios.com.do\/v1\/wp-json\/wp\/v2\/posts\/55357","targetHints":{"allow":["GET"]}}],"collection":[{"href":"https:\/\/elmundodelosnegocios.com.do\/v1\/wp-json\/wp\/v2\/posts"}],"about":[{"href":"https:\/\/elmundodelosnegocios.com.do\/v1\/wp-json\/wp\/v2\/types\/post"}],"author":[{"embeddable":true,"href":"https:\/\/elmundodelosnegocios.com.do\/v1\/wp-json\/wp\/v2\/users\/2"}],"replies":[{"embeddable":true,"href":"https:\/\/elmundodelosnegocios.com.do\/v1\/wp-json\/wp\/v2\/comments?post=55357"}],"version-history":[{"count":1,"href":"https:\/\/elmundodelosnegocios.com.do\/v1\/wp-json\/wp\/v2\/posts\/55357\/revisions"}],"predecessor-version":[{"id":55360,"href":"https:\/\/elmundodelosnegocios.com.do\/v1\/wp-json\/wp\/v2\/posts\/55357\/revisions\/55360"}],"wp:featuredmedia":[{"embeddable":true,"href":"https:\/\/elmundodelosnegocios.com.do\/v1\/wp-json\/wp\/v2\/media\/55358"}],"wp:attachment":[{"href":"https:\/\/elmundodelosnegocios.com.do\/v1\/wp-json\/wp\/v2\/media?parent=55357"}],"wp:term":[{"taxonomy":"category","embeddable":true,"href":"https:\/\/elmundodelosnegocios.com.do\/v1\/wp-json\/wp\/v2\/categories?post=55357"},{"taxonomy":"post_tag","embeddable":true,"href":"https:\/\/elmundodelosnegocios.com.do\/v1\/wp-json\/wp\/v2\/tags?post=55357"}],"curies":[{"name":"wp","href":"https:\/\/api.w.org\/{rel}","templated":true}]}}