{"id":55361,"date":"2024-11-08T11:03:25","date_gmt":"2024-11-08T15:33:25","guid":{"rendered":"https:\/\/www.elmundodelosnegocios.com.do\/v1\/?p=55361"},"modified":"2024-11-08T11:03:25","modified_gmt":"2024-11-08T15:33:25","slug":"rd-reafirma-en-la-india-su-compromiso-con-desarrollo-de-energias-renovables","status":"publish","type":"post","link":"https:\/\/elmundodelosnegocios.com.do\/v1\/rd-reafirma-en-la-india-su-compromiso-con-desarrollo-de-energias-renovables\/","title":{"rendered":"RD reafirma en la India su compromiso con desarrollo de energ\u00edas renovables"},"content":{"rendered":"<p dir=\"ltr\">Nueva Delhi, India.\u2013\u00a0<strong>La Rep\u00fablica Dominicana<\/strong>\u00a0reafirm\u00f3 en\u00a0<strong>la India<\/strong>\u00a0su compromiso de seguir desarrollando la\u00a0<strong>generaci\u00f3n de energ\u00eda fotovoltaica<\/strong>\u00a0para fortalecer la independencia del sistema el\u00e9ctrico nacional y favorecer la\u00a0<strong>sostenibilidad clim\u00e1tica y ambiental<\/strong>\u00a0del pa\u00eds.<\/p>\n<p dir=\"ltr\"><a href=\"http:\/\/elmundodelosnegocios.com.do\/v1\/wp-content\/uploads\/2024\/11\/00.jpg\"><img loading=\"lazy\" decoding=\"async\" class=\"aligncenter size-full wp-image-55362\" src=\"http:\/\/elmundodelosnegocios.com.do\/v1\/wp-content\/uploads\/2024\/11\/00.jpg\" alt=\"\" width=\"1300\" height=\"731\" srcset=\"https:\/\/elmundodelosnegocios.com.do\/v1\/wp-content\/uploads\/2024\/11\/00.jpg 1300w, https:\/\/elmundodelosnegocios.com.do\/v1\/wp-content\/uploads\/2024\/11\/00-300x169.jpg 300w, https:\/\/elmundodelosnegocios.com.do\/v1\/wp-content\/uploads\/2024\/11\/00-1024x576.jpg 1024w, https:\/\/elmundodelosnegocios.com.do\/v1\/wp-content\/uploads\/2024\/11\/00-768x432.jpg 768w\" sizes=\"auto, (max-width: 1300px) 100vw, 1300px\" \/><\/a><\/p>\n<p dir=\"ltr\">As\u00ed lo afirm\u00f3 el vicepresidente ejecutivo del Consejo Nacional para el Cambio Clim\u00e1tico y Mecanismo de Desarrollo Limpio\u00a0<strong>(CNCCMDL), Max Puig<\/strong>, durante su participaci\u00f3n en la<strong>\u00a07.\u00aa sesi\u00f3n de su Asamblea anual de la Alianza Solar Internacional\u00a0<\/strong>(ISA por sus siglas en ingl\u00e9s), que se realiza en Nueva Delhi y en la que participa junto con\u00a0<strong>Carolina S\u00e1nchez<\/strong>, quien representa al Ministerio de Energ\u00edas y Minas.<\/p>\n<p dir=\"ltr\"><em>\u00abEsta Asamblea de la Alianza Solar Internacional abre nuevas oportunidades para que todos los pa\u00edses que forman parte puedan buscar soluciones de conjunto a los desaf\u00edos que cada uno presenta para el desarrollo del sector fotovoltaico y para Rep\u00fablica Dominicana resulta vital que cada a\u00f1o siga creciendo la generaci\u00f3n el\u00e9ctrica a partir de energ\u00eda solar, para poder cubrir la creciente demanda energ\u00e9tica nacional\u00bb,<\/em>\u00a0expres\u00f3 Puig.<\/p>\n<p dir=\"ltr\">En tal sentido, la delegaci\u00f3n dominicana sostuvo una reuni\u00f3n con el director general de la ISA, Dr.\u00a0<strong>Ajay Mathur<\/strong>, quien agradeci\u00f3 el apoyo de la Rep\u00fablica Dominicana y destac\u00f3 la\u00a0<strong>cooperaci\u00f3n del pa\u00eds<\/strong>, el cual en meses pasados fue\u00a0<strong>sede de la Asamblea Regional de la Alianza.<\/strong><\/p>\n<p dir=\"ltr\">Igualmente, resalt\u00f3 que la colaboraci\u00f3n con la ISA fortalecer\u00e1 los proyectos que ya se est\u00e1n ejecutando en el pa\u00eds, como el de la instalaci\u00f3n de\u00a0<strong>paneles solares en los techos de escuelas p\u00fablicas<\/strong>, el establecimiento de\u00a0<strong>paneles solares flotantes<\/strong>\u00a0en los embalses de las\u00a0<strong>represas<\/strong>, y el uso de la energ\u00eda fotovoltaica para facilitar la\u00a0<strong>irrigaci\u00f3n agr\u00edcola<\/strong>, entre otros.<\/p>\n<p dir=\"ltr\"><strong>Gesti\u00f3n de Riesgo en Agenda<\/strong><\/p>\n<p dir=\"ltr\">Durante su visita a la India, Max Puig tambi\u00e9n ha tenido encuentros con las autoridades de ese pa\u00eds en materia de\u00a0<strong>meteorolog\u00eda y gesti\u00f3n de desastres<\/strong>, a fin de seguir profundizando la cooperaci\u00f3n con el pa\u00eds asi\u00e1tico para la\u00a0<strong>prevenci\u00f3n y la gesti\u00f3n de riesgo por fen\u00f3menos naturales asociados a los impactos del cambio clim\u00e1tico.<\/strong><\/p>\n<p dir=\"ltr\">Al respecto, Max Puig sostuvo encuentros bilaterales con\u00a0<strong>Krishna Vats<\/strong>, miembro de la Autoridad Nacional para el Manejo de Desastres de la India (NDMA); con el Dr.\u00a0<strong>Mrutyunjay Mohapatra<\/strong>, director del Departamento Meteorol\u00f3gico de India (IMD); y con el director general de la Coalici\u00f3n para las Infraestructuras Resilientes a los Desastres (CDRI),\u00a0<strong>Amit Prothi<\/strong>.<\/p>\n<p dir=\"ltr\">La agenda de cooperaci\u00f3n binacional directa con estas tres instituciones incluye un acuerdo para la\u00a0<strong>visita a la India<\/strong>, en el primer trimestre de 2025, de una\u00a0<strong>comisi\u00f3n de alto nivel\u00a0<\/strong>integrada por expertos del Centro de Operaciones de Emergencias\u00a0<strong>(COE)<\/strong>, la Comisi\u00f3n Nacional de\u00a0<strong>Emergencias(CNE)<\/strong>, el Instituto Dominicano de Meteorolog\u00eda\u00a0<strong>(Indomet)<\/strong>\u00a0y el Consejo Nacional para el Cambio Clim\u00e1tico y Mecanismo de Desarrollo Limpio\u00a0<strong>(CNCCMDL)<\/strong>, para conocer de primera mano las experiencias y avances de la India en\u00a0<strong>meteorolog\u00eda, alertas tempranas, gesti\u00f3n y respuestas a desastres.<\/strong><\/p>\n<p dir=\"ltr\">El embajador de la Rep\u00fablica Dominicana en la India,\u00a0<strong>David Puig<\/strong>, valor\u00f3 positivamente los\u00a0<strong>avances logrados<\/strong>\u00a0durante las reuniones, a la vez que resalt\u00f3 el\u00a0<strong>papel crucial de la India como aliado\u00a0<\/strong>en la construcci\u00f3n de un\u00a0<strong>sistema nacional de resiliencia clim\u00e1tica<\/strong>.\u00a0<em>\u201cLa cooperaci\u00f3n con India nos abre puertas para mejorar nuestras capacidades en manejo de desastres y adaptaci\u00f3n al cambio clim\u00e1tico, elementos esenciales para la seguridad y el desarrollo sostenible de nuestro pa\u00eds\u201d,<\/em>\u00a0indic\u00f3 el embajador Puig.<\/p>\n<p>La Rep\u00fablica Dominicana viene fortaleciendo sus\u00a0<strong>sistemas de alerta temprana con proyectos nacionales y regionales<\/strong>\u00a0financiados por la\u00a0<strong>Coalici\u00f3n para las Infraestructuras Resilientes a los Desastres<\/strong>\u00a0en el marco de su programa Infraestructuras para Estados Insulares Resilientes\u00a0<strong>(IRIS)<\/strong>. La India y la Rep\u00fablica Dominicana suscribieron tambi\u00e9n en abril de 2024 un\u00a0<strong>memorando de entendimiento<\/strong>\u00a0para la cooperaci\u00f3n en el \u00e1rea de meteorolog\u00eda entre el\u00a0<strong>IMD y el Indomet<\/strong>.<\/p>\n","protected":false},"excerpt":{"rendered":"<p>Nueva Delhi, India.\u2013\u00a0La Rep\u00fablica Dominicana\u00a0reafirm\u00f3 en\u00a0la India\u00a0su compromiso de seguir desarrollando la\u00a0generaci\u00f3n de energ\u00eda fotovoltaica\u00a0para fortalecer la independencia del sistema el\u00e9ctrico nacional y favorecer la\u00a0sostenibilidad clim\u00e1tica y ambiental\u00a0del pa\u00eds. As\u00ed&hellip; <\/p>\n","protected":false},"author":2,"featured_media":55362,"comment_status":"closed","ping_status":"closed","sticky":false,"template":"","format":"standard","meta":{"fifu_image_url":"","fifu_image_alt":"","footnotes":""},"categories":[182],"tags":[],"class_list":["post-55361","post","type-post","status-publish","format-standard","has-post-thumbnail","hentry","category-energia"],"_links":{"self":[{"href":"https:\/\/elmundodelosnegocios.com.do\/v1\/wp-json\/wp\/v2\/posts\/55361","targetHints":{"allow":["GET"]}}],"collection":[{"href":"https:\/\/elmundodelosnegocios.com.do\/v1\/wp-json\/wp\/v2\/posts"}],"about":[{"href":"https:\/\/elmundodelosnegocios.com.do\/v1\/wp-json\/wp\/v2\/types\/post"}],"author":[{"embeddable":true,"href":"https:\/\/elmundodelosnegocios.com.do\/v1\/wp-json\/wp\/v2\/users\/2"}],"replies":[{"embeddable":true,"href":"https:\/\/elmundodelosnegocios.com.do\/v1\/wp-json\/wp\/v2\/comments?post=55361"}],"version-history":[{"count":1,"href":"https:\/\/elmundodelosnegocios.com.do\/v1\/wp-json\/wp\/v2\/posts\/55361\/revisions"}],"predecessor-version":[{"id":55363,"href":"https:\/\/elmundodelosnegocios.com.do\/v1\/wp-json\/wp\/v2\/posts\/55361\/revisions\/55363"}],"wp:featuredmedia":[{"embeddable":true,"href":"https:\/\/elmundodelosnegocios.com.do\/v1\/wp-json\/wp\/v2\/media\/55362"}],"wp:attachment":[{"href":"https:\/\/elmundodelosnegocios.com.do\/v1\/wp-json\/wp\/v2\/media?parent=55361"}],"wp:term":[{"taxonomy":"category","embeddable":true,"href":"https:\/\/elmundodelosnegocios.com.do\/v1\/wp-json\/wp\/v2\/categories?post=55361"},{"taxonomy":"post_tag","embeddable":true,"href":"https:\/\/elmundodelosnegocios.com.do\/v1\/wp-json\/wp\/v2\/tags?post=55361"}],"curies":[{"name":"wp","href":"https:\/\/api.w.org\/{rel}","templated":true}]}}