{"id":55374,"date":"2024-11-09T13:49:12","date_gmt":"2024-11-09T18:19:12","guid":{"rendered":"https:\/\/www.elmundodelosnegocios.com.do\/v1\/?p=55374"},"modified":"2024-11-09T13:49:12","modified_gmt":"2024-11-09T18:19:12","slug":"bcie-dispuesto-a-respaldar-el-proyecto-del-tren-metropolitano-de-santo-domingo","status":"publish","type":"post","link":"https:\/\/elmundodelosnegocios.com.do\/v1\/bcie-dispuesto-a-respaldar-el-proyecto-del-tren-metropolitano-de-santo-domingo\/","title":{"rendered":"BCIE dispuesto a respaldar el proyecto del Tren Metropolitano de Santo Domingo"},"content":{"rendered":"<p>Santo Domingo.- El Banco Centroamericano de Integraci\u00f3n Econ\u00f3mica\u00a0<strong>(BCIE<\/strong>) expres\u00f3 su disposici\u00f3n de apoyar los\u00a0<strong>dise\u00f1os,<\/strong><strong>\u00a0\u00a0<\/strong><strong>estructuraci\u00f3n y financiaci\u00f3n privada<\/strong>\u00a0del Tren Metropolitano de Santo Domingo.<\/p>\n<p><img loading=\"lazy\" decoding=\"async\" class=\"aligncenter size-full\" src=\"https:\/\/presidencia.gob.do\/sites\/default\/files\/styles\/large\/public\/news\/2024-11\/photo.jpg?itok=EbYIPC3O\" width=\"1300\" height=\"731\" \/><\/p>\n<p>\u201c<em>Nuestra primera fase ser\u00e1 dotar de los recursos de cooperaci\u00f3n t\u00e9cnica necesarios para la realizaci\u00f3n de los estudios complementarios u otras necesidades requeridas\u201d.\u00a0<\/em>Contin\u00faa el texto afirmando que,<em>\u00a0\u201cen una segunda fase, la estructuraci\u00f3n e identificaci\u00f3n de fuentes financieras y modelos no soberanos para desarrollo de nuestro tren\u201d,<\/em>\u00a0expres\u00f3 la instituci\u00f3n multilateral a trav\u00e9s de su cuenta en X.<\/p>\n<p><strong>Gisela S\u00e1nchez<\/strong>, presidenta ejecutiva del BCIE, afirm\u00f3 que con esta decisi\u00f3n la entidad evidencia su compromiso de continuar trabajando en pro del\u00a0<strong>desarrollo de los pa\u00edses a los que sirve<\/strong>\u00a0para generar oportunidades que eleven la\u00a0<strong>calidad de vida<\/strong>\u00a0de sus ciudadanos y promover un\u00a0<strong>futuro m\u00e1s pr\u00f3spero y justo para toda la regi\u00f3n<\/strong>.<em>\u00a0\u00abMuy emocionados en el #BCIE de apoyar el proyecto del Tren Metropolitano de Santo Domingo y continuar siendo un motor de transformaci\u00f3n positiva para Rep\u00fablica Dominicana\u00bb,<\/em>\u00a0\u00a0afirm\u00f3 S\u00e1nchez en la red social.<\/p>\n<p>Previamente, desde el Fideicomiso para el Desarrollo del Sistema de Transporte Masivo de la Rep\u00fablica Dominicana\u00a0<strong>(Fitram)<\/strong>\u00a0se inform\u00f3, a trav\u00e9s de un comunicado de prensa, que la iniciativa es un\u00a0<strong>proyecto estrat\u00e9gico del Gobierno<\/strong>, por lo que ser\u00eda\u00a0<strong>replanteado<\/strong>\u00a0como un proyecto de\u00a0<strong>alianza p\u00fablico-privada o concesi\u00f3n<\/strong>, seg\u00fan establece el mecanismo que permita la ley, y anunciaron que gestionar\u00edan la participaci\u00f3n de\u00a0<strong>empresas e inversionistas calificados<\/strong>.<\/p>\n<p>El Banco Centroamericano de Integraci\u00f3n Econ\u00f3mica (BCIE) es una instituci\u00f3n financiera multilateral de desarrollo, con car\u00e1cter internacional, que busca promover<strong>\u00a0la integraci\u00f3n econ\u00f3mica y el desarrollo econ\u00f3mico y social equilibrado\u00a0<\/strong>de la regi\u00f3n centroamericana.<\/p>\n","protected":false},"excerpt":{"rendered":"<p>Santo Domingo.- El Banco Centroamericano de Integraci\u00f3n Econ\u00f3mica\u00a0(BCIE) expres\u00f3 su disposici\u00f3n de apoyar los\u00a0dise\u00f1os,\u00a0\u00a0estructuraci\u00f3n y financiaci\u00f3n privada\u00a0del Tren Metropolitano de Santo Domingo. \u201cNuestra primera fase ser\u00e1 dotar de los recursos&hellip; <\/p>\n","protected":false},"author":2,"featured_media":55375,"comment_status":"closed","ping_status":"closed","sticky":false,"template":"","format":"standard","meta":{"fifu_image_url":"https:\/\/presidencia.gob.do\/sites\/default\/files\/styles\/large\/public\/news\/2024-11\/photo.jpg?itok=EbYIPC3O","fifu_image_alt":"","footnotes":""},"categories":[171],"tags":[],"class_list":["post-55374","post","type-post","status-publish","format-standard","has-post-thumbnail","hentry","category-transporte-terrestre"],"_links":{"self":[{"href":"https:\/\/elmundodelosnegocios.com.do\/v1\/wp-json\/wp\/v2\/posts\/55374","targetHints":{"allow":["GET"]}}],"collection":[{"href":"https:\/\/elmundodelosnegocios.com.do\/v1\/wp-json\/wp\/v2\/posts"}],"about":[{"href":"https:\/\/elmundodelosnegocios.com.do\/v1\/wp-json\/wp\/v2\/types\/post"}],"author":[{"embeddable":true,"href":"https:\/\/elmundodelosnegocios.com.do\/v1\/wp-json\/wp\/v2\/users\/2"}],"replies":[{"embeddable":true,"href":"https:\/\/elmundodelosnegocios.com.do\/v1\/wp-json\/wp\/v2\/comments?post=55374"}],"version-history":[{"count":1,"href":"https:\/\/elmundodelosnegocios.com.do\/v1\/wp-json\/wp\/v2\/posts\/55374\/revisions"}],"predecessor-version":[{"id":55376,"href":"https:\/\/elmundodelosnegocios.com.do\/v1\/wp-json\/wp\/v2\/posts\/55374\/revisions\/55376"}],"wp:featuredmedia":[{"embeddable":true,"href":"https:\/\/elmundodelosnegocios.com.do\/v1\/wp-json\/wp\/v2\/media\/55375"}],"wp:attachment":[{"href":"https:\/\/elmundodelosnegocios.com.do\/v1\/wp-json\/wp\/v2\/media?parent=55374"}],"wp:term":[{"taxonomy":"category","embeddable":true,"href":"https:\/\/elmundodelosnegocios.com.do\/v1\/wp-json\/wp\/v2\/categories?post=55374"},{"taxonomy":"post_tag","embeddable":true,"href":"https:\/\/elmundodelosnegocios.com.do\/v1\/wp-json\/wp\/v2\/tags?post=55374"}],"curies":[{"name":"wp","href":"https:\/\/api.w.org\/{rel}","templated":true}]}}