{"id":55379,"date":"2024-11-11T11:53:40","date_gmt":"2024-11-11T16:23:40","guid":{"rendered":"https:\/\/www.elmundodelosnegocios.com.do\/v1\/?p=55379"},"modified":"2024-11-17T13:25:56","modified_gmt":"2024-11-17T17:55:56","slug":"presentan-proyecto-de-empoderamiento-que-beneficiara-a-dominicanas-en-espana","status":"publish","type":"post","link":"https:\/\/elmundodelosnegocios.com.do\/v1\/presentan-proyecto-de-empoderamiento-que-beneficiara-a-dominicanas-en-espana\/","title":{"rendered":"Presentan proyecto de empoderamiento que beneficiar\u00e1 a dominicanas en Espa\u00f1a"},"content":{"rendered":"<p dir=\"ltr\">Madrid.-\u00a0<strong>El programa Sup\u00e9rate<\/strong>, en colaboraci\u00f3n con el Instituto de Dominicanos y Dominicanas en el Exterior\u00a0<strong>(Index)<\/strong>\u00a0y la Asociaci\u00f3n Espa\u00f1ola de Mujeres Empresarias de Madrid\u00a0<strong>(Aseme)<\/strong>, present\u00f3 el proyecto\u00a0<strong>\u201cRed de Empoderamiento de las Mujeres Dominicanas en Espa\u00f1a<\/strong>\u201d que beneficiar\u00e1 a\u00a0<strong>50 mujeres emprendedoras<\/strong>, quienes se integrar\u00e1n y recibir\u00e1n formaci\u00f3n presencial y virtual para su desarrollo y el\u00a0<strong>crecimiento de sus negocios y proyectos productivos.<\/strong><\/p>\n<p dir=\"ltr\"><img loading=\"lazy\" decoding=\"async\" class=\"aligncenter size-full\" src=\"http:\/\/elmundodelosnegocios.com.do\/v1\/wp-content\/uploads\/2024\/11\/PHOTO-2024-11-15-10-36-18-2.jpg\" width=\"1300\" height=\"731\" \/><\/p>\n<p dir=\"ltr\">La actividad tuvo lugar en la\u00a0<strong>C\u00e1mara de Comercio de Madrid<\/strong>\u00a0y se desarroll\u00f3 en el marco de los encuentros institucionales y empresariales que se llevan a cabo durante la\u00a0<strong>Semana Dominicana en Espa\u00f1a (SEDE),<\/strong>\u00a0donde se dieron los detalles de la iniciativa. Entre otras herramientas, las participantes recibir\u00e1n\u00a0<em><strong>coaching<\/strong><\/em><strong>\u00a0empresarial<\/strong>\u00a0y tendr\u00e1n la oportunidad de asistir a las\u00a0<strong>reuniones anuales<\/strong>\u00a0de la Aseme, fortaleciendo as\u00ed su\u00a0<strong>red de contactos y su crecimiento profesional<\/strong>.<\/p>\n<p dir=\"ltr\">Durante el evento, la directora general de Sup\u00e9rate,\u00a0<strong>Gloria Reyes<\/strong>, explic\u00f3, a trav\u00e9s de un audiovisual, que la instituci\u00f3n participar\u00e1 en la ejecuci\u00f3n de dicho programa coordinando y desarrollando\u00a0<strong>actividades de formaci\u00f3n<\/strong>\u00a0para las mujeres participantes, con base en la experiencia y metodolog\u00eda de \u201c<strong>Mujeres Superemprendedoras\u201d<\/strong>.<\/p>\n<p dir=\"ltr\">En este sentido, Sup\u00e9rate asumir\u00e1 las capacitaciones en\u00a0<strong>emprendimiento, planes de negocio, educaci\u00f3n financiera y desarrollo de habilidades blandas<\/strong>. Este proceso se llevar\u00e1 a cabo mediante un plan curricular dise\u00f1ado en conjunto con Aseme, con el fin de fortalecer las capacidades empresariales y productivas de las beneficiarias y asegurar\u00a0<strong>el \u00e9xito y sostenibilidad<\/strong>\u00a0de sus emprendimientos.<\/p>\n<p dir=\"ltr\"><em>\u00abInvitamos a todas las mujeres dominicanas residentes en Espa\u00f1a a unirse a esta red y a ser parte de un espacio de crecimiento para nuestra comunidad en el exterior \u00ab<\/em>, expres\u00f3 Reyes.<\/p>\n<p dir=\"ltr\">En tanto, la presidenta de la Asociaci\u00f3n Espa\u00f1ola de Mujeres Empresarias (Aseme),\u00a0<strong>Gricell Garrido Col\u00f3n<\/strong>, motiv\u00f3 a todas las beneficiarias presentes a participar de manera activa en todos los espacios que puedan contribuir al\u00a0<strong>desarrollo de la di\u00e1spora residente en Espa\u00f1a y extensi\u00f3n a las mujeres dominicanas<\/strong>\u00a0que contribuyen a trav\u00e9s de su trabajos y emprendimientos al aparato productivo y la econom\u00eda espa\u00f1ola.<\/p>\n<p dir=\"ltr\">Se recuerda que este proyecto es el resultado de un\u00a0<strong>convenio<\/strong>\u00a0firmado entre estas instituciones en el marco de actividades de la\u00a0<strong>Feria Internacional de Turismo (FITUR) 2024,<\/strong>\u00a0con miras a ofrecer apoyo y capacitar a las mujeres empresarias y emprendedoras de nacionalidad dominicana radicadas en Espa\u00f1a.<\/p>\n<p dir=\"ltr\">Las palabras de cierre del acto estuvieron a cargo de\u00a0<strong>Ram\u00f3n Burgos<\/strong>, ministro consejero y encargado de negocios de la Embajada de Rep\u00fablica Dominicana ante el Reino de Espa\u00f1a, quien destac\u00f3 la importancia de incentivar este tipo de proyectos con miras a que las mujeres de la di\u00e1spora dominicana en Espa\u00f1a se sientan\u00a0<strong>respaldadas y acompa\u00f1adas por el Estado dominicano<\/strong>\u00a0a trav\u00e9s de sus instituciones.<\/p>\n<p dir=\"ltr\"><em>\u201cAgradecemos y saludamos, en nombre del se\u00f1or embajador Juan Bol\u00edvar D\u00edaz, todas las pol\u00edticas p\u00fablicas y proyectos en donde las mujeres dominicanas puedan desarrollar alg\u00fan tipo de emprendimiento, a trav\u00e9s del acompa\u00f1amiento y brind\u00e1ndoles las capacidades necesarias, para que puedan superar la vulnerabilidad y lograr una estabilidad financiera sostenible en el tiempo\u00bb,<\/em>\u00a0destac\u00f3 el diplom\u00e1tico.<\/p>\n<p>En la actividad estuvieron presentes\u00a0<strong>\u00c1ngel Asencio<\/strong>, presidente de la C\u00e1mara de\u00a0 Madrid;\u00a0<strong>Leonardo Marrero<\/strong>, encargado del Instituto de Dominicanos y Dominicanas en el Exterior\u00a0 (Index) en Espa\u00f1a;<strong>\u00a0Miriam Batista<\/strong>, directora de Articulaci\u00f3n en Sup\u00e9rate;\u00a0<strong>Manuel Garc\u00eda Troncoso<\/strong>, presidente de la Semana Dominicana en Espa\u00f1a (SEDE);\u00a0<strong>Siria Fr\u00edas<\/strong>, subdirectora general de Superaci\u00f3n de la Pobreza del Programa en Sup\u00e9rate, entre otras personalidades y miembros del cuerpo diplom\u00e1tico de Rep\u00fablica Dominicana en Espa\u00f1a y del sector empresarial y emprendedoras.<\/p>\n","protected":false},"excerpt":{"rendered":"<p>Madrid.-\u00a0El programa Sup\u00e9rate, en colaboraci\u00f3n con el Instituto de Dominicanos y Dominicanas en el Exterior\u00a0(Index)\u00a0y la Asociaci\u00f3n Espa\u00f1ola de Mujeres Empresarias de Madrid\u00a0(Aseme), present\u00f3 el proyecto\u00a0\u201cRed de Empoderamiento de las&hellip; <\/p>\n","protected":false},"author":2,"featured_media":55444,"comment_status":"closed","ping_status":"closed","sticky":false,"template":"","format":"standard","meta":{"fifu_image_url":"","fifu_image_alt":"","footnotes":""},"categories":[74],"tags":[],"class_list":["post-55379","post","type-post","status-publish","format-standard","has-post-thumbnail","hentry","category-comercio-internacional"],"_links":{"self":[{"href":"https:\/\/elmundodelosnegocios.com.do\/v1\/wp-json\/wp\/v2\/posts\/55379","targetHints":{"allow":["GET"]}}],"collection":[{"href":"https:\/\/elmundodelosnegocios.com.do\/v1\/wp-json\/wp\/v2\/posts"}],"about":[{"href":"https:\/\/elmundodelosnegocios.com.do\/v1\/wp-json\/wp\/v2\/types\/post"}],"author":[{"embeddable":true,"href":"https:\/\/elmundodelosnegocios.com.do\/v1\/wp-json\/wp\/v2\/users\/2"}],"replies":[{"embeddable":true,"href":"https:\/\/elmundodelosnegocios.com.do\/v1\/wp-json\/wp\/v2\/comments?post=55379"}],"version-history":[{"count":3,"href":"https:\/\/elmundodelosnegocios.com.do\/v1\/wp-json\/wp\/v2\/posts\/55379\/revisions"}],"predecessor-version":[{"id":55446,"href":"https:\/\/elmundodelosnegocios.com.do\/v1\/wp-json\/wp\/v2\/posts\/55379\/revisions\/55446"}],"wp:featuredmedia":[{"embeddable":true,"href":"https:\/\/elmundodelosnegocios.com.do\/v1\/wp-json\/wp\/v2\/media\/55444"}],"wp:attachment":[{"href":"https:\/\/elmundodelosnegocios.com.do\/v1\/wp-json\/wp\/v2\/media?parent=55379"}],"wp:term":[{"taxonomy":"category","embeddable":true,"href":"https:\/\/elmundodelosnegocios.com.do\/v1\/wp-json\/wp\/v2\/categories?post=55379"},{"taxonomy":"post_tag","embeddable":true,"href":"https:\/\/elmundodelosnegocios.com.do\/v1\/wp-json\/wp\/v2\/tags?post=55379"}],"curies":[{"name":"wp","href":"https:\/\/api.w.org\/{rel}","templated":true}]}}