{"id":55385,"date":"2024-11-11T12:00:20","date_gmt":"2024-11-11T16:30:20","guid":{"rendered":"https:\/\/www.elmundodelosnegocios.com.do\/v1\/?p=55385"},"modified":"2024-11-17T13:27:33","modified_gmt":"2024-11-17T17:57:33","slug":"infotep-impulsa-la-formacion-tecnica-y-profesional-mas-de-14000-personas-capacitadas-71-9-mujeres","status":"publish","type":"post","link":"https:\/\/elmundodelosnegocios.com.do\/v1\/infotep-impulsa-la-formacion-tecnica-y-profesional-mas-de-14000-personas-capacitadas-71-9-mujeres\/","title":{"rendered":"Infotep impulsa la formaci\u00f3n t\u00e9cnica y profesional: m\u00e1s de 14,000 personas capacitadas, 71.9:% mujeres"},"content":{"rendered":"<p dir=\"ltr\">Mar\u00eda Trinidad S\u00e1nchez.- El Instituto Nacional de Formaci\u00f3n T\u00e9cnico Profesional\u00a0<strong>(Infotep)<\/strong>\u00a0ha impulsado la capacitaci\u00f3n de\u00a0<strong>m\u00e1s de 14,000 personas<\/strong>\u00a0en la provincia\u00a0<strong>Mar\u00eda Trinidad S\u00e1nchez entre 2021 y 2024,<\/strong>\u00a0cifra en cual destaca que el\u00a0<strong>71.9 % de los beneficiarios son mujeres.\u00a0<\/strong><\/p>\n<p dir=\"ltr\"><img loading=\"lazy\" decoding=\"async\" class=\"aligncenter size-full\" src=\"http:\/\/elmundodelosnegocios.com.do\/v1\/wp-content\/uploads\/2024\/11\/PHOTO-2024-11-15-10-36-18-2-1.jpg\" width=\"1300\" height=\"731\" \/><\/p>\n<p dir=\"ltr\">\n<p dir=\"ltr\">El profesor\u00a0<strong>Rafael Santos Bad\u00eda<\/strong>, director general del Infotep, destac\u00f3 el\u00a0<strong>impacto significativo\u00a0<\/strong>que las capacitaciones impartidas han tenido en la provincia de Mar\u00eda Trinidad S\u00e1nchez, al mejorar las\u00a0<strong>habilidades y competencias<\/strong>\u00a0de los participantes y contribuir al\u00a0<strong>desarrollo econ\u00f3mico de la regi\u00f3n.<\/strong><\/p>\n<p dir=\"ltr\">Santos Bad\u00eda hizo estas aseveraciones durante su participaci\u00f3n en un\u00a0<strong>encuentro del presidente Luis Abinader con representantes de la comunidad y la sociedad civil<\/strong>\u00a0de la provincia, en la Universidad Aut\u00f3noma de Santo Domingo (UASD), recinto Nagua.<\/p>\n<p dir=\"ltr\"><em>\u201cLas capacitaciones han permitido a miles de personas acceder a oportunidades laborales m\u00e1s competitivas, fomentando as\u00ed el crecimiento de la fuerza laboral local\u201d,<\/em>\u00a0afirm\u00f3.<\/p>\n<p dir=\"ltr\">El profesor Santos Bad\u00eda resalt\u00f3, adem\u00e1s, la importancia de adaptarse a\u00a0<strong>las necesidades del mercado,\u00a0<\/strong>ofreciendo programas que abordan \u00e1reas clave como\u00a0<strong>la agricultura, la tecnolog\u00eda y los servicios,<\/strong>\u00a0lo que ha llevado a un aumento en la\u00a0<strong>inclusi\u00f3n social<\/strong>\u00a0y a un fortalecimiento del\u00a0<strong>tejido productivo<\/strong>\u00a0de la provincia.<\/p>\n<p dir=\"ltr\">Durante su charla, Santos Bad\u00eda subray\u00f3 la labor del Infotep a trav\u00e9s de la\u00a0<strong>Direcci\u00f3n Regional Cibao Sur<\/strong>, que se encarga de promover y coordinar los servicios de capacitaci\u00f3n t\u00e9cnica en la regi\u00f3n.<\/p>\n<p dir=\"ltr\">Explic\u00f3 que desde su inauguraci\u00f3n el 7 de diciembre de 2021, el\u00a0<strong>Centro Tecnol\u00f3gico Cibao Sur<\/strong>\u00a0ha capacitado a m\u00e1s de 14,000 participantes en diversas \u00e1reas,\u00a0<strong>desde desarrollo agropecuario hasta servicios de contabilidad y atenci\u00f3n a personas dependientes<\/strong>. Seg\u00fan datos presentados, en el per\u00edodo de 2020 a octubre de 2024, se han formado un total de 14,042 personas, de las cuales el 71.09 % son mujeres y 28.1 % son hombres.<\/p>\n<p dir=\"ltr\">El director general del Infotep tambi\u00e9n mencion\u00f3 la\u00a0<strong>acreditaci\u00f3n<\/strong>, en diciembre de 2022, de la\u00a0<strong>Universidad Cat\u00f3lica Nordestana (UCNE), como Centro Operativo del Sistema (COS)<\/strong>, lo que ha permitido a cientos de j\u00f3venes acceder a\u00a0<strong>formaci\u00f3n t\u00e9cnica<\/strong>\u00a0y facilitar su inserci\u00f3n en el mercado laboral.<\/p>\n<p dir=\"ltr\"><strong>Demanda de formaciones en la regi\u00f3n<\/strong><\/p>\n<p dir=\"ltr\">Las acciones m\u00e1s demandadas incluyen cursos de maquillaje b\u00e1sico, cocina, manejo de programas de oficina, y atenci\u00f3n y cuidado del adulto mayor. Estas iniciativas buscan no solo ofrecer\u00a0<strong>habilidades pr\u00e1cticas<\/strong>, sino tambi\u00e9n contribuir al\u00a0<strong>desarrollo econ\u00f3mico y social<\/strong>\u00a0de la provincia.<\/p>\n<p>El Infotep contin\u00faa trabajando en colaboraci\u00f3n con diversas instituciones locales para expandir sus programas y asegurar que\u00a0<strong>m\u00e1s ciudadanos de Mar\u00eda Trinidad S\u00e1nchez tengan acceso a una formaci\u00f3n de calidad.<\/strong><\/p>\n","protected":false},"excerpt":{"rendered":"<p>Mar\u00eda Trinidad S\u00e1nchez.- El Instituto Nacional de Formaci\u00f3n T\u00e9cnico Profesional\u00a0(Infotep)\u00a0ha impulsado la capacitaci\u00f3n de\u00a0m\u00e1s de 14,000 personas\u00a0en la provincia\u00a0Mar\u00eda Trinidad S\u00e1nchez entre 2021 y 2024,\u00a0cifra en cual destaca que el\u00a071.9&hellip; <\/p>\n","protected":false},"author":2,"featured_media":55447,"comment_status":"closed","ping_status":"closed","sticky":false,"template":"","format":"standard","meta":{"fifu_image_url":"","fifu_image_alt":"","footnotes":""},"categories":[166],"tags":[],"class_list":["post-55385","post","type-post","status-publish","format-standard","has-post-thumbnail","hentry","category-tecnologia"],"_links":{"self":[{"href":"https:\/\/elmundodelosnegocios.com.do\/v1\/wp-json\/wp\/v2\/posts\/55385","targetHints":{"allow":["GET"]}}],"collection":[{"href":"https:\/\/elmundodelosnegocios.com.do\/v1\/wp-json\/wp\/v2\/posts"}],"about":[{"href":"https:\/\/elmundodelosnegocios.com.do\/v1\/wp-json\/wp\/v2\/types\/post"}],"author":[{"embeddable":true,"href":"https:\/\/elmundodelosnegocios.com.do\/v1\/wp-json\/wp\/v2\/users\/2"}],"replies":[{"embeddable":true,"href":"https:\/\/elmundodelosnegocios.com.do\/v1\/wp-json\/wp\/v2\/comments?post=55385"}],"version-history":[{"count":2,"href":"https:\/\/elmundodelosnegocios.com.do\/v1\/wp-json\/wp\/v2\/posts\/55385\/revisions"}],"predecessor-version":[{"id":55448,"href":"https:\/\/elmundodelosnegocios.com.do\/v1\/wp-json\/wp\/v2\/posts\/55385\/revisions\/55448"}],"wp:featuredmedia":[{"embeddable":true,"href":"https:\/\/elmundodelosnegocios.com.do\/v1\/wp-json\/wp\/v2\/media\/55447"}],"wp:attachment":[{"href":"https:\/\/elmundodelosnegocios.com.do\/v1\/wp-json\/wp\/v2\/media?parent=55385"}],"wp:term":[{"taxonomy":"category","embeddable":true,"href":"https:\/\/elmundodelosnegocios.com.do\/v1\/wp-json\/wp\/v2\/categories?post=55385"},{"taxonomy":"post_tag","embeddable":true,"href":"https:\/\/elmundodelosnegocios.com.do\/v1\/wp-json\/wp\/v2\/tags?post=55385"}],"curies":[{"name":"wp","href":"https:\/\/api.w.org\/{rel}","templated":true}]}}