{"id":55396,"date":"2024-11-12T14:46:46","date_gmt":"2024-11-12T19:16:46","guid":{"rendered":"https:\/\/www.elmundodelosnegocios.com.do\/v1\/?p=55396"},"modified":"2024-11-12T14:46:46","modified_gmt":"2024-11-12T19:16:46","slug":"direccion-general-de-aduanas-presenta-un-innovador-dashboard-de-datos-de-comercio","status":"publish","type":"post","link":"https:\/\/elmundodelosnegocios.com.do\/v1\/direccion-general-de-aduanas-presenta-un-innovador-dashboard-de-datos-de-comercio\/","title":{"rendered":"Direcci\u00f3n General de Aduanas presenta un innovador dashboard de datos de comercio"},"content":{"rendered":"<p dir=\"ltr\">Santo Domingo.\u2013 La Direcci\u00f3n General de Aduanas\u00a0<strong>(DGA)<\/strong>\u00a0present\u00f3 este martes su\u00a0<em><strong>Dashboard<\/strong><\/em><strong>\u00a0de Comercio Exterior<\/strong>, una innovadora herramienta que ofrecer\u00e1\u00a0<strong>datos confiables y din\u00e1micos<\/strong>, a los sectores de\u00a0<strong>importadores y exportadores<\/strong>\u00a0para la toma de sus decisiones.<\/p>\n<p dir=\"ltr\"><img loading=\"lazy\" decoding=\"async\" class=\"aligncenter size-full\" src=\"https:\/\/presidencia.gob.do\/sites\/default\/files\/styles\/large\/public\/news\/2024-11\/Foto%201%20El%20director%20de%20Aduanas%2C%20Eduardo%20Sanz%20Lovat%C3%B3n..jpg?itok=VRgpbY3Z\" width=\"1300\" height=\"731\" \/><\/p>\n<p dir=\"ltr\">Esta herramienta contiene\u00a0<strong>informaci\u00f3n estad\u00edstica<\/strong>\u00a0agregada sobre las importaciones y las exportaciones, organizada\u00a0<strong>por rubros y pa\u00edses<\/strong>, entre otras especificaciones.<\/p>\n<p dir=\"ltr\">El\u00a0<em>dashboard<\/em>\u00a0busca tambi\u00e9n que\u00a0<strong>inversionistas extranjeros<\/strong>\u00a0e interesados en comerciar con la Rep\u00fablica Dominicana, accesen a\u00a0<strong>datos comerciales en tiempo real.<\/strong><\/p>\n<p dir=\"ltr\"><em>\u201cEste es un instrumento que apuesta a la innovaci\u00f3n y a la transparencia del comercio dominicano\u201d<\/em>, indic\u00f3 el director general de Aduanas,\u00a0<strong>Eduardo Sanz Lovat\u00f3n<\/strong>, durante la presentaci\u00f3n de la herramienta.<\/p>\n<p dir=\"ltr\">El funcionario detall\u00f3 que el\u00a0<em><strong>bigdata<\/strong><\/em>\u00a0es una\u00a0<strong>realidad del mundo y, sobre todo, del comercio<\/strong>, por lo que la Rep\u00fablica Dominicana no puede quedarse al margen de estos procesos.<\/p>\n<p dir=\"ltr\">La presentaci\u00f3n estuvo a cargo de\u00a0<strong>Amaurys V\u00e9lez<\/strong>, gerente de Estudios Econ\u00f3micos y An\u00e1lisis de Datos, y su equipo, quienes explicaron en detalle el\u00a0<strong>alcance de los datos contenidos.<\/strong><\/p>\n<p dir=\"ltr\">En el acto estuvo presente la directora ejecutiva del Centro de Exportaci\u00f3n e Inversi\u00f3n de la Rep\u00fablica Dominicana\u00a0<strong>(Prodominicana)<\/strong>,\u00a0<strong>Biviana Riveiro<\/strong>, as\u00ed como actores claves del\u00a0<strong>sector comercial p\u00fablico y privado.\u00a0\u00a0<\/strong><\/p>\n<p dir=\"ltr\">El Dashboard de Comercio Exterior ser\u00e1, adem\u00e1s, fundamental para garantizar el\u00a0<strong>cumplimiento normativo<\/strong>\u00a0y fortalecer la\u00a0<strong>capacidad de respuesta<\/strong>\u00a0de la DGA ante los\u00a0<strong>desaf\u00edos del comercio global<\/strong>.<\/p>\n<p>En el acto de lanzamiento, se llev\u00f3 a cabo el panel titulado<strong>\u00a0\u201cUso de datos para la toma de decisiones en un entorno din\u00e1mico\u201d,<\/strong>\u00a0donde expertos en an\u00e1lisis de datos comerciales compartieron sus conocimientos, experiencias y perspectivas sobre el uso de\u00a0<strong>tecnolog\u00edas de an\u00e1lisis en el sector de comercio exterior.<\/strong><\/p>\n","protected":false},"excerpt":{"rendered":"<p>Santo Domingo.\u2013 La Direcci\u00f3n General de Aduanas\u00a0(DGA)\u00a0present\u00f3 este martes su\u00a0Dashboard\u00a0de Comercio Exterior, una innovadora herramienta que ofrecer\u00e1\u00a0datos confiables y din\u00e1micos, a los sectores de\u00a0importadores y exportadores\u00a0para la toma de sus&hellip; <\/p>\n","protected":false},"author":2,"featured_media":55397,"comment_status":"closed","ping_status":"closed","sticky":false,"template":"","format":"standard","meta":{"fifu_image_url":"https:\/\/presidencia.gob.do\/sites\/default\/files\/styles\/large\/public\/news\/2024-11\/Foto%201%20El%20director%20de%20Aduanas%2C%20Eduardo%20Sanz%20Lovat%C3%B3n..jpg?itok=VRgpbY3Z","fifu_image_alt":"","footnotes":""},"categories":[178],"tags":[],"class_list":["post-55396","post","type-post","status-publish","format-standard","has-post-thumbnail","hentry","category-aduana"],"_links":{"self":[{"href":"https:\/\/elmundodelosnegocios.com.do\/v1\/wp-json\/wp\/v2\/posts\/55396","targetHints":{"allow":["GET"]}}],"collection":[{"href":"https:\/\/elmundodelosnegocios.com.do\/v1\/wp-json\/wp\/v2\/posts"}],"about":[{"href":"https:\/\/elmundodelosnegocios.com.do\/v1\/wp-json\/wp\/v2\/types\/post"}],"author":[{"embeddable":true,"href":"https:\/\/elmundodelosnegocios.com.do\/v1\/wp-json\/wp\/v2\/users\/2"}],"replies":[{"embeddable":true,"href":"https:\/\/elmundodelosnegocios.com.do\/v1\/wp-json\/wp\/v2\/comments?post=55396"}],"version-history":[{"count":1,"href":"https:\/\/elmundodelosnegocios.com.do\/v1\/wp-json\/wp\/v2\/posts\/55396\/revisions"}],"predecessor-version":[{"id":55398,"href":"https:\/\/elmundodelosnegocios.com.do\/v1\/wp-json\/wp\/v2\/posts\/55396\/revisions\/55398"}],"wp:featuredmedia":[{"embeddable":true,"href":"https:\/\/elmundodelosnegocios.com.do\/v1\/wp-json\/wp\/v2\/media\/55397"}],"wp:attachment":[{"href":"https:\/\/elmundodelosnegocios.com.do\/v1\/wp-json\/wp\/v2\/media?parent=55396"}],"wp:term":[{"taxonomy":"category","embeddable":true,"href":"https:\/\/elmundodelosnegocios.com.do\/v1\/wp-json\/wp\/v2\/categories?post=55396"},{"taxonomy":"post_tag","embeddable":true,"href":"https:\/\/elmundodelosnegocios.com.do\/v1\/wp-json\/wp\/v2\/tags?post=55396"}],"curies":[{"name":"wp","href":"https:\/\/api.w.org\/{rel}","templated":true}]}}