{"id":55399,"date":"2024-11-12T14:48:52","date_gmt":"2024-11-12T19:18:52","guid":{"rendered":"https:\/\/www.elmundodelosnegocios.com.do\/v1\/?p=55399"},"modified":"2024-11-17T13:22:16","modified_gmt":"2024-11-17T17:52:16","slug":"socializan-resultados-del-trabajo-para-la-implementacion-del-marco-nacional-integrado-de-financiamiento","status":"publish","type":"post","link":"https:\/\/elmundodelosnegocios.com.do\/v1\/socializan-resultados-del-trabajo-para-la-implementacion-del-marco-nacional-integrado-de-financiamiento\/","title":{"rendered":"Socializan resultados del trabajo para la implementaci\u00f3n del Marco Nacional Integrado de Financiamiento"},"content":{"rendered":"<p dir=\"ltr\">Santo Domingo.- El Ministerio de Econom\u00eda, Planificaci\u00f3n y Desarrollo\u00a0<strong>(Mepyd)<\/strong>\u00a0y la Comisi\u00f3n Econ\u00f3mica para Am\u00e9rica Latina y el Caribe\u00a0<strong>(Cepal)<\/strong>\u00a0socializaron con\u00a0<strong>representantes del sector p\u00fablico y privado, as\u00ed como de la cooperaci\u00f3n internacional,<\/strong>\u00a0los avances que realiza la Rep\u00fablica Dominicana en la implementaci\u00f3n del\u00a0<strong>Marco Nacional Integrado de Financiaci\u00f3n para el Desarrollo\u00a0<\/strong>(INFF, por sus siglas en ingl\u00e9s).<\/p>\n<p dir=\"ltr\"><img loading=\"lazy\" decoding=\"async\" class=\"aligncenter size-full\" src=\"http:\/\/elmundodelosnegocios.com.do\/v1\/wp-content\/uploads\/2024\/11\/IMG_4680.jpeg\" width=\"1300\" height=\"731\" \/><\/p>\n<p dir=\"ltr\">Este marco constituye una\u00a0<strong>herramienta clave<\/strong>\u00a0para mejorar la vinculaci\u00f3n entre<strong>\u00a0la planificaci\u00f3n y el presupuesto<\/strong>, fortalecer el monitoreo de los<strong>\u00a0flujos financieros<\/strong>\u00a0para el desarrollo y movilizar\u00a0<strong>recursos adicionales<\/strong>\u00a0de todas las fuentes a trav\u00e9s de\u00a0<strong>mecanismos alternativos de financiamiento.<\/strong><\/p>\n<p dir=\"ltr\">Desde el Gobierno se ha establecido\u00a0<strong>la duplicaci\u00f3n del PIB a 2036,<\/strong>\u00a0como una de las principales\u00a0<strong>metas<\/strong>\u00a0de desarrollo de largo plazo, y el Marco de Financiaci\u00f3n ha sido identificado como un set de\u00a0<strong>herramientas<\/strong>\u00a0habilitantes para aumentar la probabilidad de alcanzar este objetivo.<\/p>\n<p dir=\"ltr\">En ese aspecto, la actividad titulada\u00a0<strong>\u201cFinanciaci\u00f3n para el Desarrollo: Retos y oportunidades para avanzar en el logro de la Estrategia Nacional de Desarrollo (END) y los Objetivos de Desarrollo Sostenible (ODS)\u201d<\/strong>, se llev\u00f3 a cabo en el Ministerio de Econom\u00eda. El contexto de la misma es la visita del 7 al 13 de noviembre de una\u00a0<strong>misi\u00f3n de seguimiento\u00a0<\/strong>al apoyo t\u00e9cnico del Departamento de Asuntos Econ\u00f3micos y Sociales\u00a0<strong>(Undesa)<\/strong>\u00a0en la implementaci\u00f3n de los Marcos Integrados de Financiamiento para el Desarrollo\u00a0<strong>(INFF)<\/strong>\u00a0en Rep\u00fablica Dominicana.<\/p>\n<p dir=\"ltr\">El principal objetivo de la actividad fue socializar los principales\u00a0<strong>hallazgos y recomendaciones<\/strong>\u00a0del apoyo t\u00e9cnico brindado por Cepal en materia de\u00a0<strong>brechas<\/strong>\u00a0de financiamiento en sectores priorizados e\u00a0<strong>instrumentos alternativos<\/strong>\u00a0de financiamiento.<\/p>\n<p dir=\"ltr\">En tal sentido, a octubre de 2024, la CEPAL est\u00e1 concluyendo su trabajo con la\u00a0<strong>entrega de varios productos de conocimiento<\/strong>\u00a0alineados con la identificaci\u00f3n de brechas de financiamiento y la factibilidad de usar mecanismos alternativos de financiamiento para movilizar recursos de todas las fuentes hacia el cierre de esas brechas.<\/p>\n<p dir=\"ltr\">Las palabras de apertura de la actividad fueron pronunciadas por el viceministro de Planificaci\u00f3n del Ministerio de Econom\u00eda,\u00a0<strong>Jefrey Lizardo<\/strong>; la coordinadora residente del Sistema de las Naciones Unidas en Rep\u00fablica Dominicana,\u00a0<strong>Julia S\u00e1nchez<\/strong>, y el viceministro del Tesoro del Ministerio de Hacienda,\u00a0<strong>Derby de los Santos<\/strong>.<\/p>\n<p dir=\"ltr\"><em>\u201cLa Rep\u00fablica Dominicana ha trabajado con dedicaci\u00f3n con el apoyo de las Naciones Unidas para implementar un Marco Nacional Integrado de Financiaci\u00f3n para el desarrollo\u201d,<\/em>\u00a0puntualiz\u00f3 Lizardo.<\/p>\n<p dir=\"ltr\">Lizardo explic\u00f3 que este marco representa una\u00a0<strong>herramienta clave para la movilizaci\u00f3n de recursos<\/strong>, alineando la planificaci\u00f3n y el presupuesto para lograr resultados efectivos en desarrollo, reducir brechas sociales y construir una\u00a0<strong>econom\u00eda m\u00e1s resiliente y pr\u00f3spera.<\/strong><\/p>\n<p dir=\"ltr\">A su vez, la coordinadora residente del Sistema de las Naciones Unidas en Rep\u00fablica Dominicana, S\u00e1nchez, expres\u00f3 que<em>\u00a0\u201cla Rep\u00fablica Dominicana ha demostrado un liderazgo ejemplar en su compromiso con la Estrategia Nacional de Desarrollo y la Agenda 2030 y m\u00e1s recientemente ha adoptado una nueva meta de duplicar su PIB para el a\u00f1o 2036\u201d.<\/em><\/p>\n<p dir=\"ltr\">De su lado, el viceministro del Tesoro del Ministerio de Hacienda, De los Santos, destac\u00f3 el esfuerzo del Gobierno dominicano\u00a0<em>\u201cpara garantizar un uso efectivo de los recursos p\u00fablicos, establecer prioridades claras y asegurar coherencia entre la definici\u00f3n de las metas y la ejecuci\u00f3n efectiva de las mismas\u201d.<\/em><\/p>\n<p dir=\"ltr\">Asimismo, el director de la Divisi\u00f3n de Desarrollo Econ\u00f3mico de la CEPAL,\u00a0<strong>Daniel Titelman<\/strong>, quien present\u00f3 el panorama macroecon\u00f3mico y fiscal de la regi\u00f3n y los retos para la implementaci\u00f3n del INFF, destac\u00f3\u00a0<strong>la importancia de fomentar el crecimiento econ\u00f3mico y la inclusi\u00f3n social.<\/strong>\u00a0Titelman resalt\u00f3 que la Rep\u00fablica Dominicana est\u00e1\u00a0<strong>muy por encima del promedio de la regi\u00f3n<\/strong>\u00a0en las proyecciones de crecimiento econ\u00f3mico para este 2024.<\/p>\n<p dir=\"ltr\">El Marco Integral de Financiaci\u00f3n, Experiencias de SIDS, Colombia y Rep\u00fablica Dominicana fue expuesto por\u00a0<strong>Resina Katafono<\/strong>, asesora interregional en Financiamiento para el Desarrollo Sostenible de Undesa;\u00a0<strong>Zulma Espinosa,<\/strong>\u00a0del Departamento Nacional de Planeaci\u00f3n de Colombia, y por\u00a0<strong>Perla Soto<\/strong>, encargada del Departamento de Desarrollo Sostenible del Viceministerio de Planificaci\u00f3n del Ministerio de Econom\u00eda.<\/p>\n<p dir=\"ltr\">Asimismo, los consultores\u00a0<strong>Gustavo Caffaro y Richard Medina<\/strong>\u00a0presentaron el Costeo de Pol\u00edticas P\u00fablicas y Opciones De Financiamiento Innovadoras.<\/p>\n<p dir=\"ltr\">En la actividad se llev\u00f3 a cabo un panel sobre Herramientas Innovadoras de Financiaci\u00f3n del Desarrollo, integrado por\u00a0<strong>Yanna Dishmey<\/strong>, encargada del Departamento de Proyectos de Alianzas P\u00fablico-Privadas de la Direcci\u00f3n General de Inversi\u00f3n P\u00fablica del Ministerio de Econom\u00eda;\u00a0<strong>Oscar Bogaert<\/strong>, gerente de la Divisi\u00f3n de Negocios de Banca de Inversi\u00f3n del Banco Popular;\u00a0<strong>Iv\u00e1n Carvajal<\/strong>, director de Planificaci\u00f3n Estrat\u00e9gica y Mercados de la Bolsa de Valores de la Rep\u00fablica Dominicana, con la moderaci\u00f3n de\u00a0<strong>Luis Madera<\/strong>, viceministro de Seguimiento y Coordinaci\u00f3n Gubernamental del Ministerio de la Presidencia.<\/p>\n<p dir=\"ltr\">El cierre de la actividad estuvo a cargo de\u00a0<strong>Oliver Schwank<\/strong>, jefe del \u00c1rea de An\u00e1lisis de Pol\u00edticas y Desarrollo de Undesa;\u00a0<strong>Daniel Titelman<\/strong>, director de la Divisi\u00f3n de Desarrollo Econ\u00f3mico de la CEPAL, y\u00a0<strong>Jefrey Lizardo<\/strong>, viceministro de Planificaci\u00f3n del Ministerio de Econom\u00eda, quien reiter\u00f3 el compromiso del Gobierno dominicano de seguir utilizando las herramientas para impulsar\u00a0<strong>nuevas pol\u00edticas p\u00fablicas.<\/strong><\/p>\n<p dir=\"ltr\"><strong>Antecedentes<\/strong><\/p>\n<p dir=\"ltr\">En octubre de 2022, el Gobierno dominicano\u00a0<strong>solicit\u00f3 apoyo t\u00e9cnico<\/strong>\u00a0a la Comisi\u00f3n de Asuntos Econ\u00f3micos y Sociales (Undesa) y particularmente a la Oficina de Financiamiento para el Desarrollo Sostenible\u00a0<strong>(FSDO)<\/strong>, con el prop\u00f3sito de implementar INFF en el pa\u00eds.<\/p>\n<p dir=\"ltr\">Como\u00a0<strong>respuesta<\/strong>\u00a0a esta solicitud, en mayo de 2023, junto con el\u00a0<strong>Sistema de las Naciones Unidas\u00a0<\/strong>se llev\u00f3 a cabo un taller de lanzamiento del Marco de Financiamiento, en el cual se identific\u00f3 la necesidad de aprovechar las herramientas de INFF para acelerar el\u00a0<strong>cumplimiento de objetivos de desarrollo prioritarios del pa\u00eds.<\/strong><\/p>\n<p>En la actualidad, INFF viene siendo implementado con el liderazgo del Gobierno y el apoyo t\u00e9cnico del Sistema de las Naciones Unidas y particularmente DESA, Cepal y PNUD. Al respecto, DESA y Cepal han proporcionado\u00a0<strong>consultores expertos<\/strong>\u00a0para trabajar en\u00a0<strong>estrecha colaboraci\u00f3n con el Ministerio de Econom\u00eda<\/strong>, mientras que el PNUD viene implementando un plan de trabajo alineado con los objetivos de INFF.<\/p>\n","protected":false},"excerpt":{"rendered":"<p>Santo Domingo.- El Ministerio de Econom\u00eda, Planificaci\u00f3n y Desarrollo\u00a0(Mepyd)\u00a0y la Comisi\u00f3n Econ\u00f3mica para Am\u00e9rica Latina y el Caribe\u00a0(Cepal)\u00a0socializaron con\u00a0representantes del sector p\u00fablico y privado, as\u00ed como de la cooperaci\u00f3n internacional,\u00a0los&hellip; <\/p>\n","protected":false},"author":2,"featured_media":55441,"comment_status":"closed","ping_status":"closed","sticky":false,"template":"","format":"standard","meta":{"fifu_image_url":"","fifu_image_alt":"","footnotes":""},"categories":[62],"tags":[],"class_list":["post-55399","post","type-post","status-publish","format-standard","has-post-thumbnail","hentry","category-economia"],"_links":{"self":[{"href":"https:\/\/elmundodelosnegocios.com.do\/v1\/wp-json\/wp\/v2\/posts\/55399","targetHints":{"allow":["GET"]}}],"collection":[{"href":"https:\/\/elmundodelosnegocios.com.do\/v1\/wp-json\/wp\/v2\/posts"}],"about":[{"href":"https:\/\/elmundodelosnegocios.com.do\/v1\/wp-json\/wp\/v2\/types\/post"}],"author":[{"embeddable":true,"href":"https:\/\/elmundodelosnegocios.com.do\/v1\/wp-json\/wp\/v2\/users\/2"}],"replies":[{"embeddable":true,"href":"https:\/\/elmundodelosnegocios.com.do\/v1\/wp-json\/wp\/v2\/comments?post=55399"}],"version-history":[{"count":2,"href":"https:\/\/elmundodelosnegocios.com.do\/v1\/wp-json\/wp\/v2\/posts\/55399\/revisions"}],"predecessor-version":[{"id":55442,"href":"https:\/\/elmundodelosnegocios.com.do\/v1\/wp-json\/wp\/v2\/posts\/55399\/revisions\/55442"}],"wp:featuredmedia":[{"embeddable":true,"href":"https:\/\/elmundodelosnegocios.com.do\/v1\/wp-json\/wp\/v2\/media\/55441"}],"wp:attachment":[{"href":"https:\/\/elmundodelosnegocios.com.do\/v1\/wp-json\/wp\/v2\/media?parent=55399"}],"wp:term":[{"taxonomy":"category","embeddable":true,"href":"https:\/\/elmundodelosnegocios.com.do\/v1\/wp-json\/wp\/v2\/categories?post=55399"},{"taxonomy":"post_tag","embeddable":true,"href":"https:\/\/elmundodelosnegocios.com.do\/v1\/wp-json\/wp\/v2\/tags?post=55399"}],"curies":[{"name":"wp","href":"https:\/\/api.w.org\/{rel}","templated":true}]}}