{"id":55404,"date":"2024-11-14T10:10:28","date_gmt":"2024-11-14T14:40:28","guid":{"rendered":"https:\/\/www.elmundodelosnegocios.com.do\/v1\/?p=55404"},"modified":"2024-11-14T10:10:28","modified_gmt":"2024-11-14T14:40:28","slug":"rd-participa-en-la-segunda-reunion-del-consejo-intergubernamental-del-programa-iberoamericano-para-el-fortalecimiento-de-la-cooperacion-sur-sur","status":"publish","type":"post","link":"https:\/\/elmundodelosnegocios.com.do\/v1\/rd-participa-en-la-segunda-reunion-del-consejo-intergubernamental-del-programa-iberoamericano-para-el-fortalecimiento-de-la-cooperacion-sur-sur\/","title":{"rendered":"RD participa en la Segunda Reuni\u00f3n del Consejo Intergubernamental del Programa Iberoamericano para el Fortalecimiento de la Cooperaci\u00f3n Sur-Sur"},"content":{"rendered":"<p>Cuenca, Ecuador.-\u00a0<strong>La Rep\u00fablica Dominicana<\/strong>\u00a0particip\u00f3 en la Segunda Reuni\u00f3n del\u00a0<strong>Consejo Intergubernamental del Programa Iberoamericano para el Fortalecimiento de la Cooperaci\u00f3n Sur-Sur (PIFCSS),\u00a0<\/strong>que se celebr\u00f3 en esta ciudad el pasado lunes 11 del presente mes.<\/p>\n<p>El pa\u00eds estuvo representado por la responsable de\u00a0<strong>Cooperaci\u00f3n ante el Espacio Iberoamericano<\/strong>\u00a0y viceministra de\u00a0<strong>Cooperaci\u00f3n Internacional<\/strong>\u00a0del Ministerio de Econom\u00eda, Planificaci\u00f3n y Desarrollo,\u00a0<strong>Olaya Dotel<\/strong>, y la directora de Cooperaci\u00f3n Regional y responsable de Cooperaci\u00f3n Adjunta,\u00a0<strong>Lidia Encarnaci\u00f3n<\/strong>.<\/p>\n<p>Dotel y Encarnaci\u00f3n participan en\u00a0<strong>Cuenca, Ecuador<\/strong>\u00a0en la\u00a0<strong>IV Reuni\u00f3n de Coordinadores Nacionales y Responsables de Cooperaci\u00f3n Iberoamericana\u00a0<\/strong>de los 22 pa\u00edses que integran la Secretar\u00eda General Iberoamericana (SEGIB), la cual se celebra los d\u00edas 12 y 13 de noviembre.<\/p>\n<p>En la\u00a0<strong>Segunda Reuni\u00f3n del Consejo Intergubernamental del PIFCSS fueron<\/strong>\u00a0presentados los informes t\u00e9cnicos y financieros del\u00a0<strong>segundo semestre 2024<\/strong>, as\u00ed como la aprobaci\u00f3n del\u00a0<strong>Plan Operativo Anual 2025,<\/strong>\u00a0donde emanar\u00e1n todas las acciones que se llevar\u00e1n durante el 2025.<\/p>\n<p>En este sentido, con la presentaci\u00f3n de estos informes la Rep\u00fablica Dominicana, a trav\u00e9s de la representaci\u00f3n de Dotel, valor\u00f3 la realizaci\u00f3n de los distintos encuentros presenciales durante el a\u00f1o, convencidos que las reflexiones y recomendaciones procedentes de cada uno, contribuir\u00e1n en una\u00a0<strong>mejor gesti\u00f3n y aprovechamiento<\/strong>\u00a0de la cooperaci\u00f3n sur-sur y triangular en los pa\u00edses miembros del programa.<\/p>\n<p><img loading=\"lazy\" decoding=\"async\" src=\"https:\/\/presidencia.gob.do\/sites\/default\/files\/inline-images\/IMG_4686.jpeg\" width=\"1200\" height=\"1600\" data-entity-uuid=\"77dd4488-4452-429f-9fed-7d935db2c24e\" data-entity-type=\"file\" \/><\/p>\n<p>Igualmente, se destacaron los avances emanados desde el\u00a0<strong>Grupo de Referencia de Innovaci\u00f3n<\/strong>, donde la Rep\u00fablica Dominicana, sostuvo una intervenci\u00f3n, reconociendo el valor y el trabajo que se realiza con este grupo desde el\u00a0<strong>a\u00f1o 2023<\/strong>, siendo un\u00a0<strong>eje estrat\u00e9gico<\/strong>\u00a0tanto a nivel nacional como en el mismo programa.<\/p>\n<p>Asimismo, renov\u00f3 su compromiso con otros grupos de trabajo como miembro, dentro de los que se encuentran el grupo de la\u00a0<strong>Renovaci\u00f3n de Mecanismo Estructurado de la Cooperaci\u00f3n Sur Sur<\/strong>\u00a0(MECSS) y el\u00a0<strong>Grupo de Sostenibilidad Financiera.<\/strong><\/p>\n<p>La Rep\u00fablica Dominicana se postul\u00f3 y fue seleccionado para formar parte del\u00a0<strong>comit\u00e9 ejecutivo<\/strong>\u00a0del programa.<\/p>\n<p>Estas funciones la desempe\u00f1ar\u00e1n durante los pr\u00f3ximos dos a\u00f1os, junto con los Responsables de Cooperaci\u00f3n de\u00a0<strong>Chile, Brasil, Guatemala y Espa\u00f1a<\/strong>. La Rep\u00fablica Dominicana no formaba parte de este comit\u00e9 desde 2015, y espera contribuir desde el mismo, a un\u00a0<strong>fortalecimiento del PIFCSS.<\/strong><\/p>\n<p><strong>IV Reuni\u00f3n de Coordinadores Nacionales y Responsables de Cooperaci\u00f3n<\/strong><\/p>\n<p>La\u00a0<strong>IV Reuni\u00f3n de Coordinadores y Responsables de Cooperaci\u00f3n<\/strong>\u00a0de los 22 pa\u00edses que integran la\u00a0<strong>Secretar\u00eda General Iberoamericana<\/strong>\u00a0(SEGIB) tiene el objetivo de consolidar los trabajos realizados en conjunto, en el marco de la\u00a0<strong>Declaraci\u00f3n de Jefas y Jefes de Estado y de Gobierno<\/strong>\u00a0y el\u00a0<strong>Plan de Acci\u00f3n para la Cooperaci\u00f3n Iberoamericana<\/strong>, a fin de ser adoptados en la\u00a0<strong>XXIX Cumbre Iberoamericana de Jefas y Jefes de Estados y de Gobierno<\/strong>\u00a0que ser\u00e1 realizada en d\u00edas posteriores 14 y 15, bajo el lema\u00a0<strong>\u201cInnovaci\u00f3n, Inclusi\u00f3n y Sostenibilidad\u201d.<\/strong><\/p>\n<p>La viceministra de Cooperaci\u00f3n Internacional del Ministerio de Econom\u00eda, Dotel, en su calidad de Responsable de Cooperaci\u00f3n ante la SEGIB, y su adjunta, Encarnaci\u00f3n representan a la Rep\u00fablica Dominicana, llevando la posici\u00f3n del pa\u00eds para la\u00a0<strong>construcci\u00f3n de los consensos<\/strong>\u00a0en los temas estrat\u00e9gicos de\u00a0<strong>cooperaci\u00f3n internacional y desarrollo sostenible<\/strong>, como los avances en la\u00a0<strong>Agenda 2030<\/strong>\u00a0y sus 17 objetivos en seguimiento a los compromisos adquiridos en cumbres anteriores.<\/p>\n<p>Adem\u00e1s de las reuniones de Coordinadores Nacionales y Responsables de Cooperaci\u00f3n, se realiza el lanzamiento de\u00a0<strong>dos importantes informes<\/strong>\u00a0coordinados por la SEGIB: La XV edici\u00f3n del Informe de Cooperaci\u00f3n Sur-Sur y Triangular en Iberoam\u00e9rica y el IV Informe del Observatorio de la R\u00e1bida: \u201cOc\u00e9anos en Iberoam\u00e9rica: conservar y restaurar para prosperar\u201d.<\/p>\n<p>Otros eventos en el marco de la cumbre son la Reuni\u00f3n de trabajo de los Observadores Asociados de la\u00a0<strong>Conferencia Iberoamericana<\/strong>\u00a0y la inauguraci\u00f3n del XV Encuentro Empresarial Iberoamericano y Reuni\u00f3n de trabajo de los\u00a0<strong>Observadores Consultivos<\/strong>, la Reuni\u00f3n de Cancilleres Iberoamericanos y el lanzamiento de la\u00a0<strong>Tarjeta Iberoamericana de Discapacidad<\/strong>\u00a0con el Programa Iberoamericano de Discapacidad y la ONCE, los d\u00edas 13 y 14.<\/p>\n","protected":false},"excerpt":{"rendered":"<p>Cuenca, Ecuador.-\u00a0La Rep\u00fablica Dominicana\u00a0particip\u00f3 en la Segunda Reuni\u00f3n del\u00a0Consejo Intergubernamental del Programa Iberoamericano para el Fortalecimiento de la Cooperaci\u00f3n Sur-Sur (PIFCSS),\u00a0que se celebr\u00f3 en esta ciudad el pasado lunes 11&hellip; <\/p>\n","protected":false},"author":2,"featured_media":55405,"comment_status":"closed","ping_status":"closed","sticky":false,"template":"","format":"standard","meta":{"fifu_image_url":"https:\/\/presidencia.gob.do\/sites\/default\/files\/styles\/large\/public\/news\/2024-11\/IMG_4685.jpeg?itok=PQ0Ef8qg","fifu_image_alt":"","footnotes":""},"categories":[254],"tags":[],"class_list":["post-55404","post","type-post","status-publish","format-standard","has-post-thumbnail","hentry","category-relaciones-internacionales"],"_links":{"self":[{"href":"https:\/\/elmundodelosnegocios.com.do\/v1\/wp-json\/wp\/v2\/posts\/55404","targetHints":{"allow":["GET"]}}],"collection":[{"href":"https:\/\/elmundodelosnegocios.com.do\/v1\/wp-json\/wp\/v2\/posts"}],"about":[{"href":"https:\/\/elmundodelosnegocios.com.do\/v1\/wp-json\/wp\/v2\/types\/post"}],"author":[{"embeddable":true,"href":"https:\/\/elmundodelosnegocios.com.do\/v1\/wp-json\/wp\/v2\/users\/2"}],"replies":[{"embeddable":true,"href":"https:\/\/elmundodelosnegocios.com.do\/v1\/wp-json\/wp\/v2\/comments?post=55404"}],"version-history":[{"count":1,"href":"https:\/\/elmundodelosnegocios.com.do\/v1\/wp-json\/wp\/v2\/posts\/55404\/revisions"}],"predecessor-version":[{"id":55406,"href":"https:\/\/elmundodelosnegocios.com.do\/v1\/wp-json\/wp\/v2\/posts\/55404\/revisions\/55406"}],"wp:featuredmedia":[{"embeddable":true,"href":"https:\/\/elmundodelosnegocios.com.do\/v1\/wp-json\/wp\/v2\/media\/55405"}],"wp:attachment":[{"href":"https:\/\/elmundodelosnegocios.com.do\/v1\/wp-json\/wp\/v2\/media?parent=55404"}],"wp:term":[{"taxonomy":"category","embeddable":true,"href":"https:\/\/elmundodelosnegocios.com.do\/v1\/wp-json\/wp\/v2\/categories?post=55404"},{"taxonomy":"post_tag","embeddable":true,"href":"https:\/\/elmundodelosnegocios.com.do\/v1\/wp-json\/wp\/v2\/tags?post=55404"}],"curies":[{"name":"wp","href":"https:\/\/api.w.org\/{rel}","templated":true}]}}