{"id":55422,"date":"2024-11-17T13:11:35","date_gmt":"2024-11-17T17:41:35","guid":{"rendered":"https:\/\/www.elmundodelosnegocios.com.do\/v1\/?p=55422"},"modified":"2024-11-17T13:11:35","modified_gmt":"2024-11-17T17:41:35","slug":"banco-popular-y-la-alcaldia-del-distrito-nacional-adn-renuevan-parque-aesa","status":"publish","type":"post","link":"https:\/\/elmundodelosnegocios.com.do\/v1\/banco-popular-y-la-alcaldia-del-distrito-nacional-adn-renuevan-parque-aesa\/","title":{"rendered":"Banco Popular y la Alcald\u00eda del Distrito Nacional (ADN) renuevan parque AESA"},"content":{"rendered":"<h2><span class=\"ms-rteFontSize-3\">\u200b\u200bEsta\u00a0<\/span>alianza p\u00fablico-privada ha rescatado 11 parques con 42,000 m\u00b2<\/h2>\n<p>Santo Domingo, D.N. \u2013 El Banco Popular Dominicano y la Alcald\u00eda del Distrito Nacional (ADN) inauguraron el remozamiento del Parque AESA, ubicado en la Urbanizaci\u00f3n AESA, en la autopista 30 de Mayo, con una inversi\u00f3n superior a los RD$23 millones, que fueron aportados por la organizaci\u00f3n financiera y que beneficiar\u00e1n directamente a 62,000 personas residentes en el entorno.<\/p>\n<p><a href=\"http:\/\/elmundodelosnegocios.com.do\/v1\/wp-content\/uploads\/2024\/11\/BPD-Slider-ISM02942.jpg\"><img loading=\"lazy\" decoding=\"async\" class=\"aligncenter size-full wp-image-55423\" src=\"http:\/\/elmundodelosnegocios.com.do\/v1\/wp-content\/uploads\/2024\/11\/BPD-Slider-ISM02942.jpg\" alt=\"\" width=\"850\" height=\"450\" srcset=\"https:\/\/elmundodelosnegocios.com.do\/v1\/wp-content\/uploads\/2024\/11\/BPD-Slider-ISM02942.jpg 850w, https:\/\/elmundodelosnegocios.com.do\/v1\/wp-content\/uploads\/2024\/11\/BPD-Slider-ISM02942-300x159.jpg 300w, https:\/\/elmundodelosnegocios.com.do\/v1\/wp-content\/uploads\/2024\/11\/BPD-Slider-ISM02942-768x407.jpg 768w\" sizes=\"auto, (max-width: 850px) 100vw, 850px\" \/><\/a><\/p>\n<p>Este parque se convierte en el und\u00e9cimo espacio verde remodelado en la capital, gracias a la alianza p\u00fablico-privada entre ambas instituciones. En suma, desde su inicio esta colaboraci\u00f3n ha permitido renovar m\u00e1s de 42,000 metros cuadrados de parques en la capital, ofreciendo a la ciudadan\u00eda entornos seguros y apropiados para el esparcimiento familiar y el bienestar personal.<\/p>\n<p><a href=\"http:\/\/elmundodelosnegocios.com.do\/v1\/wp-content\/uploads\/2024\/11\/BPD-Slider-ISM02612.jpg\"><img loading=\"lazy\" decoding=\"async\" class=\"aligncenter size-full wp-image-55424\" src=\"http:\/\/elmundodelosnegocios.com.do\/v1\/wp-content\/uploads\/2024\/11\/BPD-Slider-ISM02612.jpg\" alt=\"\" width=\"850\" height=\"450\" srcset=\"https:\/\/elmundodelosnegocios.com.do\/v1\/wp-content\/uploads\/2024\/11\/BPD-Slider-ISM02612.jpg 850w, https:\/\/elmundodelosnegocios.com.do\/v1\/wp-content\/uploads\/2024\/11\/BPD-Slider-ISM02612-300x159.jpg 300w, https:\/\/elmundodelosnegocios.com.do\/v1\/wp-content\/uploads\/2024\/11\/BPD-Slider-ISM02612-768x407.jpg 768w\" sizes=\"auto, (max-width: 850px) 100vw, 850px\" \/><\/a><\/p>\n<p>El se\u00f1or Christopher Paniagua, presidente ejecutivo del Popular, explic\u00f3 el compromiso de la entidad con el desarrollo y el bienestar de las comunidades, destacando que la entidad bancaria se siente feliz de poder contribuir con cada uno de estos proyectos locales que tocan y transforman vidas.<\/p>\n<p><a href=\"http:\/\/elmundodelosnegocios.com.do\/v1\/wp-content\/uploads\/2024\/11\/BPD-Slider-ISM02903.jpg\"><img loading=\"lazy\" decoding=\"async\" class=\"aligncenter size-full wp-image-55425\" src=\"http:\/\/elmundodelosnegocios.com.do\/v1\/wp-content\/uploads\/2024\/11\/BPD-Slider-ISM02903.jpg\" alt=\"\" width=\"850\" height=\"450\" srcset=\"https:\/\/elmundodelosnegocios.com.do\/v1\/wp-content\/uploads\/2024\/11\/BPD-Slider-ISM02903.jpg 850w, https:\/\/elmundodelosnegocios.com.do\/v1\/wp-content\/uploads\/2024\/11\/BPD-Slider-ISM02903-300x159.jpg 300w, https:\/\/elmundodelosnegocios.com.do\/v1\/wp-content\/uploads\/2024\/11\/BPD-Slider-ISM02903-768x407.jpg 768w\" sizes=\"auto, (max-width: 850px) 100vw, 850px\" \/><\/a><\/p>\n<p>\u201cTrabajar con visi\u00f3n sostenible para el crecimiento del pa\u00eds y de su gente, haciendo las cosas bien, es algo que honra nuestros or\u00edgenes y la historia de nuestros fundadores. Abordamos cada proyecto, buscando siempre equilibrar el progreso econ\u00f3mico, el bienestar social y el respeto al medio ambiente. Y este parque reci\u00e9n remozado es un nuevo ejemplo, que representa el compromiso del Popular con los dominicanos\u00bb, indic\u00f3 el ejecutivo.<\/p>\n<p><a href=\"http:\/\/elmundodelosnegocios.com.do\/v1\/wp-content\/uploads\/2024\/11\/BPD-Slider-AND04014.jpg\"><img loading=\"lazy\" decoding=\"async\" class=\"aligncenter size-full wp-image-55426\" src=\"http:\/\/elmundodelosnegocios.com.do\/v1\/wp-content\/uploads\/2024\/11\/BPD-Slider-AND04014.jpg\" alt=\"\" width=\"850\" height=\"450\" srcset=\"https:\/\/elmundodelosnegocios.com.do\/v1\/wp-content\/uploads\/2024\/11\/BPD-Slider-AND04014.jpg 850w, https:\/\/elmundodelosnegocios.com.do\/v1\/wp-content\/uploads\/2024\/11\/BPD-Slider-AND04014-300x159.jpg 300w, https:\/\/elmundodelosnegocios.com.do\/v1\/wp-content\/uploads\/2024\/11\/BPD-Slider-AND04014-768x407.jpg 768w\" sizes=\"auto, (max-width: 850px) 100vw, 850px\" \/><\/a><\/p>\n<p>La alcaldesa del Distrito Nacional, se\u00f1ora Carolina Mej\u00eda, agradeci\u00f3 el apoyo del Popular y dijo que \u201cel inter\u00e9s de esta alianza no es financiero ni econ\u00f3mico; es el bienestar de la comunidad. En cada uno de los 11 hermosos espacios que hemos intervenido y transformado de manera integral con el Banco Popular Dominicano, hemos logrado devolverle a la comunidad mucho m\u00e1s de lo que originalmente hab\u00edamos pensado.\u00bb<\/p>\n<h2><span class=\"ms-rteFontSize-3\">Detalles del remozamiento\u00a0\u00a0<\/span><\/h2>\n<p>El ingeniero Jos\u00e9 Hern\u00e1ndez Caama\u00f1o, vicepresidente del \u00c1rea de Ingenier\u00eda y Mantenimiento del Popular, detall\u00f3 las mejoras realizadas en el Parque AESA, que incluyen nuevos equipamientos de seguridad y la renovaci\u00f3n de aceras para facilitar la accesibilidad de los visitantes.<\/p>\n<p><a href=\"http:\/\/elmundodelosnegocios.com.do\/v1\/wp-content\/uploads\/2024\/11\/BPD-Slider-ISM02296.jpg\"><img loading=\"lazy\" decoding=\"async\" class=\"aligncenter size-full wp-image-55427\" src=\"http:\/\/elmundodelosnegocios.com.do\/v1\/wp-content\/uploads\/2024\/11\/BPD-Slider-ISM02296.jpg\" alt=\"\" width=\"850\" height=\"450\" srcset=\"https:\/\/elmundodelosnegocios.com.do\/v1\/wp-content\/uploads\/2024\/11\/BPD-Slider-ISM02296.jpg 850w, https:\/\/elmundodelosnegocios.com.do\/v1\/wp-content\/uploads\/2024\/11\/BPD-Slider-ISM02296-300x159.jpg 300w, https:\/\/elmundodelosnegocios.com.do\/v1\/wp-content\/uploads\/2024\/11\/BPD-Slider-ISM02296-768x407.jpg 768w\" sizes=\"auto, (max-width: 850px) 100vw, 850px\" \/><\/a><\/p>\n<p>El parque cuenta ahora con una cancha de baloncesto renovada, con murales en honor a atletas dominicanos de \u00e9lite como Marileidy Paulino y Francisco Garc\u00eda, adem\u00e1s de \u00e1reas recreativas como una zona infantil, un \u00f3valo para mascotas, gimnasio al aire libre y un gazebo con vista panor\u00e1mica. Para promover la sostenibilidad, se embelleci\u00f3 el paisajismo y se instal\u00f3 un sistema de riego que facilita su mantenimiento. Por igual, se colocaron estaciones de reciclaje para fomentar la educaci\u00f3n ambiental.<\/p>\n<p><a href=\"http:\/\/elmundodelosnegocios.com.do\/v1\/wp-content\/uploads\/2024\/11\/BPD-Slider-AND04028.jpg\"><img loading=\"lazy\" decoding=\"async\" class=\"aligncenter size-full wp-image-55428\" src=\"http:\/\/elmundodelosnegocios.com.do\/v1\/wp-content\/uploads\/2024\/11\/BPD-Slider-AND04028.jpg\" alt=\"\" width=\"850\" height=\"450\" srcset=\"https:\/\/elmundodelosnegocios.com.do\/v1\/wp-content\/uploads\/2024\/11\/BPD-Slider-AND04028.jpg 850w, https:\/\/elmundodelosnegocios.com.do\/v1\/wp-content\/uploads\/2024\/11\/BPD-Slider-AND04028-300x159.jpg 300w, https:\/\/elmundodelosnegocios.com.do\/v1\/wp-content\/uploads\/2024\/11\/BPD-Slider-AND04028-768x407.jpg 768w\" sizes=\"auto, (max-width: 850px) 100vw, 850px\" \/><\/a><\/p>\n<p>En nombre de la comunidad, el cogestor del parque, se\u00f1or Elinton Matos, expres\u00f3 su agradecimiento al Banco Popular y la Alcald\u00eda del Distrito Nacional \u201cpor el renovado parque, un nuevo espacio para toda la comunidad de la Urbanizaci\u00f3n AESA\u00bb.<\/p>\n<h2><span class=\"ms-rteFontSize-3\">Inauguraci\u00f3n del parque<\/span><\/h2>\n<p>Representando al Popular, estuvieron presentes los se\u00f1ores Jos\u00e9 M\u00e1rmol, vicepresidente ejecutivo de Comunicaciones Corporativas, Reputaci\u00f3n y Banca Responsable; Mariel Bera, vicepresidenta del \u00c1rea de Relaciones Corporativas y Banca Responsable; Esteban Mart\u00ednez-Murga, vicepresidente del \u00c1rea de Comunicaci\u00f3n y Reputaci\u00f3n Corporativa; y Leonte Brea, vicepresidente del \u00c1rea de Negocios Zona Metro Oeste y Canales Comerciales.<\/p>\n<p>Por parte de la Alcald\u00eda y la comunidad, asistieron los se\u00f1ores Stalin Alc\u00e1ntara, vicealcalde del Distrito Nacional; Elizabeth Mateo, secretaria general de la Alcald\u00eda; Yovany Moya, presidente del Consejo Municipal; Yolanda De La Rosa, directora de Innovaci\u00f3n y Proyectos Especiales; y Enriquillo Matos, presidente de la junta de vecinos del sector AESA.<\/p>\n","protected":false},"excerpt":{"rendered":"<p>\u200b\u200bEsta\u00a0alianza p\u00fablico-privada ha rescatado 11 parques con 42,000 m\u00b2 Santo Domingo, D.N. \u2013 El Banco Popular Dominicano y la Alcald\u00eda del Distrito Nacional (ADN) inauguraron el remozamiento del Parque AESA,&hellip; <\/p>\n","protected":false},"author":2,"featured_media":55423,"comment_status":"closed","ping_status":"closed","sticky":false,"template":"","format":"standard","meta":{"fifu_image_url":"","fifu_image_alt":"","footnotes":""},"categories":[78],"tags":[],"class_list":["post-55422","post","type-post","status-publish","format-standard","has-post-thumbnail","hentry","category-con-responsabilidad"],"_links":{"self":[{"href":"https:\/\/elmundodelosnegocios.com.do\/v1\/wp-json\/wp\/v2\/posts\/55422","targetHints":{"allow":["GET"]}}],"collection":[{"href":"https:\/\/elmundodelosnegocios.com.do\/v1\/wp-json\/wp\/v2\/posts"}],"about":[{"href":"https:\/\/elmundodelosnegocios.com.do\/v1\/wp-json\/wp\/v2\/types\/post"}],"author":[{"embeddable":true,"href":"https:\/\/elmundodelosnegocios.com.do\/v1\/wp-json\/wp\/v2\/users\/2"}],"replies":[{"embeddable":true,"href":"https:\/\/elmundodelosnegocios.com.do\/v1\/wp-json\/wp\/v2\/comments?post=55422"}],"version-history":[{"count":1,"href":"https:\/\/elmundodelosnegocios.com.do\/v1\/wp-json\/wp\/v2\/posts\/55422\/revisions"}],"predecessor-version":[{"id":55429,"href":"https:\/\/elmundodelosnegocios.com.do\/v1\/wp-json\/wp\/v2\/posts\/55422\/revisions\/55429"}],"wp:featuredmedia":[{"embeddable":true,"href":"https:\/\/elmundodelosnegocios.com.do\/v1\/wp-json\/wp\/v2\/media\/55423"}],"wp:attachment":[{"href":"https:\/\/elmundodelosnegocios.com.do\/v1\/wp-json\/wp\/v2\/media?parent=55422"}],"wp:term":[{"taxonomy":"category","embeddable":true,"href":"https:\/\/elmundodelosnegocios.com.do\/v1\/wp-json\/wp\/v2\/categories?post=55422"},{"taxonomy":"post_tag","embeddable":true,"href":"https:\/\/elmundodelosnegocios.com.do\/v1\/wp-json\/wp\/v2\/tags?post=55422"}],"curies":[{"name":"wp","href":"https:\/\/api.w.org\/{rel}","templated":true}]}}