{"id":55459,"date":"2024-11-19T08:17:39","date_gmt":"2024-11-19T12:47:39","guid":{"rendered":"https:\/\/www.elmundodelosnegocios.com.do\/v1\/?p=55459"},"modified":"2024-11-19T08:19:58","modified_gmt":"2024-11-19T12:49:58","slug":"rd-firma-protocolo-de-bioseguridad-porcina-con-organismos-internacionales","status":"publish","type":"post","link":"https:\/\/elmundodelosnegocios.com.do\/v1\/rd-firma-protocolo-de-bioseguridad-porcina-con-organismos-internacionales\/","title":{"rendered":"RD firma protocolo de bioseguridad porcina con organismos internacionales"},"content":{"rendered":"<p><span lang=\"es\" xml:lang=\"es\">Santo Domingo.- Mediante la firma de un protocolo entre representantes del\u00a0<strong>Gobierno dominicano<\/strong>\u00a0y organismos de\u00a0<strong>salud agropecuaria internacional<\/strong>, se dej\u00f3 creado el\u00a0<strong>Fondo de Bioseguridad para la Porcicultura Dominicana;<\/strong>\u00a0concomitantemente, se establecieron las bases para la implementaci\u00f3n de las normas de\u00a0<strong>bioseguridad regional y mundial<\/strong>\u00a0para prevenci\u00f3n en fincas y granjas de la\u00a0<strong>Peste Porcina Africana<\/strong>\u00a0(PPA) y otras enfermedades.\u00a0<\/span><\/p>\n<p><span lang=\"es\" xml:lang=\"es\">El acuerdo bilateral, auspiciado por la\u00a0<strong>Embajada de los Estados Unidos<\/strong>, a trav\u00e9s de\u00a0<strong>USDA-APHIS<\/strong>, el Instituto Interamericano de Cooperaci\u00f3n de Agricultura\u00a0<strong>(IICA)<\/strong>, el\u00a0<strong>Ministerio de Agricultura, el Banco Agr\u00edcola<\/strong>\u00a0y varias federaciones nacionales de porcicultores, se rubric\u00f3 dentro del marco del cierre del\u00a0<strong>Comando de Incidentes para PPA<\/strong>\u00a0en el pa\u00eds, en donde se presentaron los\u00a0<strong>logros alcanzados\u00a0<\/strong>en la eliminaci\u00f3n de esta enfermedad que ataca a los cerdos.\u00a0<\/span><\/p>\n<p><a href=\"http:\/\/elmundodelosnegocios.com.do\/v1\/wp-content\/uploads\/2024\/11\/Captura-de-Pantalla-2024-11-18-a-las-10.23.06-a.-m.png\"><img loading=\"lazy\" decoding=\"async\" class=\"aligncenter size-full wp-image-55462\" src=\"http:\/\/elmundodelosnegocios.com.do\/v1\/wp-content\/uploads\/2024\/11\/Captura-de-Pantalla-2024-11-18-a-las-10.23.06-a.-m.png\" alt=\"\" width=\"1024\" height=\"677\" srcset=\"https:\/\/elmundodelosnegocios.com.do\/v1\/wp-content\/uploads\/2024\/11\/Captura-de-Pantalla-2024-11-18-a-las-10.23.06-a.-m.png 1024w, https:\/\/elmundodelosnegocios.com.do\/v1\/wp-content\/uploads\/2024\/11\/Captura-de-Pantalla-2024-11-18-a-las-10.23.06-a.-m-300x198.png 300w, https:\/\/elmundodelosnegocios.com.do\/v1\/wp-content\/uploads\/2024\/11\/Captura-de-Pantalla-2024-11-18-a-las-10.23.06-a.-m-768x508.png 768w\" sizes=\"auto, (max-width: 1024px) 100vw, 1024px\" \/><\/a><\/p>\n<p><span lang=\"es\" xml:lang=\"es\">El ministro de Agricultura,\u00a0<strong>Limber Cruz,<\/strong>\u00a0agradeci\u00f3 a los organismos internacionales involucrados, a todo el equipo t\u00e9cnico y profesional, y sobre todo a los productores, que cooperaron para que\u00a0<strong>la Rep\u00fablica Dominicana est\u00e9 libre<\/strong>\u00a0de la temible afecci\u00f3n.<\/span><em><span lang=\"es\" xml:lang=\"es\">\u00a0\u201cEste acuerdo nos invita a implementar en el pa\u00eds los sistemas de bioseguridad que permitir\u00e1n mantener los controles y protecciones, la trazabilidad, procedimientos de vacunaci\u00f3n e inspecci\u00f3n en granjas, as\u00ed como un sector porcicultor libre de enfermedades\u201d,<\/span><\/em><span lang=\"es\" xml:lang=\"es\">\u00a0explic\u00f3.\u00a0<\/span><\/p>\n<p><span lang=\"es\" xml:lang=\"es\">En el evento, Cruz inform\u00f3 que el pa\u00eds ya cuenta con una\u00a0<strong>vacuna contra la PPA<\/strong>, tra\u00edda desde\u00a0<strong>Vietnam<\/strong>.\u00a0<\/span><\/p>\n<p><span lang=\"es\" xml:lang=\"es\">La misma ya es replicada por laboratorios locales, gracias al esfuerzo del gobierno del\u00a0<strong>presidente Luis Abinader<\/strong>\u00a0y a los\u00a0<strong>organismos internacionales<\/strong>.\u00a0<\/span><\/p>\n<p><span lang=\"es\" xml:lang=\"es\">El c\u00f3nclave fue celebrado en el Centro de Convenciones del Ministerio de Relaciones Exteriores, con la participaron de los expertos internacionales:\u00a0<strong>doctoraSilvia Kreindel<\/strong>\u00a0de USDA-APHIS; los representantes de la Embajada de los Estados Unidos;\u00a0<strong>Jeromi Mckim y Gina Rosario<\/strong>, representantes del IICA; el expresidente\u00a0<strong>Hip\u00f3lito Mej\u00eda;<\/strong>\u00a0el administrador del Banco Agr\u00edcola,\u00a0<strong>Fernando Dur\u00e1n<\/strong>;\u00a0<strong>Fernando Fern\u00e1ndez<\/strong>, de Adogranja; Francisco Israel Brito, de Fedoporc, otras autoridades y productores locales.<\/span><\/p>\n","protected":false},"excerpt":{"rendered":"<p>Santo Domingo.- Mediante la firma de un protocolo entre representantes del\u00a0Gobierno dominicano\u00a0y organismos de\u00a0salud agropecuaria internacional, se dej\u00f3 creado el\u00a0Fondo de Bioseguridad para la Porcicultura Dominicana;\u00a0concomitantemente, se establecieron las bases&hellip; <\/p>\n","protected":false},"author":2,"featured_media":55460,"comment_status":"closed","ping_status":"closed","sticky":false,"template":"","format":"standard","meta":{"fifu_image_url":"https:\/\/presidencia.gob.do\/sites\/default\/files\/styles\/large\/public\/news\/2024-11\/WhatsApp-Image-2024-11-14-at-3.00.26-PM-scaled.jpeg?itok=oqpzaUyH","fifu_image_alt":"","footnotes":""},"categories":[73],"tags":[],"class_list":["post-55459","post","type-post","status-publish","format-standard","has-post-thumbnail","hentry","category-agronegocios"],"_links":{"self":[{"href":"https:\/\/elmundodelosnegocios.com.do\/v1\/wp-json\/wp\/v2\/posts\/55459","targetHints":{"allow":["GET"]}}],"collection":[{"href":"https:\/\/elmundodelosnegocios.com.do\/v1\/wp-json\/wp\/v2\/posts"}],"about":[{"href":"https:\/\/elmundodelosnegocios.com.do\/v1\/wp-json\/wp\/v2\/types\/post"}],"author":[{"embeddable":true,"href":"https:\/\/elmundodelosnegocios.com.do\/v1\/wp-json\/wp\/v2\/users\/2"}],"replies":[{"embeddable":true,"href":"https:\/\/elmundodelosnegocios.com.do\/v1\/wp-json\/wp\/v2\/comments?post=55459"}],"version-history":[{"count":3,"href":"https:\/\/elmundodelosnegocios.com.do\/v1\/wp-json\/wp\/v2\/posts\/55459\/revisions"}],"predecessor-version":[{"id":55464,"href":"https:\/\/elmundodelosnegocios.com.do\/v1\/wp-json\/wp\/v2\/posts\/55459\/revisions\/55464"}],"wp:featuredmedia":[{"embeddable":true,"href":"https:\/\/elmundodelosnegocios.com.do\/v1\/wp-json\/wp\/v2\/media\/55460"}],"wp:attachment":[{"href":"https:\/\/elmundodelosnegocios.com.do\/v1\/wp-json\/wp\/v2\/media?parent=55459"}],"wp:term":[{"taxonomy":"category","embeddable":true,"href":"https:\/\/elmundodelosnegocios.com.do\/v1\/wp-json\/wp\/v2\/categories?post=55459"},{"taxonomy":"post_tag","embeddable":true,"href":"https:\/\/elmundodelosnegocios.com.do\/v1\/wp-json\/wp\/v2\/tags?post=55459"}],"curies":[{"name":"wp","href":"https:\/\/api.w.org\/{rel}","templated":true}]}}