{"id":55470,"date":"2024-11-19T08:26:40","date_gmt":"2024-11-19T12:56:40","guid":{"rendered":"https:\/\/www.elmundodelosnegocios.com.do\/v1\/?p=55470"},"modified":"2024-11-19T08:26:40","modified_gmt":"2024-11-19T12:56:40","slug":"adopron-reconoce-al-ministro-ito-bisono-por-su-apoyo-al-sector-y-su-papel-en-la-consolidacion-de-la-denominacion-de-origen-del-ron-dominicano","status":"publish","type":"post","link":"https:\/\/elmundodelosnegocios.com.do\/v1\/adopron-reconoce-al-ministro-ito-bisono-por-su-apoyo-al-sector-y-su-papel-en-la-consolidacion-de-la-denominacion-de-origen-del-ron-dominicano\/","title":{"rendered":"ADOPRON reconoce al ministro Ito Bison\u00f3 por su apoyo al sector y su papel en la consolidaci\u00f3n de la denominaci\u00f3n de origen del ron dominicano"},"content":{"rendered":"<p><strong>Madrid, Espa\u00f1a. \u2013\u00a0<\/strong>La Asociaci\u00f3n Dominicana de Productores de Ron (ADOPRON) reconoci\u00f3 al ministro de Industria, Comercio y Mipymes (MICM) V\u00edctor -Ito-Bison\u00f3, por su apoyo al sector y su papel clave en la consolidaci\u00f3n de la denominaci\u00f3n de origen del ron dominicano.<\/p>\n<figure class=\"wp-block-image alignright size-full is-resized\"><img loading=\"lazy\" decoding=\"async\" class=\"wp-image-76828\" src=\"https:\/\/micm.gob.do\/wp-content\/uploads\/2024\/11\/ADOPRON-reconoce-al-ministro-Ito-Bisono-por-su-apoyo-al-sector-y-su-papel-02.jpeg\" sizes=\"auto, (max-width: 900px) 100vw, 900px\" srcset=\"https:\/\/micm.gob.do\/wp-content\/uploads\/2024\/11\/ADOPRON-reconoce-al-ministro-Ito-Bisono-por-su-apoyo-al-sector-y-su-papel-02.jpeg 900w, https:\/\/micm.gob.do\/wp-content\/uploads\/2024\/11\/ADOPRON-reconoce-al-ministro-Ito-Bisono-por-su-apoyo-al-sector-y-su-papel-02-300x178.jpeg 300w, https:\/\/micm.gob.do\/wp-content\/uploads\/2024\/11\/ADOPRON-reconoce-al-ministro-Ito-Bisono-por-su-apoyo-al-sector-y-su-papel-02-768x456.jpeg 768w\" alt=\"\" width=\"900\" height=\"534\" \/><\/figure>\n<p>El reconocimiento a Ito Bison\u00f3 se llev\u00f3 a cabo durante, la presentaci\u00f3n del Ron ADOPRON en el evento Rum Sessions, celebrado en la Semana Dominicana en Espa\u00f1a.<\/p>\n<p>\u201cMuy agradecido con ADOPRON por el reconocimiento recibido en la Semana Dominicana en Espa\u00f1a, en honor a nuestras contribuciones desde el Ministerio de Industria, Comercio y MiPymes continuar\u00e1n trabajando para seguir fortaleciendo la industria del ron\u201d, dijo Bison\u00f3.<\/p>\n<p>Al recibir una edici\u00f3n exclusiva del Ron ADOPRON, Bison\u00f3 resalt\u00f3 la importancia de este producto como s\u00edmbolo de la cultura y el patrimonio dominicanos y como un reflejo de la calidad que distingue a la naci\u00f3n en el escenario global.<\/p>\n<p>El Ron ADOPRON es una mezcla especial creada como s\u00edmbolo representativo de la industria ronera dominicana, concebida para resaltar la denominaci\u00f3n de origen Ron Dominicano y destacar la calidad y autenticidad del producto nacional.<\/p>\n<p>\u201cEste ron especial no solo es un homenaje a nuestra identidad, sino tambi\u00e9n un ejemplo de c\u00f3mo la industria dominicana cumple con los est\u00e1ndares m\u00e1s altos de calidad, proyectando nuestra tradici\u00f3n y excelencia al mundo,\u201d expres\u00f3 Circe Alm\u00e1nzar, vocera oficial de ADOPRON.<\/p>\n<p>Alm\u00e1nzar destac\u00f3 que el ron dominicano es un motor de la econom\u00eda dominicana, aportando m\u00e1s de RD$15,000 millones al fisco y generando m\u00e1s de 29,000 empleos directos e indirectos en el pa\u00eds.<\/p>\n<p>Este producto exclusivo, no disponible en el mercado, tiene como objetivo atraer la atenci\u00f3n de nuevos inversionistas y fortalecer el reconocimiento de la denominaci\u00f3n de origen del ron dominicano.<\/p>\n<p>Las marcas miembros de ADOPRON, entre ellas Ron Barcel\u00f3, Ron Berm\u00fadez, Ron Brugal, Ron Don Isidro, Ron Don Miguel, E. Le\u00f3n Jimenes, Ron Macor\u00edx, Ron Matusalem, Ron Siboney, Alcoholes Finos Dominicanos y Yazoo Investments, contribuyen con su calidad y prestigio a esta iniciativa.<\/p>\n<p>En 2023, el ron dominicano ampli\u00f3 su presencia global, con exportaciones a m\u00e1s de 70 pa\u00edses, consolidando su posicionamiento en el mercado internacional.<\/p>\n","protected":false},"excerpt":{"rendered":"<p>Madrid, Espa\u00f1a. \u2013\u00a0La Asociaci\u00f3n Dominicana de Productores de Ron (ADOPRON) reconoci\u00f3 al ministro de Industria, Comercio y Mipymes (MICM) V\u00edctor -Ito-Bison\u00f3, por su apoyo al sector y su papel clave&hellip; <\/p>\n","protected":false},"author":2,"featured_media":55471,"comment_status":"closed","ping_status":"closed","sticky":false,"template":"","format":"standard","meta":{"fifu_image_url":"","fifu_image_alt":"","footnotes":""},"categories":[147],"tags":[],"class_list":["post-55470","post","type-post","status-publish","format-standard","has-post-thumbnail","hentry","category-comercio"],"_links":{"self":[{"href":"https:\/\/elmundodelosnegocios.com.do\/v1\/wp-json\/wp\/v2\/posts\/55470","targetHints":{"allow":["GET"]}}],"collection":[{"href":"https:\/\/elmundodelosnegocios.com.do\/v1\/wp-json\/wp\/v2\/posts"}],"about":[{"href":"https:\/\/elmundodelosnegocios.com.do\/v1\/wp-json\/wp\/v2\/types\/post"}],"author":[{"embeddable":true,"href":"https:\/\/elmundodelosnegocios.com.do\/v1\/wp-json\/wp\/v2\/users\/2"}],"replies":[{"embeddable":true,"href":"https:\/\/elmundodelosnegocios.com.do\/v1\/wp-json\/wp\/v2\/comments?post=55470"}],"version-history":[{"count":1,"href":"https:\/\/elmundodelosnegocios.com.do\/v1\/wp-json\/wp\/v2\/posts\/55470\/revisions"}],"predecessor-version":[{"id":55472,"href":"https:\/\/elmundodelosnegocios.com.do\/v1\/wp-json\/wp\/v2\/posts\/55470\/revisions\/55472"}],"wp:featuredmedia":[{"embeddable":true,"href":"https:\/\/elmundodelosnegocios.com.do\/v1\/wp-json\/wp\/v2\/media\/55471"}],"wp:attachment":[{"href":"https:\/\/elmundodelosnegocios.com.do\/v1\/wp-json\/wp\/v2\/media?parent=55470"}],"wp:term":[{"taxonomy":"category","embeddable":true,"href":"https:\/\/elmundodelosnegocios.com.do\/v1\/wp-json\/wp\/v2\/categories?post=55470"},{"taxonomy":"post_tag","embeddable":true,"href":"https:\/\/elmundodelosnegocios.com.do\/v1\/wp-json\/wp\/v2\/tags?post=55470"}],"curies":[{"name":"wp","href":"https:\/\/api.w.org\/{rel}","templated":true}]}}