{"id":55480,"date":"2024-11-19T08:51:48","date_gmt":"2024-11-19T13:21:48","guid":{"rendered":"https:\/\/www.elmundodelosnegocios.com.do\/v1\/?p=55480"},"modified":"2024-11-19T08:53:16","modified_gmt":"2024-11-19T13:23:16","slug":"clausuran-encuentro-autismo-2024-apostando-intervencion-integral-para-transformar-diagnosticos","status":"publish","type":"post","link":"https:\/\/elmundodelosnegocios.com.do\/v1\/clausuran-encuentro-autismo-2024-apostando-intervencion-integral-para-transformar-diagnosticos\/","title":{"rendered":"Clausuran \u201cEncuentro Autismo 2024\u201d apostando intervenci\u00f3n integral para transformar diagn\u00f3sticos"},"content":{"rendered":"<p style=\"font-weight: 400;\">SANTO DOMINGO, R.D. Noviembre 19, 2024.<strong>&#8211;<\/strong>\u00a0La Fundaci\u00f3n \u201c<em>Hope for Autism<\/em>\u201d (Esperanza por el Autismo) celebr\u00f3 su segundo congreso con la participaci\u00f3n de figuras de renombre internacional con el objetivo \u201cque las personas con autismo logren vidas independientes, saludables y plenas, alcanzando su m\u00e1ximo potencial\u201d. Los principales expositores fueron el doctor Robert Melillo, m\u00e9dico, profesor, investigador del cerebro y autor de numerosos bestsellers, desde Estados Unidos y de Argentina el doctor Nicol\u00e1s Loyacono, Director- CEO de la Sociedad Argentina de Neurodesarrollo y Trastornos Asociados (SANyTA). Como panelista invitada la doctora Patricia Recio, M\u00e9dico Neur\u00f3logo-Internista, dominicana.<\/p>\n<p><a href=\"http:\/\/elmundodelosnegocios.com.do\/v1\/wp-content\/uploads\/2024\/11\/Loyacono_recio_cabrera_Melillo.jpg\"><img loading=\"lazy\" decoding=\"async\" class=\"aligncenter size-full wp-image-55481\" src=\"http:\/\/elmundodelosnegocios.com.do\/v1\/wp-content\/uploads\/2024\/11\/Loyacono_recio_cabrera_Melillo.jpg\" alt=\"\" width=\"900\" height=\"600\" srcset=\"https:\/\/elmundodelosnegocios.com.do\/v1\/wp-content\/uploads\/2024\/11\/Loyacono_recio_cabrera_Melillo.jpg 900w, https:\/\/elmundodelosnegocios.com.do\/v1\/wp-content\/uploads\/2024\/11\/Loyacono_recio_cabrera_Melillo-300x200.jpg 300w, https:\/\/elmundodelosnegocios.com.do\/v1\/wp-content\/uploads\/2024\/11\/Loyacono_recio_cabrera_Melillo-768x512.jpg 768w\" sizes=\"auto, (max-width: 900px) 100vw, 900px\" \/><\/a><\/p>\n<p style=\"font-weight: 400;\">Con una nutrida participaci\u00f3n a casa llena, estuvieron presentes profesionales de la salud, educadores, padres de familia fundaciones y otros interesados en el tema, inform\u00f3 Lisbeth Cabrera, presidente de la Fundaci\u00f3n \u201c<em>Hope for Autism<\/em>\u201d y organizadora. Apunt\u00f3 que el Encuentro Autismo 2024 nace del coraz\u00f3n de los padres que necesitan la esperanza de que sus hijos vivan vidas saludables y plenas, alcanzando su m\u00e1ximo potencial.<\/p>\n<p><a href=\"http:\/\/elmundodelosnegocios.com.do\/v1\/wp-content\/uploads\/2024\/11\/Dr-Robert-Melillo-eN-CONFERENCIA.jpg\"><img loading=\"lazy\" decoding=\"async\" class=\"aligncenter size-full wp-image-55484\" src=\"http:\/\/elmundodelosnegocios.com.do\/v1\/wp-content\/uploads\/2024\/11\/Dr-Robert-Melillo-eN-CONFERENCIA.jpg\" alt=\"\" width=\"900\" height=\"600\" srcset=\"https:\/\/elmundodelosnegocios.com.do\/v1\/wp-content\/uploads\/2024\/11\/Dr-Robert-Melillo-eN-CONFERENCIA.jpg 900w, https:\/\/elmundodelosnegocios.com.do\/v1\/wp-content\/uploads\/2024\/11\/Dr-Robert-Melillo-eN-CONFERENCIA-300x200.jpg 300w, https:\/\/elmundodelosnegocios.com.do\/v1\/wp-content\/uploads\/2024\/11\/Dr-Robert-Melillo-eN-CONFERENCIA-768x512.jpg 768w\" sizes=\"auto, (max-width: 900px) 100vw, 900px\" \/><\/a><\/p>\n<p style=\"font-weight: 400;\">Un evento que nace del inter\u00e9s de contribuir a la Rep\u00fablica Dominicana, brindando informaci\u00f3n actualizada sobre los diferentes enfoques de atenci\u00f3n integral del Trastorno del Espectro Autista (TEA), de tal forma que tanto la clase m\u00e9dica, terapeutas, educadores y familias conozcan este enfoque y la evidencia cient\u00edfica disponible, explic\u00f3 Lisbeth Cabrera organizadora del evento.<\/p>\n<p style=\"font-weight: 400;\">En este congreso se expuso a trav\u00e9s del lente de la esperanza, y con base cient\u00edfica, la importancia de una intervenci\u00f3n integral de aquellas personas que han recibido un diagn\u00f3stico de autismo para as\u00ed mejorar su calidad de vida.<\/p>\n<p style=\"font-weight: 400;\">El doctor Melillo expuso acerca de \u201cLo que pasa en el cerebro con TEA y otros des\u00f3rdenes\u201d, as\u00ed como, \u201cLa causa ra\u00edz de los S\u00edndromes de Desconexi\u00f3n Funcional y como pueden mejorarse\u201d.\u00a0 Mientras que el doctor Loyacono, remarc\u00f3 que \u201cel autismo es un desorden multisist\u00e9mico con manifestaciones neurol\u00f3gicas primarias y existe una correlaci\u00f3n entre los problemas m\u00e9dicos concomitantes al diagn\u00f3stico con la sintomatolog\u00eda bajo la cual el TEA se diagnostica\u00bb.<\/p>\n<p style=\"font-weight: 400;\">De forma magistral, la doctora Recio, M\u00e9dico Neur\u00f3logo-Internista, abord\u00f3 en detalle los \u201cAspectos Neuroinflamatorios asociados al TEA\u201d.<\/p>\n<p style=\"font-weight: 400;\">Lisbeth Cabrera, presidente de la Fundaci\u00f3n y organizadora, apunt\u00f3 que el \u201cEncuentro Autismo 2024\u201d nace del coraz\u00f3n de los padres que necesitan la esperanza de que sus hijos vivan vidas saludables y plenas, alcanzando su m\u00e1ximo potencial. Por igual reiter\u00f3 su compromiso en continuar trabajando con la finalidad de brindar al pa\u00eds, sus profesionales y las familias que est\u00e1n navegando dentro de un diagn\u00f3stico de autismo, las herramientas que sirvan a este prop\u00f3sito.<\/p>\n<p style=\"font-weight: 400;\">De igual manera, la organizadora agradeci\u00f3 la colaboraci\u00f3n invaluable de la Sociedad Argentina de Neurodesarrollo y Trastornos Asociados (SANyTA).\u00a0 Tambi\u00e9n reconoci\u00f3 el apoyo de Grupo Vimenca, Banreservas, Bolsa de Valores de la Rep\u00fablica Dominicana, Superintendencia de Bancos, AFI Reservas, Lab School, KIA, Grupo Viamar, ARS Abel Gonz\u00e1lez, Laboratorios Orbis, Cristal Visi\u00f3n Center, Ingenap, Pre\/Post Films, CC Ranch y Tr\u00facamelo.<\/p>\n<p style=\"font-weight: 400;\"><strong>M\u00e1s sobre \u201c Hope for Autism\u201d<\/strong><\/p>\n<p style=\"font-weight: 400;\"><em>\u201cHope for Autism\u201d<\/em>\u00a0es una organizaci\u00f3n sin fines de lucro, cuya visi\u00f3n es ser referente en Rep\u00fablica Dominicana, reconocida por su impacto positivo y transparencia, comprometidos con que las personas con autismo logren vidas independientes, alcanzando su m\u00e1ximo potencial.<\/p>\n","protected":false},"excerpt":{"rendered":"<p>SANTO DOMINGO, R.D. Noviembre 19, 2024.&#8211;\u00a0La Fundaci\u00f3n \u201cHope for Autism\u201d (Esperanza por el Autismo) celebr\u00f3 su segundo congreso con la participaci\u00f3n de figuras de renombre internacional con el objetivo \u201cque&hellip; <\/p>\n","protected":false},"author":2,"featured_media":55481,"comment_status":"closed","ping_status":"closed","sticky":false,"template":"","format":"standard","meta":{"fifu_image_url":"","fifu_image_alt":"","footnotes":""},"categories":[80],"tags":[],"class_list":["post-55480","post","type-post","status-publish","format-standard","has-post-thumbnail","hentry","category-salud"],"_links":{"self":[{"href":"https:\/\/elmundodelosnegocios.com.do\/v1\/wp-json\/wp\/v2\/posts\/55480","targetHints":{"allow":["GET"]}}],"collection":[{"href":"https:\/\/elmundodelosnegocios.com.do\/v1\/wp-json\/wp\/v2\/posts"}],"about":[{"href":"https:\/\/elmundodelosnegocios.com.do\/v1\/wp-json\/wp\/v2\/types\/post"}],"author":[{"embeddable":true,"href":"https:\/\/elmundodelosnegocios.com.do\/v1\/wp-json\/wp\/v2\/users\/2"}],"replies":[{"embeddable":true,"href":"https:\/\/elmundodelosnegocios.com.do\/v1\/wp-json\/wp\/v2\/comments?post=55480"}],"version-history":[{"count":3,"href":"https:\/\/elmundodelosnegocios.com.do\/v1\/wp-json\/wp\/v2\/posts\/55480\/revisions"}],"predecessor-version":[{"id":55485,"href":"https:\/\/elmundodelosnegocios.com.do\/v1\/wp-json\/wp\/v2\/posts\/55480\/revisions\/55485"}],"wp:featuredmedia":[{"embeddable":true,"href":"https:\/\/elmundodelosnegocios.com.do\/v1\/wp-json\/wp\/v2\/media\/55481"}],"wp:attachment":[{"href":"https:\/\/elmundodelosnegocios.com.do\/v1\/wp-json\/wp\/v2\/media?parent=55480"}],"wp:term":[{"taxonomy":"category","embeddable":true,"href":"https:\/\/elmundodelosnegocios.com.do\/v1\/wp-json\/wp\/v2\/categories?post=55480"},{"taxonomy":"post_tag","embeddable":true,"href":"https:\/\/elmundodelosnegocios.com.do\/v1\/wp-json\/wp\/v2\/tags?post=55480"}],"curies":[{"name":"wp","href":"https:\/\/api.w.org\/{rel}","templated":true}]}}