{"id":55487,"date":"2024-11-19T09:05:21","date_gmt":"2024-11-19T13:35:21","guid":{"rendered":"https:\/\/www.elmundodelosnegocios.com.do\/v1\/?p=55487"},"modified":"2024-11-19T09:05:21","modified_gmt":"2024-11-19T13:35:21","slug":"cesar-iglesias-recolecta-mas-de-1-millon-de-tapitas-por-quimio-para-financiar-tratamientos-de-ninos-con-cancer","status":"publish","type":"post","link":"https:\/\/elmundodelosnegocios.com.do\/v1\/cesar-iglesias-recolecta-mas-de-1-millon-de-tapitas-por-quimio-para-financiar-tratamientos-de-ninos-con-cancer\/","title":{"rendered":"C\u00e9sar Iglesias recolecta m\u00e1s de 1 mill\u00f3n de \u2018Tapitas por Quimio\u2019 para financiar tratamientos de ni\u00f1os con c\u00e1ncer"},"content":{"rendered":"<p><em>Por cuarto a\u00f1o consecutivo, C\u00e9sar Iglesias y su equipo han alcanzado un nuevo hito en la campa\u00f1a \u201cTapitas por Quimio\u201d, recolectando un total de 1,045,000 tapas pl\u00e1sticas para financiar tratamientos de quimioterapia para ni\u00f1os y adolescentes con c\u00e1ncer. Esta iniciativa refleja el compromiso de la empresa con la sostenibilidad y el apoyo a causas sociales significativas.<\/em><\/p>\n<p>La entrega oficial de las tapas se llev\u00f3 a cabo el pasado viernes 8 de noviembre, contando con la participaci\u00f3n de los ejecutivos Gabriel Rodr\u00edguez, Jos\u00e9 Leonardo G\u00f3mez-Castro, Alexia Feris, Samantha P\u00e9rez, Olga Bernard, Franklin Mu\u00f1oz Valenzuela y Giselle N\u00fa\u00f1ez. Durante el evento, se destac\u00f3 el esfuerzo de colaboradores y comunidades en el acopio de las tapas, que ser\u00e1n recicladas con el prop\u00f3sito de recaudar fondos para tratamientos m\u00e9dicos.<\/p>\n<p><a href=\"http:\/\/elmundodelosnegocios.com.do\/v1\/wp-content\/uploads\/2024\/11\/IMG_3645-scaled-1.jpeg\"><img loading=\"lazy\" decoding=\"async\" class=\"aligncenter size-full wp-image-55488\" src=\"http:\/\/elmundodelosnegocios.com.do\/v1\/wp-content\/uploads\/2024\/11\/IMG_3645-scaled-1.jpeg\" alt=\"\" width=\"2560\" height=\"1411\" srcset=\"https:\/\/elmundodelosnegocios.com.do\/v1\/wp-content\/uploads\/2024\/11\/IMG_3645-scaled-1.jpeg 2560w, https:\/\/elmundodelosnegocios.com.do\/v1\/wp-content\/uploads\/2024\/11\/IMG_3645-scaled-1-300x165.jpeg 300w, https:\/\/elmundodelosnegocios.com.do\/v1\/wp-content\/uploads\/2024\/11\/IMG_3645-scaled-1-1024x564.jpeg 1024w, https:\/\/elmundodelosnegocios.com.do\/v1\/wp-content\/uploads\/2024\/11\/IMG_3645-scaled-1-768x423.jpeg 768w, https:\/\/elmundodelosnegocios.com.do\/v1\/wp-content\/uploads\/2024\/11\/IMG_3645-scaled-1-1536x847.jpeg 1536w, https:\/\/elmundodelosnegocios.com.do\/v1\/wp-content\/uploads\/2024\/11\/IMG_3645-scaled-1-2048x1129.jpeg 2048w\" sizes=\"auto, (max-width: 2560px) 100vw, 2560px\" \/><\/a><\/p>\n<p>Desde su creaci\u00f3n, \u201cTapitas por Quimio\u201d busca no solo apoyar a familias afectadas por el c\u00e1ncer, sino tambi\u00e9n promover la conciencia ambiental. En palabras de Franklin Mu\u00f1oz Valenzuela, gerente de comunicaciones, \u201cel proyecto ha evolucionado enormemente, pasando de recolectar 400,000 tapas en 2022 a superar el mill\u00f3n en 2024. Esto evidencia la solidaridad y el trabajo conjunto de todos los involucrados\u201d.<\/p>\n<p>El impacto de la campa\u00f1a se extiende m\u00e1s all\u00e1 de C\u00e9sar Iglesias, con la participaci\u00f3n activa de aliados como la Universidad O&amp;M, el Club de Leones de San Pedro de Macor\u00eds, Cigar Dominicana, Agio Caribbean Tobacco Company y la Fundaci\u00f3n Barcel\u00f3. La colaboraci\u00f3n entre empresas, instituciones y comunidades ha sido clave para alcanzar esta meta.<\/p>\n<p><strong>Compromiso con la\u00a0<\/strong>s<strong>olidaridad y sostenibilidad<\/strong><\/p>\n<p>La iniciativa no solo proporciona ayuda a quienes enfrentan el c\u00e1ncer, sino que tambi\u00e9n fomenta una cultura de reciclaje y conciencia ambiental. Olga Bernard, gerente de Sostenibilidad, destac\u00f3 que este esfuerzo \u201crefleja el compromiso de C\u00e9sar Iglesias con un futuro m\u00e1s solidario y sostenible, demostrando que la unidad puede generar un cambio real en la sociedad\u201d.<\/p>\n<p>Fundada en 1910, C\u00e9sar Iglesias se ha consolidado como una empresa dominicana de referencia en alimentaci\u00f3n, cuidado personal y del hogar, manteniendo un fuerte compromiso con la calidad, la innovaci\u00f3n y la responsabilidad social.<\/p>\n","protected":false},"excerpt":{"rendered":"<p>Por cuarto a\u00f1o consecutivo, C\u00e9sar Iglesias y su equipo han alcanzado un nuevo hito en la campa\u00f1a \u201cTapitas por Quimio\u201d, recolectando un total de 1,045,000 tapas pl\u00e1sticas para financiar tratamientos&hellip; <\/p>\n","protected":false},"author":2,"featured_media":55488,"comment_status":"closed","ping_status":"closed","sticky":false,"template":"","format":"standard","meta":{"fifu_image_url":"","fifu_image_alt":"","footnotes":""},"categories":[78],"tags":[],"class_list":["post-55487","post","type-post","status-publish","format-standard","has-post-thumbnail","hentry","category-con-responsabilidad"],"_links":{"self":[{"href":"https:\/\/elmundodelosnegocios.com.do\/v1\/wp-json\/wp\/v2\/posts\/55487","targetHints":{"allow":["GET"]}}],"collection":[{"href":"https:\/\/elmundodelosnegocios.com.do\/v1\/wp-json\/wp\/v2\/posts"}],"about":[{"href":"https:\/\/elmundodelosnegocios.com.do\/v1\/wp-json\/wp\/v2\/types\/post"}],"author":[{"embeddable":true,"href":"https:\/\/elmundodelosnegocios.com.do\/v1\/wp-json\/wp\/v2\/users\/2"}],"replies":[{"embeddable":true,"href":"https:\/\/elmundodelosnegocios.com.do\/v1\/wp-json\/wp\/v2\/comments?post=55487"}],"version-history":[{"count":1,"href":"https:\/\/elmundodelosnegocios.com.do\/v1\/wp-json\/wp\/v2\/posts\/55487\/revisions"}],"predecessor-version":[{"id":55489,"href":"https:\/\/elmundodelosnegocios.com.do\/v1\/wp-json\/wp\/v2\/posts\/55487\/revisions\/55489"}],"wp:featuredmedia":[{"embeddable":true,"href":"https:\/\/elmundodelosnegocios.com.do\/v1\/wp-json\/wp\/v2\/media\/55488"}],"wp:attachment":[{"href":"https:\/\/elmundodelosnegocios.com.do\/v1\/wp-json\/wp\/v2\/media?parent=55487"}],"wp:term":[{"taxonomy":"category","embeddable":true,"href":"https:\/\/elmundodelosnegocios.com.do\/v1\/wp-json\/wp\/v2\/categories?post=55487"},{"taxonomy":"post_tag","embeddable":true,"href":"https:\/\/elmundodelosnegocios.com.do\/v1\/wp-json\/wp\/v2\/tags?post=55487"}],"curies":[{"name":"wp","href":"https:\/\/api.w.org\/{rel}","templated":true}]}}