{"id":55497,"date":"2024-11-19T09:48:44","date_gmt":"2024-11-19T14:18:44","guid":{"rendered":"https:\/\/www.elmundodelosnegocios.com.do\/v1\/?p=55497"},"modified":"2024-11-19T09:48:44","modified_gmt":"2024-11-19T14:18:44","slug":"banco-promerica-fortalece-su-presencia-en-el-cibao-con-nueva-sucursal-en-san-francisco-de-macoris","status":"publish","type":"post","link":"https:\/\/elmundodelosnegocios.com.do\/v1\/banco-promerica-fortalece-su-presencia-en-el-cibao-con-nueva-sucursal-en-san-francisco-de-macoris\/","title":{"rendered":"Banco Promerica fortalece su presencia en el Cibao con nueva sucursal en San Francisco de Macor\u00eds"},"content":{"rendered":"<p>Banco Promerica ha inaugurado una nueva sucursal en\u00a0<strong>San Francisco de Macor\u00eds, en la provincia Duarte<\/strong>, fortaleciendo su compromiso con la regi\u00f3n norte del pa\u00eds. Esta apertura forma parte de una estrategia de crecimiento sostenido para acercar servicios bancarios modernos y accesibles a m\u00e1s personas en todo el territorio nacional.<\/p>\n<div class=\"wp-block-image\">\n<figure class=\"aligncenter size-large is-resized\"><img loading=\"lazy\" decoding=\"async\" class=\"wp-image-10093 aligncenter\" src=\"https:\/\/afcomunicacion.com\/wp-content\/uploads\/2024\/11\/02-Principal-Equipo-Sucursal-San-Francisco-de-Macoris-de-Banco-Promerica-1024x683.jpg\" sizes=\"auto, (max-width: 1024px) 100vw, 1024px\" srcset=\"https:\/\/afcomunicacion.com\/wp-content\/uploads\/2024\/11\/02-Principal-Equipo-Sucursal-San-Francisco-de-Macoris-de-Banco-Promerica-1024x683.jpg 1024w, https:\/\/afcomunicacion.com\/wp-content\/uploads\/2024\/11\/02-Principal-Equipo-Sucursal-San-Francisco-de-Macoris-de-Banco-Promerica-300x200.jpg 300w, https:\/\/afcomunicacion.com\/wp-content\/uploads\/2024\/11\/02-Principal-Equipo-Sucursal-San-Francisco-de-Macoris-de-Banco-Promerica-768x512.jpg 768w, https:\/\/afcomunicacion.com\/wp-content\/uploads\/2024\/11\/02-Principal-Equipo-Sucursal-San-Francisco-de-Macoris-de-Banco-Promerica-1536x1024.jpg 1536w, https:\/\/afcomunicacion.com\/wp-content\/uploads\/2024\/11\/02-Principal-Equipo-Sucursal-San-Francisco-de-Macoris-de-Banco-Promerica-2048x1365.jpg 2048w\" alt=\"\" width=\"1024\" height=\"683\" \/><\/figure>\n<\/div>\n<p>La nueva sucursal,\u00a0<strong>ubicada en la Calle El Carmen No. 88, casi esquina Salcedo<\/strong>, est\u00e1 equipada para brindar una experiencia bancaria eficiente y \u00e1gil, con opciones innovadoras y una atenci\u00f3n cercana y personalizada. Adem\u00e1s, cuenta con la comodidad de\u00a0<strong>servicio de autobanco<\/strong>\u00a0y una amplia\u00a0<strong>disponibilidad de parqueos,<\/strong>\u00a0facilitando as\u00ed la accesibilidad para los clientes que deseen realizar sus operaciones desde sus veh\u00edculos o de forma presencial.<\/p>\n<div class=\"wp-block-image\">\n<figure class=\"alignleft size-large is-resized\"><img loading=\"lazy\" decoding=\"async\" class=\"wp-image-10095 alignleft\" src=\"https:\/\/afcomunicacion.com\/wp-content\/uploads\/2024\/11\/03-Principal-Carlos-Julio-Camilo-1024x677.jpg\" sizes=\"auto, (max-width: 1024px) 100vw, 1024px\" srcset=\"https:\/\/afcomunicacion.com\/wp-content\/uploads\/2024\/11\/03-Principal-Carlos-Julio-Camilo-1024x677.jpg 1024w, https:\/\/afcomunicacion.com\/wp-content\/uploads\/2024\/11\/03-Principal-Carlos-Julio-Camilo-300x198.jpg 300w, https:\/\/afcomunicacion.com\/wp-content\/uploads\/2024\/11\/03-Principal-Carlos-Julio-Camilo-768x507.jpg 768w, https:\/\/afcomunicacion.com\/wp-content\/uploads\/2024\/11\/03-Principal-Carlos-Julio-Camilo-1536x1015.jpg 1536w, https:\/\/afcomunicacion.com\/wp-content\/uploads\/2024\/11\/03-Principal-Carlos-Julio-Camilo-2048x1353.jpg 2048w\" alt=\"\" width=\"1024\" height=\"677\" \/><figcaption class=\"wp-element-caption\">Carlos Julio Camilo<\/figcaption><\/figure>\n<\/div>\n<p>En relaci\u00f3n con esta apertura, Carlos Julio Camilo, presidente ejecutivo de Banco Promerica, se\u00f1al\u00f3: \u201cLa inauguraci\u00f3n de esta nueva sucursal en San Francisco de Macor\u00eds es parte de nuestro compromiso con un plan de expansi\u00f3n continuo que a\u00fan tiene mucho por delante. Continuaremos fortaleciendo nuestra presencia en zonas estrat\u00e9gicas del pa\u00eds, con el objetivo de acercarnos cada vez m\u00e1s a nuestros clientes y proporcionarle acceso directo a una amplia gama de soluciones financieros\u201d.<\/p>\n<p>Por su parte, Marielyn Portorreal, Vicepresidente Senior de Banca Personas y Pyme, resalto que la nueva sucursal en San Francisco de Macor\u00eds, cuenta con un equipo especializado para atender tanto a los clientes personales como empresariales con el objetivo de brindarles soluciones personalizadas adaptadas a sus necesidades.<\/p>\n<p>En esta etapa de expansi\u00f3n, Banco Promerica tambi\u00e9n reafirma su compromiso con la digitalizaci\u00f3n, brindando a los clientes una experiencia bancaria completa y accesible desde cualquier lugar. Con su plataforma de Banca Digital, los usuarios pueden realizar<strong>\u00a0transacciones, pagos, transferencias y consultas de sus cuentas de manera f\u00e1cil y segura, las 24 horas del d\u00eda.<\/strong><\/p>\n<div class=\"wp-block-columns is-layout-flex wp-container-core-columns-is-layout-1 wp-block-columns-is-layout-flex\">\n<div class=\"wp-block-column is-layout-flow wp-block-column-is-layout-flow\">\n<figure class=\"wp-block-image size-large\">\n<p><figure id=\"attachment_10097\" aria-describedby=\"caption-attachment-10097\" style=\"width: 1024px\" class=\"wp-caption aligncenter\"><img loading=\"lazy\" decoding=\"async\" class=\"wp-image-10097\" title=\"Joel Guillen, Francisco Lopez, Carlos Julio Camilo, Gabriel Roig, Claudia Cueli, Rafael Reynoso\" src=\"https:\/\/afcomunicacion.com\/wp-content\/uploads\/2024\/11\/01-Sociales-Joel-Guillen-Francisco-Lopez-Carlos-Julio-Camilo-Gabriel-Roig-Claudia-Cueli-Rafael-Reynoso-1-1024x683.jpg\" sizes=\"auto, (max-width: 1024px) 100vw, 1024px\" srcset=\"https:\/\/afcomunicacion.com\/wp-content\/uploads\/2024\/11\/01-Sociales-Joel-Guillen-Francisco-Lopez-Carlos-Julio-Camilo-Gabriel-Roig-Claudia-Cueli-Rafael-Reynoso-1-1024x683.jpg 1024w, https:\/\/afcomunicacion.com\/wp-content\/uploads\/2024\/11\/01-Sociales-Joel-Guillen-Francisco-Lopez-Carlos-Julio-Camilo-Gabriel-Roig-Claudia-Cueli-Rafael-Reynoso-1-300x200.jpg 300w, https:\/\/afcomunicacion.com\/wp-content\/uploads\/2024\/11\/01-Sociales-Joel-Guillen-Francisco-Lopez-Carlos-Julio-Camilo-Gabriel-Roig-Claudia-Cueli-Rafael-Reynoso-1-768x512.jpg 768w, https:\/\/afcomunicacion.com\/wp-content\/uploads\/2024\/11\/01-Sociales-Joel-Guillen-Francisco-Lopez-Carlos-Julio-Camilo-Gabriel-Roig-Claudia-Cueli-Rafael-Reynoso-1-1536x1024.jpg 1536w, https:\/\/afcomunicacion.com\/wp-content\/uploads\/2024\/11\/01-Sociales-Joel-Guillen-Francisco-Lopez-Carlos-Julio-Camilo-Gabriel-Roig-Claudia-Cueli-Rafael-Reynoso-1-2048x1365.jpg 2048w\" alt=\"Joel Guillen, Francisco Lopez, Carlos Julio Camilo, Gabriel Roig, Claudia Cueli, Rafael Reynoso\" width=\"1024\" height=\"683\" \/><figcaption id=\"caption-attachment-10097\" class=\"wp-caption-text\">Joel Guillen, Francisco Lopez, Carlos Julio Camilo, Gabriel Roig, Claudia Cueli, Rafael Reynoso<\/figcaption><\/figure><figcaption class=\"wp-element-caption\"><\/figcaption><\/figure>\n<\/div>\n<div class=\"wp-block-column is-layout-flow wp-block-column-is-layout-flow\">\n<figure class=\"wp-block-image size-large\">\n<p><figure id=\"attachment_10099\" aria-describedby=\"caption-attachment-10099\" style=\"width: 1024px\" class=\"wp-caption aligncenter\"><img loading=\"lazy\" decoding=\"async\" class=\"wp-image-10099\" title=\"Miguel Acosta, Melvin Figueroa, Jos\u00e9 Figueroa y Jos\u00e9 Lopez\" src=\"https:\/\/afcomunicacion.com\/wp-content\/uploads\/2024\/11\/03-Sociales-Miguel-Acosta-Melvin-Figueroa-Jose-Figueroa-y-Jose-Lopez-1024x683.jpg\" sizes=\"auto, (max-width: 1024px) 100vw, 1024px\" srcset=\"https:\/\/afcomunicacion.com\/wp-content\/uploads\/2024\/11\/03-Sociales-Miguel-Acosta-Melvin-Figueroa-Jose-Figueroa-y-Jose-Lopez-1024x683.jpg 1024w, https:\/\/afcomunicacion.com\/wp-content\/uploads\/2024\/11\/03-Sociales-Miguel-Acosta-Melvin-Figueroa-Jose-Figueroa-y-Jose-Lopez-300x200.jpg 300w, https:\/\/afcomunicacion.com\/wp-content\/uploads\/2024\/11\/03-Sociales-Miguel-Acosta-Melvin-Figueroa-Jose-Figueroa-y-Jose-Lopez-768x512.jpg 768w, https:\/\/afcomunicacion.com\/wp-content\/uploads\/2024\/11\/03-Sociales-Miguel-Acosta-Melvin-Figueroa-Jose-Figueroa-y-Jose-Lopez-1536x1024.jpg 1536w, https:\/\/afcomunicacion.com\/wp-content\/uploads\/2024\/11\/03-Sociales-Miguel-Acosta-Melvin-Figueroa-Jose-Figueroa-y-Jose-Lopez-2048x1365.jpg 2048w\" alt=\"Miguel Acosta, Melvin Figueroa, Jos\u00e9 Figueroa y Jos\u00e9 Lopez\" width=\"1024\" height=\"683\" \/><figcaption id=\"caption-attachment-10099\" class=\"wp-caption-text\">Miguel Acosta, Melvin Figueroa, Jos\u00e9 Figueroa y Jos\u00e9 Lopez<\/figcaption><\/figure><figcaption class=\"wp-element-caption\"><\/figcaption><\/figure>\n<\/div>\n<\/div>\n<p>Adem\u00e1s, a trav\u00e9s de su\u00a0<strong>asistente virtual AliCIA en WhatsApp 829.257.3400<\/strong>, los clientes pueden acceder a informaci\u00f3n y servicios adicionales de forma r\u00e1pida, sin necesidad de desplazarse. Con estos recursos digitales, Banco Promerica busca integrar la cercan\u00eda de sus sucursales f\u00edsicas con la conveniencia de una banca digital moderna, adapt\u00e1ndose a las necesidades de sus clientes.<\/p>\n<p>La apertura de esta nueva sucursal en San Francisco de Macor\u00eds refuerza el compromiso de Banco Promerica de ser un aliado cercano y confiable, respondiendo a las necesidades financieras de cada comunidad en la que est\u00e1 presente. Los clientes tendr\u00e1n acceso a una amplia gama de productos y servicios, como cuentas de ahorro, pr\u00e9stamos personales y asesor\u00edas financieras personalizadas, todo en un entorno seguro y moderno.<\/p>\n<h5 id=\"h-acerca-de-banco-promerica\" class=\"wp-block-heading\"><strong>Acerca de Banco Promerica<\/strong><\/h5>\n<p>Con sede en Santo Domingo, Banco Promerica es un banco m\u00faltiple con 24 a\u00f1os de presencia local, con \u00e9nfasis en la atenci\u00f3n de clientes personales, en la\u00a0<strong>peque\u00f1a y mediana empresa<\/strong>, en clientes\u00a0<strong>corporativos e institucionales<\/strong>, as\u00ed como en el negocio de Medios de Pago.\u00a0<strong>Banco Promerica es miembro de Grupo Promerica<\/strong>\u00a0(a trav\u00e9s de la sociedad controladora Promerica Financial Corporation), el cual opera en 9 pa\u00edses ubicados en Centroam\u00e9rica, Ecuador, Islas Caim\u00e1n y Rep\u00fablica Dominicana.<\/p>\n","protected":false},"excerpt":{"rendered":"<p>Banco Promerica ha inaugurado una nueva sucursal en\u00a0San Francisco de Macor\u00eds, en la provincia Duarte, fortaleciendo su compromiso con la regi\u00f3n norte del pa\u00eds. Esta apertura forma parte de una&hellip; <\/p>\n","protected":false},"author":2,"featured_media":55498,"comment_status":"closed","ping_status":"closed","sticky":false,"template":"","format":"standard","meta":{"fifu_image_url":"","fifu_image_alt":"","footnotes":""},"categories":[180],"tags":[],"class_list":["post-55497","post","type-post","status-publish","format-standard","has-post-thumbnail","hentry","category-banca"],"_links":{"self":[{"href":"https:\/\/elmundodelosnegocios.com.do\/v1\/wp-json\/wp\/v2\/posts\/55497","targetHints":{"allow":["GET"]}}],"collection":[{"href":"https:\/\/elmundodelosnegocios.com.do\/v1\/wp-json\/wp\/v2\/posts"}],"about":[{"href":"https:\/\/elmundodelosnegocios.com.do\/v1\/wp-json\/wp\/v2\/types\/post"}],"author":[{"embeddable":true,"href":"https:\/\/elmundodelosnegocios.com.do\/v1\/wp-json\/wp\/v2\/users\/2"}],"replies":[{"embeddable":true,"href":"https:\/\/elmundodelosnegocios.com.do\/v1\/wp-json\/wp\/v2\/comments?post=55497"}],"version-history":[{"count":1,"href":"https:\/\/elmundodelosnegocios.com.do\/v1\/wp-json\/wp\/v2\/posts\/55497\/revisions"}],"predecessor-version":[{"id":55499,"href":"https:\/\/elmundodelosnegocios.com.do\/v1\/wp-json\/wp\/v2\/posts\/55497\/revisions\/55499"}],"wp:featuredmedia":[{"embeddable":true,"href":"https:\/\/elmundodelosnegocios.com.do\/v1\/wp-json\/wp\/v2\/media\/55498"}],"wp:attachment":[{"href":"https:\/\/elmundodelosnegocios.com.do\/v1\/wp-json\/wp\/v2\/media?parent=55497"}],"wp:term":[{"taxonomy":"category","embeddable":true,"href":"https:\/\/elmundodelosnegocios.com.do\/v1\/wp-json\/wp\/v2\/categories?post=55497"},{"taxonomy":"post_tag","embeddable":true,"href":"https:\/\/elmundodelosnegocios.com.do\/v1\/wp-json\/wp\/v2\/tags?post=55497"}],"curies":[{"name":"wp","href":"https:\/\/api.w.org\/{rel}","templated":true}]}}