{"id":55500,"date":"2024-11-18T09:54:32","date_gmt":"2024-11-18T14:24:32","guid":{"rendered":"https:\/\/www.elmundodelosnegocios.com.do\/v1\/?p=55500"},"modified":"2024-11-19T09:59:22","modified_gmt":"2024-11-19T14:29:22","slug":"raquel-pena-da-primer-palazo-para-el-hotel-la-estancia-fortaleciendo-el-turismo-en-la-romana","status":"publish","type":"post","link":"https:\/\/elmundodelosnegocios.com.do\/v1\/raquel-pena-da-primer-palazo-para-el-hotel-la-estancia-fortaleciendo-el-turismo-en-la-romana\/","title":{"rendered":"Raquel Pe\u00f1a da primer palazo para el hotel La Estancia, fortaleciendo el turismo en La Romana"},"content":{"rendered":"<p><strong>La Romana, RD.-<\/strong>\u00a0La vicepresidenta de la Rep\u00fablica, Raquel Pe\u00f1a, dio el primer palazo para la construcci\u00f3n del hotel La Estancia en La Romana, reafirmando el compromiso del sector privado de continuar trabajando junto al Estado para el fortalecimiento del turismo dominicano.<\/p>\n<p><a href=\"http:\/\/elmundodelosnegocios.com.do\/v1\/wp-content\/uploads\/2024\/11\/Imagen-de-WhatsApp-2024-11-16-a-las-13.09.45_a6fe94b5-scaled.jpg\"><img loading=\"lazy\" decoding=\"async\" class=\"aligncenter size-full wp-image-55501\" src=\"http:\/\/elmundodelosnegocios.com.do\/v1\/wp-content\/uploads\/2024\/11\/Imagen-de-WhatsApp-2024-11-16-a-las-13.09.45_a6fe94b5-scaled.jpg\" alt=\"\" width=\"2560\" height=\"1707\" srcset=\"https:\/\/elmundodelosnegocios.com.do\/v1\/wp-content\/uploads\/2024\/11\/Imagen-de-WhatsApp-2024-11-16-a-las-13.09.45_a6fe94b5-scaled.jpg 2560w, https:\/\/elmundodelosnegocios.com.do\/v1\/wp-content\/uploads\/2024\/11\/Imagen-de-WhatsApp-2024-11-16-a-las-13.09.45_a6fe94b5-300x200.jpg 300w, https:\/\/elmundodelosnegocios.com.do\/v1\/wp-content\/uploads\/2024\/11\/Imagen-de-WhatsApp-2024-11-16-a-las-13.09.45_a6fe94b5-1024x683.jpg 1024w, https:\/\/elmundodelosnegocios.com.do\/v1\/wp-content\/uploads\/2024\/11\/Imagen-de-WhatsApp-2024-11-16-a-las-13.09.45_a6fe94b5-768x512.jpg 768w, https:\/\/elmundodelosnegocios.com.do\/v1\/wp-content\/uploads\/2024\/11\/Imagen-de-WhatsApp-2024-11-16-a-las-13.09.45_a6fe94b5-1536x1024.jpg 1536w, https:\/\/elmundodelosnegocios.com.do\/v1\/wp-content\/uploads\/2024\/11\/Imagen-de-WhatsApp-2024-11-16-a-las-13.09.45_a6fe94b5-2048x1365.jpg 2048w\" sizes=\"auto, (max-width: 2560px) 100vw, 2560px\" \/><\/a><\/p>\n<p>\u201cEste logro no solo es una demostraci\u00f3n de nuestra belleza natural, sino tambi\u00e9n del esfuerzo conjunto de todos los actores del sector para diversificar la oferta y fortalecer la calidad de nuestro turismo en todos los rincones de nuestra isla\u201d, expuso la vicemandataria durante la ceremonia.<\/p>\n<p>Pe\u00f1a destac\u00f3 la seguridad jur\u00eddica y la estabilidad pol\u00edtica de la que disfruta Rep\u00fablica Dominicana, resultado del trabajo realizado por el presidente Luis Abinader para impulsar la industria y colocar al pa\u00eds en el centro de atenci\u00f3n de los principales inversionistas del sector.<\/p>\n<p><a href=\"http:\/\/elmundodelosnegocios.com.do\/v1\/wp-content\/uploads\/2024\/11\/Imagen-de-WhatsApp-2024-11-16-a-las-13.09.31_ef83c7ab-scaled.jpg\"><img loading=\"lazy\" decoding=\"async\" class=\"aligncenter size-full wp-image-55502\" src=\"http:\/\/elmundodelosnegocios.com.do\/v1\/wp-content\/uploads\/2024\/11\/Imagen-de-WhatsApp-2024-11-16-a-las-13.09.31_ef83c7ab-scaled.jpg\" alt=\"\" width=\"2560\" height=\"1707\" srcset=\"https:\/\/elmundodelosnegocios.com.do\/v1\/wp-content\/uploads\/2024\/11\/Imagen-de-WhatsApp-2024-11-16-a-las-13.09.31_ef83c7ab-scaled.jpg 2560w, https:\/\/elmundodelosnegocios.com.do\/v1\/wp-content\/uploads\/2024\/11\/Imagen-de-WhatsApp-2024-11-16-a-las-13.09.31_ef83c7ab-300x200.jpg 300w, https:\/\/elmundodelosnegocios.com.do\/v1\/wp-content\/uploads\/2024\/11\/Imagen-de-WhatsApp-2024-11-16-a-las-13.09.31_ef83c7ab-1024x683.jpg 1024w, https:\/\/elmundodelosnegocios.com.do\/v1\/wp-content\/uploads\/2024\/11\/Imagen-de-WhatsApp-2024-11-16-a-las-13.09.31_ef83c7ab-768x512.jpg 768w, https:\/\/elmundodelosnegocios.com.do\/v1\/wp-content\/uploads\/2024\/11\/Imagen-de-WhatsApp-2024-11-16-a-las-13.09.31_ef83c7ab-1536x1024.jpg 1536w, https:\/\/elmundodelosnegocios.com.do\/v1\/wp-content\/uploads\/2024\/11\/Imagen-de-WhatsApp-2024-11-16-a-las-13.09.31_ef83c7ab-2048x1365.jpg 2048w\" sizes=\"auto, (max-width: 2560px) 100vw, 2560px\" \/><\/a><\/p>\n<p>Agreg\u00f3 que el inicio de los trabajos de construcci\u00f3n de La Estancia es una muestra de c\u00f3mo el turismo dominicano sigue avanzando, creciendo y transform\u00e1ndose para adaptarse a los nuevos tiempos y atraer cada vez a m\u00e1s visitantes.<\/p>\n<p>La vicepresidenta record\u00f3 que la Rep\u00fablica Dominicana ha sido reconocida como el Mejor destino del Caribe en los recientes premios Travvy Awards 2024, y el galard\u00f3n al Ministerio de Turismo como el Mejor Organismo de Turismo, consolidando el pa\u00eds como el destino favorito de millones de viajeros de todo el mundo.<\/p>\n<p>Por su parte, Luis Andr\u00e9s Olivares, presidente de La Estancia Golf and Country Club extern\u00f3 el compromiso y visi\u00f3n compartida para seguir impulsando el crecimiento y desarrollo tur\u00edstico en esta regi\u00f3n.<\/p>\n<p>\u201cEste pa\u00eds se ha convertido en un ejemplo de crecimiento y seguridad para los inversionistas, especialmente en el sector tur\u00edstico, gracias a un marco legal y fiscal que garantiza la confianza de quienes ven en esta tierra el destino ideal para materializar grandes proyectos\u201d, dijo Olivares, quien tambi\u00e9n destac\u00f3 el papel fundamental que ha tenido el Gobierno del presidente Luis Abinader.<\/p>\n<p>A\u00f1adi\u00f3 que gracias a estas pol\u00edticas el turismo en la Rep\u00fablica Dominicana es uno de los principales motores de la econom\u00eda y un modelo a seguir en la regi\u00f3n y en el mundo.<\/p>\n<p><strong>El proyecto<\/strong><\/p>\n<p>El Hotel La Estancia, situado en el entorno de La Estancia Golf &amp; Country Club, que se iniciar\u00e1 a construir en colaboraci\u00f3n con la cadena Best Western Premier Collection, ser\u00e1 un espacio de encuentro entre la naturaleza y la modernidad, donde los hu\u00e9spedes podr\u00e1n disfrutar de servicios de alta calidad rodeados de la belleza de Rep\u00fablica Dominicana.<\/p>\n<p>Contar\u00e1 con 61 habitaciones en cuatro niveles, rodeando de extraordinarias vistas panor\u00e1micas como tambi\u00e9n una combinaci\u00f3n de distintos tipos de habitaciones de acuerdo a la necesidad de cada visitante.<\/p>\n<p>El \u00e1rea edificada de desarrollo del proyecto en total abarcar\u00e1 unos 3.737,31 m2 mientras que el \u00e1rea de cobertura del suelo\u00a0unos\u00a0990,64\u00a0m2.<\/p>\n","protected":false},"excerpt":{"rendered":"<p>La Romana, RD.-\u00a0La vicepresidenta de la Rep\u00fablica, Raquel Pe\u00f1a, dio el primer palazo para la construcci\u00f3n del hotel La Estancia en La Romana, reafirmando el compromiso del sector privado de&hellip; <\/p>\n","protected":false},"author":2,"featured_media":55501,"comment_status":"closed","ping_status":"closed","sticky":false,"template":"","format":"standard","meta":{"fifu_image_url":"","fifu_image_alt":"","footnotes":""},"categories":[172],"tags":[],"class_list":["post-55500","post","type-post","status-publish","format-standard","has-post-thumbnail","hentry","category-turismo"],"_links":{"self":[{"href":"https:\/\/elmundodelosnegocios.com.do\/v1\/wp-json\/wp\/v2\/posts\/55500","targetHints":{"allow":["GET"]}}],"collection":[{"href":"https:\/\/elmundodelosnegocios.com.do\/v1\/wp-json\/wp\/v2\/posts"}],"about":[{"href":"https:\/\/elmundodelosnegocios.com.do\/v1\/wp-json\/wp\/v2\/types\/post"}],"author":[{"embeddable":true,"href":"https:\/\/elmundodelosnegocios.com.do\/v1\/wp-json\/wp\/v2\/users\/2"}],"replies":[{"embeddable":true,"href":"https:\/\/elmundodelosnegocios.com.do\/v1\/wp-json\/wp\/v2\/comments?post=55500"}],"version-history":[{"count":1,"href":"https:\/\/elmundodelosnegocios.com.do\/v1\/wp-json\/wp\/v2\/posts\/55500\/revisions"}],"predecessor-version":[{"id":55503,"href":"https:\/\/elmundodelosnegocios.com.do\/v1\/wp-json\/wp\/v2\/posts\/55500\/revisions\/55503"}],"wp:featuredmedia":[{"embeddable":true,"href":"https:\/\/elmundodelosnegocios.com.do\/v1\/wp-json\/wp\/v2\/media\/55501"}],"wp:attachment":[{"href":"https:\/\/elmundodelosnegocios.com.do\/v1\/wp-json\/wp\/v2\/media?parent=55500"}],"wp:term":[{"taxonomy":"category","embeddable":true,"href":"https:\/\/elmundodelosnegocios.com.do\/v1\/wp-json\/wp\/v2\/categories?post=55500"},{"taxonomy":"post_tag","embeddable":true,"href":"https:\/\/elmundodelosnegocios.com.do\/v1\/wp-json\/wp\/v2\/tags?post=55500"}],"curies":[{"name":"wp","href":"https:\/\/api.w.org\/{rel}","templated":true}]}}