{"id":55562,"date":"2024-11-25T09:41:56","date_gmt":"2024-11-25T14:11:56","guid":{"rendered":"https:\/\/www.elmundodelosnegocios.com.do\/v1\/?p=55562"},"modified":"2024-11-25T09:41:56","modified_gmt":"2024-11-25T14:11:56","slug":"distrito-el-globo-asociacion-uruguaya-de-capital-privado-y-camara-uruguaya-de-tecnologias-de-informacion-reunieron-referentes-ecosistema-tecnologico-e-inversor","status":"publish","type":"post","link":"https:\/\/elmundodelosnegocios.com.do\/v1\/distrito-el-globo-asociacion-uruguaya-de-capital-privado-y-camara-uruguaya-de-tecnologias-de-informacion-reunieron-referentes-ecosistema-tecnologico-e-inversor\/","title":{"rendered":"Distrito El Globo, Asociaci\u00f3n Uruguaya de Capital Privado y C\u00e1mara Uruguaya de Tecnolog\u00edas de Informaci\u00f3n reunieron referentes ecosistema tecnol\u00f3gico e inversor"},"content":{"rendered":"<div><i><b>Montevideo<\/b>, 25 de noviembre 2024<\/i>.- El Rooftop de Casa El Globo fue recientemente el escenario de un exclusivo encuentro organizado en conjunto por la Asociaci\u00f3n Uruguaya de Capital Privado (URUCAP) y la C\u00e1mara Uruguaya de Tecnolog\u00edas de la Informaci\u00f3n (CUTI). Este evento reuni\u00f3 a destacados l\u00edderes del ecosistema tecnol\u00f3gico e inversor de Uruguay, fomentando el networking, el aprendizaje y la generaci\u00f3n de conexiones estrat\u00e9gicas.<\/div>\n<div><a href=\"http:\/\/elmundodelosnegocios.com.do\/v1\/wp-content\/uploads\/2024\/11\/Representantes-de-Urucap-y-Cuti-en-el-rooftop-de-Casa-El-Globo.jpg\"><img loading=\"lazy\" decoding=\"async\" class=\"aligncenter size-full wp-image-55563\" src=\"http:\/\/elmundodelosnegocios.com.do\/v1\/wp-content\/uploads\/2024\/11\/Representantes-de-Urucap-y-Cuti-en-el-rooftop-de-Casa-El-Globo.jpg\" alt=\"\" width=\"1290\" height=\"850\" srcset=\"https:\/\/elmundodelosnegocios.com.do\/v1\/wp-content\/uploads\/2024\/11\/Representantes-de-Urucap-y-Cuti-en-el-rooftop-de-Casa-El-Globo.jpg 1290w, https:\/\/elmundodelosnegocios.com.do\/v1\/wp-content\/uploads\/2024\/11\/Representantes-de-Urucap-y-Cuti-en-el-rooftop-de-Casa-El-Globo-300x198.jpg 300w, https:\/\/elmundodelosnegocios.com.do\/v1\/wp-content\/uploads\/2024\/11\/Representantes-de-Urucap-y-Cuti-en-el-rooftop-de-Casa-El-Globo-1024x675.jpg 1024w, https:\/\/elmundodelosnegocios.com.do\/v1\/wp-content\/uploads\/2024\/11\/Representantes-de-Urucap-y-Cuti-en-el-rooftop-de-Casa-El-Globo-768x506.jpg 768w\" sizes=\"auto, (max-width: 1290px) 100vw, 1290px\" \/><\/a><\/div>\n<div><\/div>\n<div>Con una inigualable vista al puerto de Montevideo, el evento congreg\u00f3 a socios de URUCAP y miembros destacados de la comunidad tecnol\u00f3gica para debatir temas centrales como la inversi\u00f3n y los \u201cexits\u201d en empresas tecnol\u00f3gicas, hitos significativos en el ciclo de vida de las startups, que permiten a fundadores e inversores recuperar o multiplicar su inversi\u00f3n mediante la venta parcial o total de sus participaciones, abriendo la puerta a nuevos proyectos o consolidaciones empresariales.<\/div>\n<div><a href=\"http:\/\/elmundodelosnegocios.com.do\/v1\/wp-content\/uploads\/2024\/11\/Rooftop-de-Casa-El-Globo.jpg\"><img loading=\"lazy\" decoding=\"async\" class=\"aligncenter size-full wp-image-55564\" src=\"http:\/\/elmundodelosnegocios.com.do\/v1\/wp-content\/uploads\/2024\/11\/Rooftop-de-Casa-El-Globo.jpg\" alt=\"\" width=\"1264\" height=\"850\" srcset=\"https:\/\/elmundodelosnegocios.com.do\/v1\/wp-content\/uploads\/2024\/11\/Rooftop-de-Casa-El-Globo.jpg 1264w, https:\/\/elmundodelosnegocios.com.do\/v1\/wp-content\/uploads\/2024\/11\/Rooftop-de-Casa-El-Globo-300x202.jpg 300w, https:\/\/elmundodelosnegocios.com.do\/v1\/wp-content\/uploads\/2024\/11\/Rooftop-de-Casa-El-Globo-1024x689.jpg 1024w, https:\/\/elmundodelosnegocios.com.do\/v1\/wp-content\/uploads\/2024\/11\/Rooftop-de-Casa-El-Globo-768x516.jpg 768w\" sizes=\"auto, (max-width: 1264px) 100vw, 1264px\" \/><\/a><\/div>\n<div><\/div>\n<div>Moderado por Sara Goldberg, Directora de URUCAP, el encuentro destac\u00f3 experiencias desde las perspectivas de inversores y fundadores, enriqueciendo el intercambio de conocimientos y fortaleciendo los v\u00ednculos dentro del sector. Entre los principales speakers se encontraron: Eduardo Mangarelli, Director de URUCAP, Decano de la Facultad de Ingenier\u00eda de la Universidad ORT y Presidente de Endeavor; Sylvia Chebi, Presidenta de URUCAP y Founder de ThalesLab; Am\u00edlcar Perea, Presidente de CUTI y General Manager de Inswitch; y Agust\u00edn Rotondaro, Founder de SoyHabite y Expansion Manager LATAM de Ambit. Cada uno de ellos aport\u00f3 su visi\u00f3n sobre las oportunidades y desaf\u00edos del sector, destacando estrategias de \u00e9xito en la intersecci\u00f3n entre tecnolog\u00eda e inversi\u00f3n.<\/div>\n<div><\/div>\n<div>\u201c<i>Fue una jornada de gran inspiraci\u00f3n, donde se compartieron insights clave frente a destacados representantes de la comunidad tecnol\u00f3gica uruguaya. Se abordaron una amplia gama de temas de inter\u00e9s, como oportunidades, desaf\u00edos y estrategias de \u00e9xito en tecnolog\u00eda e inversi\u00f3n. Desde Distrito El Globo, reafirmamos nuestro compromiso de ofrecer la mejor agenda de networking y negocios de Montevideo, creando espacios \u00fanicos donde convergen innovaci\u00f3n, tecnolog\u00eda y oportunidades de alto impacto<\/i>\u201d, coment\u00f3 Nadina Rubinstein, Gerente de Desarrollo de Negocios y Marketing\u00a0de Distrito El Globo.<\/div>\n<div><\/div>\n<div><b>SOBRE DISTRITO EL GLOBO<\/b><\/div>\n<div>Distrito de negocios que nace como faro de renovaci\u00f3n e inversi\u00f3n de la Ciudad Vieja de Montevideo. Surge como una nueva forma de hacer negocios proponiendo un espacio de encuentro para empresarios y emprendedores de alto perfil. El grupo SWI puso en marcha las obras de reconstrucci\u00f3n del m\u00edtico edificio donde funcionaba el Hotel El Globo, a inicios del siglo XX, un \u00edcono de la zona portuaria de la ciudad. El proyecto reedita la m\u00edstica de hub de encuentro y negocios, un ecosistema de servicios de lifestyle, emprendedores y empresarios, representantes de la cultura, situado en una de las puertas de entrada m\u00e1s relevantes de Uruguay, potenciando el ecosistema de negocios argentino-uruguayo. Desde este epicentro este ecosistema se expande sobre rambla 25 de agosto y sobre calle Col\u00f3n hacia otras propiedades que forman parte del masterplan y dan origen al denominado Distrito el El Globo.<\/div>\n","protected":false},"excerpt":{"rendered":"<p>Montevideo, 25 de noviembre 2024.- El Rooftop de Casa El Globo fue recientemente el escenario de un exclusivo encuentro organizado en conjunto por la Asociaci\u00f3n Uruguaya de Capital Privado (URUCAP)&hellip; <\/p>\n","protected":false},"author":2,"featured_media":55563,"comment_status":"closed","ping_status":"closed","sticky":false,"template":"","format":"standard","meta":{"fifu_image_url":"","fifu_image_alt":"","footnotes":""},"categories":[166],"tags":[],"class_list":["post-55562","post","type-post","status-publish","format-standard","has-post-thumbnail","hentry","category-tecnologia"],"_links":{"self":[{"href":"https:\/\/elmundodelosnegocios.com.do\/v1\/wp-json\/wp\/v2\/posts\/55562","targetHints":{"allow":["GET"]}}],"collection":[{"href":"https:\/\/elmundodelosnegocios.com.do\/v1\/wp-json\/wp\/v2\/posts"}],"about":[{"href":"https:\/\/elmundodelosnegocios.com.do\/v1\/wp-json\/wp\/v2\/types\/post"}],"author":[{"embeddable":true,"href":"https:\/\/elmundodelosnegocios.com.do\/v1\/wp-json\/wp\/v2\/users\/2"}],"replies":[{"embeddable":true,"href":"https:\/\/elmundodelosnegocios.com.do\/v1\/wp-json\/wp\/v2\/comments?post=55562"}],"version-history":[{"count":1,"href":"https:\/\/elmundodelosnegocios.com.do\/v1\/wp-json\/wp\/v2\/posts\/55562\/revisions"}],"predecessor-version":[{"id":55565,"href":"https:\/\/elmundodelosnegocios.com.do\/v1\/wp-json\/wp\/v2\/posts\/55562\/revisions\/55565"}],"wp:featuredmedia":[{"embeddable":true,"href":"https:\/\/elmundodelosnegocios.com.do\/v1\/wp-json\/wp\/v2\/media\/55563"}],"wp:attachment":[{"href":"https:\/\/elmundodelosnegocios.com.do\/v1\/wp-json\/wp\/v2\/media?parent=55562"}],"wp:term":[{"taxonomy":"category","embeddable":true,"href":"https:\/\/elmundodelosnegocios.com.do\/v1\/wp-json\/wp\/v2\/categories?post=55562"},{"taxonomy":"post_tag","embeddable":true,"href":"https:\/\/elmundodelosnegocios.com.do\/v1\/wp-json\/wp\/v2\/tags?post=55562"}],"curies":[{"name":"wp","href":"https:\/\/api.w.org\/{rel}","templated":true}]}}