{"id":55574,"date":"2024-11-25T10:38:31","date_gmt":"2024-11-25T15:08:31","guid":{"rendered":"https:\/\/www.elmundodelosnegocios.com.do\/v1\/?p=55574"},"modified":"2024-11-25T10:38:31","modified_gmt":"2024-11-25T15:08:31","slug":"de-camps-anuncia-r-d-sera-sede-20a-reunion-regional-las-americas-de-la-organizacion-internacional-del-trabajo-oit","status":"publish","type":"post","link":"https:\/\/elmundodelosnegocios.com.do\/v1\/de-camps-anuncia-r-d-sera-sede-20a-reunion-regional-las-americas-de-la-organizacion-internacional-del-trabajo-oit\/","title":{"rendered":"De Camps anuncia R.D. ser\u00e1 sede 20\u00aa Reuni\u00f3n Regional Las Am\u00e9ricas de la Organizaci\u00f3n Internacional del Trabajo (OIT)"},"content":{"rendered":"<p>Santo Domingo, R.D. Noviembre 25, 2024.- Luis Miguel De Camps Garc\u00eda, ministro de Trabajo, expres\u00f3 que Rep\u00fablica Dominicana, en su condici\u00f3n de Miembro Titular del Consejo de Administraci\u00f3n de la Organizaci\u00f3n Internacional del Trabajo (OIT), ser\u00e1 sede de la 20\u00aa Reuni\u00f3n Regional Americana del organismo tripartito.<\/p>\n<p><a href=\"http:\/\/elmundodelosnegocios.com.do\/v1\/wp-content\/uploads\/2024\/11\/LMDC.jpg\"><img loading=\"lazy\" decoding=\"async\" class=\"aligncenter size-full wp-image-55575\" src=\"http:\/\/elmundodelosnegocios.com.do\/v1\/wp-content\/uploads\/2024\/11\/LMDC.jpg\" alt=\"\" width=\"1280\" height=\"853\" srcset=\"https:\/\/elmundodelosnegocios.com.do\/v1\/wp-content\/uploads\/2024\/11\/LMDC.jpg 1280w, https:\/\/elmundodelosnegocios.com.do\/v1\/wp-content\/uploads\/2024\/11\/LMDC-300x200.jpg 300w, https:\/\/elmundodelosnegocios.com.do\/v1\/wp-content\/uploads\/2024\/11\/LMDC-1024x682.jpg 1024w, https:\/\/elmundodelosnegocios.com.do\/v1\/wp-content\/uploads\/2024\/11\/LMDC-768x512.jpg 768w\" sizes=\"auto, (max-width: 1280px) 100vw, 1280px\" \/><\/a><\/p>\n<p>Apunt\u00f3 que la agenda de la Reuni\u00f3n Regional se definir\u00e1 de manera tripartita, con los mandantes de la regi\u00f3n de las Am\u00e9ricas, bajo el liderazgo de la OIT.<\/p>\n<p>De Camps, sostuvo que \u201cEste encuentro reunir\u00e1 a gobiernos representados por ministros de Trabajo y otros organismos gubernamentales; organizaciones empresariales; l\u00edderes sindicales y representantes de organizaciones de los trabajadores; as\u00ed como especialistas y acad\u00e9micos en temas laborales\u201d.<\/p>\n<p>El mismo propiciar\u00e1 un espacio para abordar de manera conjunta los desaf\u00edos y oportunidades que enfrentamos en el mundo laboral actual, as\u00ed como para promover el desarrollo sostenible y la justicia social en nuestras naciones.<\/p>\n<p>El ministro de Trabajo resalt\u00f3 el compromiso del Gobierno de la Rep\u00fablica Dominicana como anfitri\u00f3n de este evento, que busca fomentar el di\u00e1logo social, identificar desaf\u00edos regionales, promover normas internacionales y fortalecer capacidades a trav\u00e9s de herramientas y recursos para mejorar la gesti\u00f3n laboral y el desarrollo sostenible.<\/p>\n<p>Se recuerda que en esta gesti\u00f3n del Ministerio de Trabajo, el pa\u00eds ha sido electo en dos ocasiones, primero como Miembro Adjunto, y en junio de este 2024 fue electo como Miembro Titular del Consejo de Administraci\u00f3n de la Organizaci\u00f3n Internacional del Trabajo (OIT) para el per\u00edodo 2024-2027.<\/p>\n","protected":false},"excerpt":{"rendered":"<p>Santo Domingo, R.D. Noviembre 25, 2024.- Luis Miguel De Camps Garc\u00eda, ministro de Trabajo, expres\u00f3 que Rep\u00fablica Dominicana, en su condici\u00f3n de Miembro Titular del Consejo de Administraci\u00f3n de la&hellip; <\/p>\n","protected":false},"author":2,"featured_media":55575,"comment_status":"closed","ping_status":"closed","sticky":false,"template":"","format":"standard","meta":{"fifu_image_url":"","fifu_image_alt":"","footnotes":""},"categories":[32],"tags":[],"class_list":["post-55574","post","type-post","status-publish","format-standard","has-post-thumbnail","hentry","category-eventos"],"_links":{"self":[{"href":"https:\/\/elmundodelosnegocios.com.do\/v1\/wp-json\/wp\/v2\/posts\/55574","targetHints":{"allow":["GET"]}}],"collection":[{"href":"https:\/\/elmundodelosnegocios.com.do\/v1\/wp-json\/wp\/v2\/posts"}],"about":[{"href":"https:\/\/elmundodelosnegocios.com.do\/v1\/wp-json\/wp\/v2\/types\/post"}],"author":[{"embeddable":true,"href":"https:\/\/elmundodelosnegocios.com.do\/v1\/wp-json\/wp\/v2\/users\/2"}],"replies":[{"embeddable":true,"href":"https:\/\/elmundodelosnegocios.com.do\/v1\/wp-json\/wp\/v2\/comments?post=55574"}],"version-history":[{"count":1,"href":"https:\/\/elmundodelosnegocios.com.do\/v1\/wp-json\/wp\/v2\/posts\/55574\/revisions"}],"predecessor-version":[{"id":55576,"href":"https:\/\/elmundodelosnegocios.com.do\/v1\/wp-json\/wp\/v2\/posts\/55574\/revisions\/55576"}],"wp:featuredmedia":[{"embeddable":true,"href":"https:\/\/elmundodelosnegocios.com.do\/v1\/wp-json\/wp\/v2\/media\/55575"}],"wp:attachment":[{"href":"https:\/\/elmundodelosnegocios.com.do\/v1\/wp-json\/wp\/v2\/media?parent=55574"}],"wp:term":[{"taxonomy":"category","embeddable":true,"href":"https:\/\/elmundodelosnegocios.com.do\/v1\/wp-json\/wp\/v2\/categories?post=55574"},{"taxonomy":"post_tag","embeddable":true,"href":"https:\/\/elmundodelosnegocios.com.do\/v1\/wp-json\/wp\/v2\/tags?post=55574"}],"curies":[{"name":"wp","href":"https:\/\/api.w.org\/{rel}","templated":true}]}}