{"id":55585,"date":"2024-11-25T12:27:28","date_gmt":"2024-11-25T16:57:28","guid":{"rendered":"https:\/\/www.elmundodelosnegocios.com.do\/v1\/?p=55585"},"modified":"2024-11-25T12:27:28","modified_gmt":"2024-11-25T16:57:28","slug":"paradisus-grand-cana-celebra-con-exito-el-1er-aniversario-de-the-epicure-by-paradisus","status":"publish","type":"post","link":"https:\/\/elmundodelosnegocios.com.do\/v1\/paradisus-grand-cana-celebra-con-exito-el-1er-aniversario-de-the-epicure-by-paradisus\/","title":{"rendered":"Paradisus Grand Cana celebra con \u00e9xito el 1er aniversario de \u201cThe Epicure by Paradisus\u201d"},"content":{"rendered":"<p><em>La plataforma gastron\u00f3mica de lujo\u00a0<strong>\u201cThe Epicure by Paradisus\u201d<\/strong>\u00a0celebr\u00f3 su primera edici\u00f3n aniversaria en el\u00a0<strong>Paradisus Grand Cana<\/strong>, con la participaci\u00f3n de tres chefs de renombre internacional:\u00a0<strong>Roberto Capone<\/strong>\u00a0(Italia),\u00a0<strong>Germ\u00e1n Ortega<\/strong>\u00a0(Espa\u00f1a) y\u00a0<strong>Leandro D\u00edaz<\/strong>\u00a0(Rep\u00fablica Dominicana). Estos prestigiosos cocineros, quienes inauguraron el proyecto en 2023, regresaron para deleitar a los asistentes con una experiencia culinaria \u00fanica.<\/em><\/p>\n<h3 class=\"wp-block-heading\"><strong>Una celebraci\u00f3n de alta cocina<\/strong><\/h3>\n<p>El evento incluy\u00f3 actividades interactivas y exclusivas para los amantes de la gastronom\u00eda, destacando:<\/p>\n<ul>\n<li>Un\u00a0<strong>masterclass<\/strong>\u00a0inicial liderado por el chef\u00a0<strong>Leandro D\u00edaz<\/strong>, que destac\u00f3 los aromas y sabores distintivos de la cocina dominicana.<\/li>\n<li>Un\u00a0<strong>c\u00f3ctel de bienvenida<\/strong>\u00a0seguido de una cena a ocho tiempos en el restaurante\u00a0<strong>Amor de Mar<\/strong>, donde los chefs fusionaron sus talentos para ofrecer una experiencia sensorial inolvidable.<\/li>\n<li>Un\u00a0<strong>masterclass de clausura<\/strong>\u00a0en el que los chefs\u00a0<strong>Germ\u00e1n Ortega<\/strong>\u00a0y\u00a0<strong>Roberto Capone<\/strong>\u00a0compartieron sus conocimientos y an\u00e9cdotas con los invitados.<\/li>\n<\/ul>\n<figure class=\"wp-block-image size-large\"><a href=\"https:\/\/diariosocialrd.com\/wp-content\/uploads\/2024\/11\/IMG_3793.jpeg\" data-rel=\"penci-gallery-image-content\"><img loading=\"lazy\" decoding=\"async\" class=\"wp-image-216845\" src=\"https:\/\/diariosocialrd.com\/wp-content\/uploads\/2024\/11\/IMG_3793-1024x683.jpeg\" sizes=\"auto, (max-width: 1024px) 100vw, 1024px\" srcset=\"https:\/\/diariosocialrd.com\/wp-content\/uploads\/2024\/11\/IMG_3793-1024x683.jpeg 1024w, https:\/\/diariosocialrd.com\/wp-content\/uploads\/2024\/11\/IMG_3793-300x200.jpeg 300w, https:\/\/diariosocialrd.com\/wp-content\/uploads\/2024\/11\/IMG_3793-768x512.jpeg 768w, https:\/\/diariosocialrd.com\/wp-content\/uploads\/2024\/11\/IMG_3793-1536x1024.jpeg 1536w, https:\/\/diariosocialrd.com\/wp-content\/uploads\/2024\/11\/IMG_3793-2048x1365.jpeg 2048w, https:\/\/diariosocialrd.com\/wp-content\/uploads\/2024\/11\/IMG_3793-1920x1280.jpeg 1920w, https:\/\/diariosocialrd.com\/wp-content\/uploads\/2024\/11\/IMG_3793-1170x780.jpeg 1170w, https:\/\/diariosocialrd.com\/wp-content\/uploads\/2024\/11\/IMG_3793-585x390.jpeg 585w, https:\/\/diariosocialrd.com\/wp-content\/uploads\/2024\/11\/IMG_3793-263x175.jpeg 263w\" alt=\"\" width=\"1024\" height=\"683\" \/><\/a><\/figure>\n<h3 class=\"wp-block-heading\"><strong>Trayectorias que inspiran<\/strong><\/h3>\n<ul>\n<li><strong>Germ\u00e1n Ortega<\/strong>, originario de Espa\u00f1a, es conocido por su especializaci\u00f3n en carnes y pescados. Su colaboraci\u00f3n con la cadena\u00a0<strong>Meli\u00e1 Hotels International<\/strong>\u00a0ha elevado la gastronom\u00eda en los hoteles Paradisus de Canarias.<\/li>\n<li><strong>Roberto Capone<\/strong>, reconocido por su participaci\u00f3n en eventos como\u00a0<strong>Madrid Fusi\u00f3n<\/strong>\u00a0y\u00a0<strong>San Sebasti\u00e1n Gastron\u00f3mica<\/strong>, es embajador de asociaciones gastron\u00f3micas internacionales como\u00a0<strong>Worldchef<\/strong>\u00a0y\u00a0<strong>Eurotoques<\/strong>.<\/li>\n<li><strong>Leandro D\u00edaz<\/strong>, representante de la\u00a0<strong>Marca Pa\u00eds Rep\u00fablica Dominicana<\/strong>, es un destacado consultor y embajador de\u00a0<strong>Certified Angus Beef<\/strong>, conocido por su enfoque innovador y carisma.<\/li>\n<\/ul>\n<h3 class=\"wp-block-heading\"><strong>Innovaci\u00f3n y tradici\u00f3n gastron\u00f3mica<\/strong><\/h3>\n<p><strong>Sara Ranghi<\/strong>, Directora de Marketing &amp; Brand Development Americas de\u00a0<strong>Meli\u00e1 Hotels International<\/strong>, destac\u00f3 que\u00a0<strong>\u201cThe Epicure\u201d<\/strong>\u00a0se ha consolidado como una referencia en la gastronom\u00eda de lujo dentro del concepto de todo incluido, evidenciando el compromiso de la marca con la innovaci\u00f3n y la excelencia. Desde 2023, la plataforma ha celebrado cinco exitosas ediciones, tanto en el\u00a0<strong>Paradisus Palma Real<\/strong>\u00a0como en el\u00a0<strong>Paradisus Grand Cana<\/strong>, llevando la experiencia culinaria a un nuevo nivel.<\/p>\n<h3 class=\"wp-block-heading\"><strong>Sobre Paradisus Grand Cana<\/strong><\/h3>\n<figure class=\"wp-block-gallery has-nested-images columns-default is-cropped wp-block-gallery-1 is-layout-flex wp-block-gallery-is-layout-flex\">\n<figure class=\"wp-block-image size-large\"><a href=\"https:\/\/diariosocialrd.com\/wp-content\/uploads\/2024\/11\/IMG_3791.jpeg\" data-rel=\"penci-gallery-image-content\"><img loading=\"lazy\" decoding=\"async\" class=\"wp-image-216847 aligncenter\" src=\"https:\/\/diariosocialrd.com\/wp-content\/uploads\/2024\/11\/IMG_3791-1024x683.jpeg\" sizes=\"auto, (max-width: 1024px) 100vw, 1024px\" srcset=\"https:\/\/diariosocialrd.com\/wp-content\/uploads\/2024\/11\/IMG_3791-1024x683.jpeg 1024w, https:\/\/diariosocialrd.com\/wp-content\/uploads\/2024\/11\/IMG_3791-300x200.jpeg 300w, https:\/\/diariosocialrd.com\/wp-content\/uploads\/2024\/11\/IMG_3791-768x512.jpeg 768w, https:\/\/diariosocialrd.com\/wp-content\/uploads\/2024\/11\/IMG_3791-1536x1024.jpeg 1536w, https:\/\/diariosocialrd.com\/wp-content\/uploads\/2024\/11\/IMG_3791-1170x780.jpeg 1170w, https:\/\/diariosocialrd.com\/wp-content\/uploads\/2024\/11\/IMG_3791-585x390.jpeg 585w, https:\/\/diariosocialrd.com\/wp-content\/uploads\/2024\/11\/IMG_3791-263x175.jpeg 263w, https:\/\/diariosocialrd.com\/wp-content\/uploads\/2024\/11\/IMG_3791.jpeg 1750w\" alt=\"\" width=\"1024\" height=\"683\" data-id=\"216847\" \/><\/a><\/figure>\n<figure class=\"wp-block-image size-large\"><a href=\"https:\/\/diariosocialrd.com\/wp-content\/uploads\/2024\/11\/IMG_3792.jpeg\" data-rel=\"penci-gallery-image-content\"><img loading=\"lazy\" decoding=\"async\" class=\"wp-image-216846 aligncenter\" src=\"https:\/\/diariosocialrd.com\/wp-content\/uploads\/2024\/11\/IMG_3792-1024x683.jpeg\" sizes=\"auto, (max-width: 1024px) 100vw, 1024px\" srcset=\"https:\/\/diariosocialrd.com\/wp-content\/uploads\/2024\/11\/IMG_3792-1024x683.jpeg 1024w, https:\/\/diariosocialrd.com\/wp-content\/uploads\/2024\/11\/IMG_3792-300x200.jpeg 300w, https:\/\/diariosocialrd.com\/wp-content\/uploads\/2024\/11\/IMG_3792-768x512.jpeg 768w, https:\/\/diariosocialrd.com\/wp-content\/uploads\/2024\/11\/IMG_3792-1536x1024.jpeg 1536w, https:\/\/diariosocialrd.com\/wp-content\/uploads\/2024\/11\/IMG_3792-1170x780.jpeg 1170w, https:\/\/diariosocialrd.com\/wp-content\/uploads\/2024\/11\/IMG_3792-585x390.jpeg 585w, https:\/\/diariosocialrd.com\/wp-content\/uploads\/2024\/11\/IMG_3792-263x175.jpeg 263w, https:\/\/diariosocialrd.com\/wp-content\/uploads\/2024\/11\/IMG_3792.jpeg 1750w\" alt=\"\" width=\"1024\" height=\"683\" data-id=\"216846\" \/><\/a><\/figure>\n<\/figure>\n<p>Ubicado en Punta Cana,\u00a0<strong>Paradisus Grand Cana<\/strong>\u00a0combina las ventajas del todo incluido con experiencias personalizadas a trav\u00e9s de\u00a0<strong>Destination Inclusive\u00ae<\/strong>, conectando a los hu\u00e9spedes con la cultura local. Adem\u00e1s, ofrece el exclusivo servicio\u00a0<strong>Family Concierge<\/strong>, dise\u00f1ado para garantizar unas vacaciones inolvidables con atenci\u00f3n personalizada y acceso a \u00e1reas privadas.<\/p>\n<p>Con iniciativas como\u00a0<strong>\u201cThe Epicure by Paradisus\u201d<\/strong>, el resort refuerza su posici\u00f3n como un destino de referencia para el turismo gastron\u00f3mico en el Caribe.<\/p>\n","protected":false},"excerpt":{"rendered":"<p>La plataforma gastron\u00f3mica de lujo\u00a0\u201cThe Epicure by Paradisus\u201d\u00a0celebr\u00f3 su primera edici\u00f3n aniversaria en el\u00a0Paradisus Grand Cana, con la participaci\u00f3n de tres chefs de renombre internacional:\u00a0Roberto Capone\u00a0(Italia),\u00a0Germ\u00e1n Ortega\u00a0(Espa\u00f1a) y\u00a0Leandro D\u00edaz\u00a0(Rep\u00fablica Dominicana).&hellip; <\/p>\n","protected":false},"author":2,"featured_media":55586,"comment_status":"closed","ping_status":"closed","sticky":false,"template":"","format":"standard","meta":{"fifu_image_url":"","fifu_image_alt":"","footnotes":""},"categories":[85],"tags":[],"class_list":["post-55585","post","type-post","status-publish","format-standard","has-post-thumbnail","hentry","category-gastronomia"],"_links":{"self":[{"href":"https:\/\/elmundodelosnegocios.com.do\/v1\/wp-json\/wp\/v2\/posts\/55585","targetHints":{"allow":["GET"]}}],"collection":[{"href":"https:\/\/elmundodelosnegocios.com.do\/v1\/wp-json\/wp\/v2\/posts"}],"about":[{"href":"https:\/\/elmundodelosnegocios.com.do\/v1\/wp-json\/wp\/v2\/types\/post"}],"author":[{"embeddable":true,"href":"https:\/\/elmundodelosnegocios.com.do\/v1\/wp-json\/wp\/v2\/users\/2"}],"replies":[{"embeddable":true,"href":"https:\/\/elmundodelosnegocios.com.do\/v1\/wp-json\/wp\/v2\/comments?post=55585"}],"version-history":[{"count":1,"href":"https:\/\/elmundodelosnegocios.com.do\/v1\/wp-json\/wp\/v2\/posts\/55585\/revisions"}],"predecessor-version":[{"id":55587,"href":"https:\/\/elmundodelosnegocios.com.do\/v1\/wp-json\/wp\/v2\/posts\/55585\/revisions\/55587"}],"wp:featuredmedia":[{"embeddable":true,"href":"https:\/\/elmundodelosnegocios.com.do\/v1\/wp-json\/wp\/v2\/media\/55586"}],"wp:attachment":[{"href":"https:\/\/elmundodelosnegocios.com.do\/v1\/wp-json\/wp\/v2\/media?parent=55585"}],"wp:term":[{"taxonomy":"category","embeddable":true,"href":"https:\/\/elmundodelosnegocios.com.do\/v1\/wp-json\/wp\/v2\/categories?post=55585"},{"taxonomy":"post_tag","embeddable":true,"href":"https:\/\/elmundodelosnegocios.com.do\/v1\/wp-json\/wp\/v2\/tags?post=55585"}],"curies":[{"name":"wp","href":"https:\/\/api.w.org\/{rel}","templated":true}]}}