{"id":55597,"date":"2024-11-25T12:54:05","date_gmt":"2024-11-25T17:24:05","guid":{"rendered":"https:\/\/www.elmundodelosnegocios.com.do\/v1\/?p=55597"},"modified":"2024-11-25T12:54:05","modified_gmt":"2024-11-25T17:24:05","slug":"benefician-a-cientos-dominicanos-durante-la-septima-jornada-de-bancarizar-es-patria","status":"publish","type":"post","link":"https:\/\/elmundodelosnegocios.com.do\/v1\/benefician-a-cientos-dominicanos-durante-la-septima-jornada-de-bancarizar-es-patria\/","title":{"rendered":"Benefician a cientos dominicanos durante la s\u00e9ptima jornada de \u00abBancarizar es Patria\u00bb"},"content":{"rendered":"<p><em>Durante el evento tambi\u00e9n reconocen\u00a0<\/em><em>labor altruista y comunitaria<\/em><em>\u00a0del\u00a0<\/em><em>doctor\u00a0<\/em><em>Antonio Cruz Jimini\u00e1n<\/em><\/p>\n<p><a href=\"http:\/\/elmundodelosnegocios.com.do\/v1\/wp-content\/uploads\/2024\/11\/Samuel-Pereyra-en-la-septima-jornada-de-Bancarizar-es-Patria-780x470-1.jpg\"><img loading=\"lazy\" decoding=\"async\" class=\"aligncenter size-full wp-image-55599\" src=\"http:\/\/elmundodelosnegocios.com.do\/v1\/wp-content\/uploads\/2024\/11\/Samuel-Pereyra-en-la-septima-jornada-de-Bancarizar-es-Patria-780x470-1.jpg\" alt=\"\" width=\"780\" height=\"470\" srcset=\"https:\/\/elmundodelosnegocios.com.do\/v1\/wp-content\/uploads\/2024\/11\/Samuel-Pereyra-en-la-septima-jornada-de-Bancarizar-es-Patria-780x470-1.jpg 780w, https:\/\/elmundodelosnegocios.com.do\/v1\/wp-content\/uploads\/2024\/11\/Samuel-Pereyra-en-la-septima-jornada-de-Bancarizar-es-Patria-780x470-1-300x181.jpg 300w, https:\/\/elmundodelosnegocios.com.do\/v1\/wp-content\/uploads\/2024\/11\/Samuel-Pereyra-en-la-septima-jornada-de-Bancarizar-es-Patria-780x470-1-768x463.jpg 768w\" sizes=\"auto, (max-width: 780px) 100vw, 780px\" \/><\/a><\/p>\n<p>El Banco de Reservas realiz\u00f3 su s\u00e9ptima jornada \u201cBancarizar es Patria\u00bb en el ensanche La Fe, en donde cientos de dominicanos accedieron a productos y servicios financieros con aperturas de cuentas de ahorro y corrientes.<br \/>\nSamuel Pereyra, presidente ejecutivo de Banreservas, manifest\u00f3 que el programa \u201cBancarizar es Patria\u00bb es una iniciativa que impulsa el compromiso a democratizar el acceso al sistema financiero nacional de miles de dominicanos que a\u00fan no est\u00e1n bancarizado.<\/p>\n<p>\u201cNo esperamos que sean los dominicanos, quienes nos busquen, somos nosotros los que queremos salir a las calles a buscarlos en donde est\u00e9n, porque de esa forma, estamos convencidos que lograremos construir y mantener una relaci\u00f3n de confianza y cercan\u00eda con todos ustedes, nuestros clientes\u00bb, asegur\u00f3 Pereyra.<br \/>\n<a href=\"http:\/\/elmundodelosnegocios.com.do\/v1\/wp-content\/uploads\/2024\/11\/GdGEEIiWUAAV141-1024x681-1.jpeg\"><img loading=\"lazy\" decoding=\"async\" class=\"aligncenter size-full wp-image-55598\" src=\"http:\/\/elmundodelosnegocios.com.do\/v1\/wp-content\/uploads\/2024\/11\/GdGEEIiWUAAV141-1024x681-1.jpeg\" alt=\"\" width=\"1024\" height=\"681\" srcset=\"https:\/\/elmundodelosnegocios.com.do\/v1\/wp-content\/uploads\/2024\/11\/GdGEEIiWUAAV141-1024x681-1.jpeg 1024w, https:\/\/elmundodelosnegocios.com.do\/v1\/wp-content\/uploads\/2024\/11\/GdGEEIiWUAAV141-1024x681-1-300x200.jpeg 300w, https:\/\/elmundodelosnegocios.com.do\/v1\/wp-content\/uploads\/2024\/11\/GdGEEIiWUAAV141-1024x681-1-768x511.jpeg 768w\" sizes=\"auto, (max-width: 1024px) 100vw, 1024px\" \/><\/a><\/p>\n<p>Garantiz\u00f3 que el objetivo de este programa es convertirse en el principal aliado estrat\u00e9gico de los dominicanos, para ayudarlos a hacer realidad sus sue\u00f1os, empezando por tener una cuenta de ahorros, paso fundamental para el acceso al cr\u00e9dito y todos los beneficios que emanan de \u00e9ste.<\/p>\n<p>Destac\u00f3 que, gracias a esa relaci\u00f3n especial con los clientes, la instituci\u00f3n financiera ha logrado un notable crecimiento de sus activos, pasando de RD$704,633.3 millones en 2020 a RD$1,191,396.9 millones en 2024, d\u00e1ndole m\u00e1s solidez al sistema financiero nacional.<\/p>\n<p>Afirm\u00f3, adem\u00e1s que ese crecimiento se ha logrado gracias a una mayor inclusi\u00f3n financiera, que se ha traducido en un incremento de 10.9% de las cuentas de ahorro en los \u00faltimos 4 a\u00f1os, as\u00ed como una expansi\u00f3n de cuentas corrientes de 154.7% en el mismo plazo de tiempo.<\/p>\n<p>Durante esta s\u00e9ptima jornada de bancarizaci\u00f3n, 78 estudiantes becados del programa Reservas del Futuro, que desarrolla el Voluntariado Banreservas, recibieron charlas sobre educaci\u00f3n financiera y abrieron sus cuentas de ahorro, para entrar formalmente al sistema financiero y optar por los m\u00faltiples beneficios que ofrece.<\/p>\n<p><strong>Reconocimiento:<\/strong><\/p>\n<p>En este evento de inclusi\u00f3n financiera, el doctor Antonio Cruz Jimini\u00e1n fue reconocido por su labor altruista y comunitaria, entrega que cont\u00f3 con la participaci\u00f3n de Alfredo Pacheco, presidente de la C\u00e1mara de Diputados.<\/p>\n<p>Al hablar durante el acto de reconocimiento, el legislador resalt\u00f3 las cualidades humanas y profesionales del galeno, quien durante d\u00e9cadas ha puesto su profesi\u00f3n al servicio de la comunidad.<\/p>\n<p>En la actividad tambi\u00e9n estuvieron Carolina Mej\u00eda, alcaldesa del Ayuntamiento del Distrito Nacional; legisladores, funcionarios del gobierno y ejecutivos de Banreservas y sus empresas filiales.<\/p>\n<p><strong>Bancarizar es Patria<\/strong>\u00a0se ha realizado en Villa Juana, Distrito Nacional; Sabana Perdida, Santo Domingo Norte; Pueblo Nuevo, Santiago; San Crist\u00f3bal, Hig\u00fcey; San Carlos, Distrito Nacional; y Ensanche La Fe, Distrito Nacional.<\/p>\n","protected":false},"excerpt":{"rendered":"<p>Durante el evento tambi\u00e9n reconocen\u00a0labor altruista y comunitaria\u00a0del\u00a0doctor\u00a0Antonio Cruz Jimini\u00e1n El Banco de Reservas realiz\u00f3 su s\u00e9ptima jornada \u201cBancarizar es Patria\u00bb en el ensanche La Fe, en donde cientos de&hellip; <\/p>\n","protected":false},"author":2,"featured_media":55599,"comment_status":"closed","ping_status":"closed","sticky":false,"template":"","format":"standard","meta":{"fifu_image_url":"","fifu_image_alt":"","footnotes":""},"categories":[180],"tags":[],"class_list":["post-55597","post","type-post","status-publish","format-standard","has-post-thumbnail","hentry","category-banca"],"_links":{"self":[{"href":"https:\/\/elmundodelosnegocios.com.do\/v1\/wp-json\/wp\/v2\/posts\/55597","targetHints":{"allow":["GET"]}}],"collection":[{"href":"https:\/\/elmundodelosnegocios.com.do\/v1\/wp-json\/wp\/v2\/posts"}],"about":[{"href":"https:\/\/elmundodelosnegocios.com.do\/v1\/wp-json\/wp\/v2\/types\/post"}],"author":[{"embeddable":true,"href":"https:\/\/elmundodelosnegocios.com.do\/v1\/wp-json\/wp\/v2\/users\/2"}],"replies":[{"embeddable":true,"href":"https:\/\/elmundodelosnegocios.com.do\/v1\/wp-json\/wp\/v2\/comments?post=55597"}],"version-history":[{"count":1,"href":"https:\/\/elmundodelosnegocios.com.do\/v1\/wp-json\/wp\/v2\/posts\/55597\/revisions"}],"predecessor-version":[{"id":55600,"href":"https:\/\/elmundodelosnegocios.com.do\/v1\/wp-json\/wp\/v2\/posts\/55597\/revisions\/55600"}],"wp:featuredmedia":[{"embeddable":true,"href":"https:\/\/elmundodelosnegocios.com.do\/v1\/wp-json\/wp\/v2\/media\/55599"}],"wp:attachment":[{"href":"https:\/\/elmundodelosnegocios.com.do\/v1\/wp-json\/wp\/v2\/media?parent=55597"}],"wp:term":[{"taxonomy":"category","embeddable":true,"href":"https:\/\/elmundodelosnegocios.com.do\/v1\/wp-json\/wp\/v2\/categories?post=55597"},{"taxonomy":"post_tag","embeddable":true,"href":"https:\/\/elmundodelosnegocios.com.do\/v1\/wp-json\/wp\/v2\/tags?post=55597"}],"curies":[{"name":"wp","href":"https:\/\/api.w.org\/{rel}","templated":true}]}}