{"id":55616,"date":"2024-11-25T13:17:32","date_gmt":"2024-11-25T17:47:32","guid":{"rendered":"https:\/\/www.elmundodelosnegocios.com.do\/v1\/?p=55616"},"modified":"2024-11-25T13:17:32","modified_gmt":"2024-11-25T17:47:32","slug":"presidente-abinader-encabeza-reunion-de-seguimiento-al-plan-de-seguridad-ciudadana","status":"publish","type":"post","link":"https:\/\/elmundodelosnegocios.com.do\/v1\/presidente-abinader-encabeza-reunion-de-seguimiento-al-plan-de-seguridad-ciudadana\/","title":{"rendered":"Presidente Abinader encabeza reuni\u00f3n de seguimiento al Plan de Seguridad Ciudadana"},"content":{"rendered":"<p><span lang=\"es\" xml:lang=\"es\">Santo Domingo.-\u00a0<strong>El presidente Luis Abinader\u00a0<\/strong>encabeza, en estos momentos, la reuni\u00f3n de seguimiento al\u00a0<strong>Plan de Seguridad Ciudadana<\/strong>\u00a0para continuar\u00a0<strong>fortaleciendo la seguridad<\/strong>\u00a0en el pa\u00eds.<\/span><\/p>\n<p><span lang=\"es\" xml:lang=\"es\">El encuentro inici\u00f3 a las\u00a0<strong>10:40 de la ma\u00f1ana<\/strong>, en el Sal\u00f3n del Club de Oficiales del\u00a0<strong>Palacio de la Polic\u00eda Nacional<\/strong>, donde se contin\u00faan evaluando las\u00a0<strong>tareas asignadas, logros obtenidos y las medidas<\/strong>\u00a0para seguir garantizando el bienestar en beneficio de los dominicanos.<\/span><\/p>\n<p><span lang=\"es\" xml:lang=\"es\">En compa\u00f1\u00eda del\u00a0<strong>jefe de Estado<\/strong>\u00a0est\u00e1n los ministros, de Defensa, teniente general\u00a0<strong>Carlos Antonio Fern\u00e1ndez Onofre<\/strong>; de la Presidencia,\u00a0<strong>Jos\u00e9 Ignacio Paliza<\/strong>; de Interior y Polic\u00eda,\u00a0<strong>Faride Raful<\/strong>; el director de la Polic\u00eda Nacional,\u00a0<strong>mayor general Ram\u00f3n Antonio Guzm\u00e1n Peralta<\/strong>; el comandante general de la Fuerza A\u00e9rea,\u00a0<strong>mayor general piloto, Floreal T. Su\u00e1rez Mart\u00ednez;<\/strong>\u00a0el coronel\u00a0<strong>Carlos Javier Carrillo Castillo,<\/strong>\u00a0director del Plan de Preparaciones y Entrenamiento del Ej\u00e9rcito, en representaci\u00f3n del comandante general del Ej\u00e9rcito,\u00a0<strong>mayor general Jorge Iv\u00e1n Camino P\u00e9rez<\/strong>; el capit\u00e1n de nav\u00edo\u00a0<strong>Rafael Garc\u00eda Aybar,<\/strong>\u00a0en representaci\u00f3n del comandante de la Armada de Rep\u00fablica Dominicana,\u00a0<strong>vicealmirante Agust\u00edn Alberto Morillo Rodr\u00edguez.<\/strong><\/span><\/p>\n<p><img loading=\"lazy\" decoding=\"async\" src=\"https:\/\/presidencia.gob.do\/sites\/default\/files\/inline-images\/WhatsApp%20Image%202024-11-25%20at%2011.00.18%20AM.jpeg\" width=\"4160\" height=\"2774\" data-entity-uuid=\"4be9a947-195a-4aa7-89c7-b31bf7ff5643\" data-entity-type=\"file\" \/><\/p>\n<p><span lang=\"es\" xml:lang=\"es\">Tambi\u00e9n, el presidente de la Direcci\u00f3n Nacional de Control de Drogas (DNCD),\u00a0<strong>vicealmirante Jos\u00e9 Manuel Cabrera Ulloa<\/strong>; los directores, de la Direcci\u00f3n General de Seguridad de Tr\u00e1nsito y Transporte Terrestre (Digesett),\u00a0<strong>general Francisco Osoria de la Cruz;<\/strong>\u00a0el director de la Polic\u00eda de Turismo (Politur),\u00a0<strong>general Minoru Matsunaga;<\/strong>\u00a0de Migraci\u00f3n,\u00a0<strong>vicealmirante Luis Rafael Lee Ballester<\/strong>; el subdirector de la Polic\u00eda Nacional,\u00a0<strong>general Juan Hilario Guzm\u00e1n Bad\u00eda<\/strong>; el director de Asuntos Internos de la Polic\u00eda Nacional,\u00a0<strong>general Ram\u00f3n Ram\u00edrez,<\/strong>\u00a0y el asesor del Poder Ejecutivo,\u00a0<strong>John Huvane de Giuliani.\u00a0<\/strong><\/span><\/p>\n<p><span lang=\"es\" xml:lang=\"es\">Adem\u00e1s, de los directores de la Polic\u00eda Escolar,\u00a0<strong>coronel Mart\u00edn Miguel Tapia S\u00e1nche<\/strong>z; de Prisiones,\u00a0<strong>Roberto Hern\u00e1ndez Basilio,<\/strong>\u00a0y el comisionado ejecutivo para Reforma Policial,\u00a0<strong>Luis Ernesto Garc\u00eda Hern\u00e1ndez;<\/strong>\u00a0el mayor general retirado polic\u00eda de Colombia,\u00a0<strong>Norberto Mujica<\/strong>.\u00a0<\/span><\/p>\n<p><span lang=\"es\" xml:lang=\"es\">En la reuni\u00f3n participan tambi\u00e9n, la procuradora adjunta y titular de la Direcci\u00f3n de Persecuci\u00f3n del Ministerio P\u00fablico,\u00a0<strong>Yeni Berenice Reynoso,<\/strong>\u00a0y una\u00a0<strong>comisi\u00f3n de fiscales<\/strong>\u00a0integrada por el de Santiago,\u00a0<strong>Osvaldo Bonilla<\/strong>; de La Vega,\u00a0<strong>Aura Luz Garc\u00eda<\/strong>; de Mar\u00eda Trinidad S\u00e1nchez,\u00a0<strong>Juan Antonio Mateo Cipri\u00e1n<\/strong>; de La Altagracia,\u00a0<strong>Claudia Garrido<\/strong>; de San Pedro de Macor\u00eds,\u00a0<strong>Suleika Mateo;<\/strong>\u00a0de Duarte,\u00a0<strong>Smaily Yamel Rodr\u00edguez<\/strong>.<\/span><\/p>\n<p><span lang=\"es\" xml:lang=\"es\">As\u00ed como tambi\u00e9n, los fiscales titulares de Santo Domingo Este,\u00a0<strong>Milc\u00edades Guzm\u00e1n<\/strong>; de Barahona,\u00a0<strong>Wellington Matos Espinal<\/strong>; de Peravia,\u00a0<strong>\u00c1ngel Dar\u00edo Tejeda Fabal<\/strong>; de Dajab\u00f3n,\u00a0<strong>Yeisin Alc\u00e1ntara<\/strong>; de Espaillat,\u00a0<strong>Yorelbin Rivas;<\/strong>\u00a0de La Romana,\u00a0<strong>Kevin Santana;\u00a0<\/strong>de Santo Domingo Oeste,\u00a0<strong>Eduard L\u00f3pez<\/strong>; de Valverde,\u00a0<strong>V\u00edctor Mej\u00eda<\/strong>; de Hermanas Mirabal,\u00a0<strong>Zoila Agustina Rodr\u00edguez Ynfante<\/strong>; de Puerto Plata,\u00a0<strong>Kelmi D\u00fancan<\/strong>; de Monse\u00f1or Nouel,\u00a0<strong>Joel L\u00f3pez\u00a0<\/strong>\u00a0y de San Juan,\u00a0<strong>Adolfo Augusto Feliz P\u00e9rez.<\/strong><\/span><\/p>\n","protected":false},"excerpt":{"rendered":"<p>Santo Domingo.-\u00a0El presidente Luis Abinader\u00a0encabeza, en estos momentos, la reuni\u00f3n de seguimiento al\u00a0Plan de Seguridad Ciudadana\u00a0para continuar\u00a0fortaleciendo la seguridad\u00a0en el pa\u00eds. El encuentro inici\u00f3 a las\u00a010:40 de la ma\u00f1ana, en&hellip; <\/p>\n","protected":false},"author":2,"featured_media":55617,"comment_status":"closed","ping_status":"closed","sticky":false,"template":"","format":"standard","meta":{"fifu_image_url":"https:\/\/presidencia.gob.do\/sites\/default\/files\/styles\/large\/public\/news\/2024-11\/WhatsApp%20Image%202024-11-25%20at%2011.00.17%20AM%20%281%29.jpeg?itok=J00bD53P","fifu_image_alt":"","footnotes":""},"categories":[86],"tags":[],"class_list":["post-55616","post","type-post","status-publish","format-standard","has-post-thumbnail","hentry","category-seguridad"],"_links":{"self":[{"href":"https:\/\/elmundodelosnegocios.com.do\/v1\/wp-json\/wp\/v2\/posts\/55616","targetHints":{"allow":["GET"]}}],"collection":[{"href":"https:\/\/elmundodelosnegocios.com.do\/v1\/wp-json\/wp\/v2\/posts"}],"about":[{"href":"https:\/\/elmundodelosnegocios.com.do\/v1\/wp-json\/wp\/v2\/types\/post"}],"author":[{"embeddable":true,"href":"https:\/\/elmundodelosnegocios.com.do\/v1\/wp-json\/wp\/v2\/users\/2"}],"replies":[{"embeddable":true,"href":"https:\/\/elmundodelosnegocios.com.do\/v1\/wp-json\/wp\/v2\/comments?post=55616"}],"version-history":[{"count":1,"href":"https:\/\/elmundodelosnegocios.com.do\/v1\/wp-json\/wp\/v2\/posts\/55616\/revisions"}],"predecessor-version":[{"id":55618,"href":"https:\/\/elmundodelosnegocios.com.do\/v1\/wp-json\/wp\/v2\/posts\/55616\/revisions\/55618"}],"wp:featuredmedia":[{"embeddable":true,"href":"https:\/\/elmundodelosnegocios.com.do\/v1\/wp-json\/wp\/v2\/media\/55617"}],"wp:attachment":[{"href":"https:\/\/elmundodelosnegocios.com.do\/v1\/wp-json\/wp\/v2\/media?parent=55616"}],"wp:term":[{"taxonomy":"category","embeddable":true,"href":"https:\/\/elmundodelosnegocios.com.do\/v1\/wp-json\/wp\/v2\/categories?post=55616"},{"taxonomy":"post_tag","embeddable":true,"href":"https:\/\/elmundodelosnegocios.com.do\/v1\/wp-json\/wp\/v2\/tags?post=55616"}],"curies":[{"name":"wp","href":"https:\/\/api.w.org\/{rel}","templated":true}]}}