{"id":55619,"date":"2024-11-25T15:05:23","date_gmt":"2024-11-25T19:35:23","guid":{"rendered":"https:\/\/www.elmundodelosnegocios.com.do\/v1\/?p=55619"},"modified":"2024-11-25T15:05:23","modified_gmt":"2024-11-25T19:35:23","slug":"inaugura-seguros-reservas-moderna-oficina-en-san-francisco-de-macoris","status":"publish","type":"post","link":"https:\/\/elmundodelosnegocios.com.do\/v1\/inaugura-seguros-reservas-moderna-oficina-en-san-francisco-de-macoris\/","title":{"rendered":"Inaugura Seguros Reservas moderna oficina en San Francisco de Macor\u00eds"},"content":{"rendered":"<p>San Francisco de Macor\u00eds, noviembre, 2024. \u2013 Seguros Reservas cuenta con una nueva y moderna oficina en San Francisco de Macor\u00eds, reafirmando as\u00ed su compromiso de ofrecer atenci\u00f3n cercana, tecnol\u00f3gica y personalizada a sus asegurados.<\/p>\n<p><a href=\"http:\/\/elmundodelosnegocios.com.do\/v1\/wp-content\/uploads\/2024\/11\/01-1.jpg\"><img loading=\"lazy\" decoding=\"async\" class=\"aligncenter size-full wp-image-55620\" src=\"http:\/\/elmundodelosnegocios.com.do\/v1\/wp-content\/uploads\/2024\/11\/01-1.jpg\" alt=\"\" width=\"900\" height=\"506\" srcset=\"https:\/\/elmundodelosnegocios.com.do\/v1\/wp-content\/uploads\/2024\/11\/01-1.jpg 900w, https:\/\/elmundodelosnegocios.com.do\/v1\/wp-content\/uploads\/2024\/11\/01-1-300x169.jpg 300w, https:\/\/elmundodelosnegocios.com.do\/v1\/wp-content\/uploads\/2024\/11\/01-1-768x432.jpg 768w\" sizes=\"auto, (max-width: 900px) 100vw, 900px\" \/><\/a><\/p>\n<p>La nueva instalaci\u00f3n ubicada en el primer Nivel de la Plaza Palmares Mall, Av. Presidente Antonio Guzm\u00e1n Fern\u00e1ndez, permitir\u00e1 a los residentes de la provincia acceder al amplio portafolio de productos y servicios de Seguros Reservas, adem\u00e1s, de realizar diversos procesos y gestiones en un ambiente moderno, dise\u00f1ado para brindar una experiencias de servicio personalizada y memorable.<\/p>\n<p><a href=\"http:\/\/elmundodelosnegocios.com.do\/v1\/wp-content\/uploads\/2024\/11\/IMG_2207.jpg\"><img loading=\"lazy\" decoding=\"async\" class=\"aligncenter wp-image-55621 size-full\" src=\"http:\/\/elmundodelosnegocios.com.do\/v1\/wp-content\/uploads\/2024\/11\/IMG_2207.jpg\" alt=\"\" width=\"900\" height=\"506\" srcset=\"https:\/\/elmundodelosnegocios.com.do\/v1\/wp-content\/uploads\/2024\/11\/IMG_2207.jpg 900w, https:\/\/elmundodelosnegocios.com.do\/v1\/wp-content\/uploads\/2024\/11\/IMG_2207-300x169.jpg 300w, https:\/\/elmundodelosnegocios.com.do\/v1\/wp-content\/uploads\/2024\/11\/IMG_2207-768x432.jpg 768w\" sizes=\"auto, (max-width: 900px) 100vw, 900px\" \/><\/a><\/p>\n<p>El acto de inauguraci\u00f3n cont\u00f3 con la participaci\u00f3n del vicepresidente Ejecutivo de Seguros Reservas, Nelson Arroyo, junto a los principales ejecutivos de la instituci\u00f3n. La ceremonia fue bendecida por el Padre Carmelo Mendez Villar, de la Parroquia Mar\u00eda Madre de la Iglesia.<\/p>\n<p><a href=\"http:\/\/elmundodelosnegocios.com.do\/v1\/wp-content\/uploads\/2024\/11\/IMG_2209.jpg\"><img loading=\"lazy\" decoding=\"async\" class=\"aligncenter wp-image-55622 size-full\" src=\"http:\/\/elmundodelosnegocios.com.do\/v1\/wp-content\/uploads\/2024\/11\/IMG_2209.jpg\" alt=\"\" width=\"900\" height=\"506\" srcset=\"https:\/\/elmundodelosnegocios.com.do\/v1\/wp-content\/uploads\/2024\/11\/IMG_2209.jpg 900w, https:\/\/elmundodelosnegocios.com.do\/v1\/wp-content\/uploads\/2024\/11\/IMG_2209-300x169.jpg 300w, https:\/\/elmundodelosnegocios.com.do\/v1\/wp-content\/uploads\/2024\/11\/IMG_2209-768x432.jpg 768w\" sizes=\"auto, (max-width: 900px) 100vw, 900px\" \/><\/a><\/p>\n<p><strong>Acerca de Seguros Reservas<\/strong><\/p>\n<p>Seguros Reservas es una empresa que cuenta con m\u00e1s de veinte a\u00f1os de experiencia en el mercado asegurador dominicano, dedicada a la provisi\u00f3n de soluciones de seguros adaptadas a las necesidades de sus clientes.<br \/>\nEs la \u00fanica compa\u00f1\u00eda dominicana en obtener tres veces consecutivas las calificaciones AA+ por Fitch Ratings y A- (Excelente) en riesgo y fortaleza financiera, emitidas por AM Best.<br \/>\nAsimismo, es la aseguradora de mayor crecimiento en Centroam\u00e9rica y Rep\u00fablica Dominicana, posicion\u00e1ndose en el lugar #4 en el ranking de aseguradoras al cierre del 2023, ascendiendo 5 posiciones en relaci\u00f3n con el a\u00f1o anterior.<\/p>\n<p>Ha logrado destacarse en el sector al recibir 24 premios a la Excelencia de la Asociaci\u00f3n Dominicana de Corredores de Seguros \u2013 ADOCOSE- y sus filiales, reconociendo la Excelencia en Servicio, Gesti\u00f3n Comercial en Riesgos Generales y Salud, \u00c1reas T\u00e9cnicas y Reclamaciones.<\/p>\n","protected":false},"excerpt":{"rendered":"<p>San Francisco de Macor\u00eds, noviembre, 2024. \u2013 Seguros Reservas cuenta con una nueva y moderna oficina en San Francisco de Macor\u00eds, reafirmando as\u00ed su compromiso de ofrecer atenci\u00f3n cercana, tecnol\u00f3gica&hellip; <\/p>\n","protected":false},"author":2,"featured_media":55620,"comment_status":"closed","ping_status":"closed","sticky":false,"template":"","format":"standard","meta":{"fifu_image_url":"","fifu_image_alt":"","footnotes":""},"categories":[89],"tags":[],"class_list":["post-55619","post","type-post","status-publish","format-standard","has-post-thumbnail","hentry","category-seguros"],"_links":{"self":[{"href":"https:\/\/elmundodelosnegocios.com.do\/v1\/wp-json\/wp\/v2\/posts\/55619","targetHints":{"allow":["GET"]}}],"collection":[{"href":"https:\/\/elmundodelosnegocios.com.do\/v1\/wp-json\/wp\/v2\/posts"}],"about":[{"href":"https:\/\/elmundodelosnegocios.com.do\/v1\/wp-json\/wp\/v2\/types\/post"}],"author":[{"embeddable":true,"href":"https:\/\/elmundodelosnegocios.com.do\/v1\/wp-json\/wp\/v2\/users\/2"}],"replies":[{"embeddable":true,"href":"https:\/\/elmundodelosnegocios.com.do\/v1\/wp-json\/wp\/v2\/comments?post=55619"}],"version-history":[{"count":1,"href":"https:\/\/elmundodelosnegocios.com.do\/v1\/wp-json\/wp\/v2\/posts\/55619\/revisions"}],"predecessor-version":[{"id":55623,"href":"https:\/\/elmundodelosnegocios.com.do\/v1\/wp-json\/wp\/v2\/posts\/55619\/revisions\/55623"}],"wp:featuredmedia":[{"embeddable":true,"href":"https:\/\/elmundodelosnegocios.com.do\/v1\/wp-json\/wp\/v2\/media\/55620"}],"wp:attachment":[{"href":"https:\/\/elmundodelosnegocios.com.do\/v1\/wp-json\/wp\/v2\/media?parent=55619"}],"wp:term":[{"taxonomy":"category","embeddable":true,"href":"https:\/\/elmundodelosnegocios.com.do\/v1\/wp-json\/wp\/v2\/categories?post=55619"},{"taxonomy":"post_tag","embeddable":true,"href":"https:\/\/elmundodelosnegocios.com.do\/v1\/wp-json\/wp\/v2\/tags?post=55619"}],"curies":[{"name":"wp","href":"https:\/\/api.w.org\/{rel}","templated":true}]}}