{"id":55639,"date":"2024-11-26T10:21:31","date_gmt":"2024-11-26T14:51:31","guid":{"rendered":"https:\/\/www.elmundodelosnegocios.com.do\/v1\/?p=55639"},"modified":"2024-11-26T10:21:31","modified_gmt":"2024-11-26T14:51:31","slug":"activa-arajet-sus-operaciones-desde-aeropuerto-internacional-punta-cana","status":"publish","type":"post","link":"https:\/\/elmundodelosnegocios.com.do\/v1\/activa-arajet-sus-operaciones-desde-aeropuerto-internacional-punta-cana\/","title":{"rendered":"Activa Arajet sus operaciones desde Aeropuerto Internacional Punta Cana"},"content":{"rendered":"<p>Punta Cana, La Altagracia, R.D. Noviembre, 2024.- Arajet, La aerol\u00ednea de precios bajos del Caribe, inaugur\u00f3 oficialmente sus operaciones desde el Aeropuerto de Punta Cana (PUJ) en un acto encabezado por Igor Rodriguez, director General del IDAC y Victor Pichardo, Director Ejecutivo del Departamento Aeroportuario, as\u00ed como representantes de la aerol\u00ednea y del aeropuerto, al cual iniciaron sus vuelos el pasado 27 de octubre, con lo cual siguen.<\/p>\n<figure class=\"wp-block-image size-large\"><a href=\"http:\/\/elmundodelosnegocios.com.do\/v1\/wp-content\/uploads\/2024\/11\/WhatsApp-Image-2024-11-25-at-11.54.55-AM-2.jpeg\"><img loading=\"lazy\" decoding=\"async\" class=\"aligncenter size-full wp-image-55640\" src=\"http:\/\/elmundodelosnegocios.com.do\/v1\/wp-content\/uploads\/2024\/11\/WhatsApp-Image-2024-11-25-at-11.54.55-AM-2.jpeg\" alt=\"\" width=\"1600\" height=\"1066\" srcset=\"https:\/\/elmundodelosnegocios.com.do\/v1\/wp-content\/uploads\/2024\/11\/WhatsApp-Image-2024-11-25-at-11.54.55-AM-2.jpeg 1600w, https:\/\/elmundodelosnegocios.com.do\/v1\/wp-content\/uploads\/2024\/11\/WhatsApp-Image-2024-11-25-at-11.54.55-AM-2-300x200.jpeg 300w, https:\/\/elmundodelosnegocios.com.do\/v1\/wp-content\/uploads\/2024\/11\/WhatsApp-Image-2024-11-25-at-11.54.55-AM-2-1024x682.jpeg 1024w, https:\/\/elmundodelosnegocios.com.do\/v1\/wp-content\/uploads\/2024\/11\/WhatsApp-Image-2024-11-25-at-11.54.55-AM-2-768x512.jpeg 768w, https:\/\/elmundodelosnegocios.com.do\/v1\/wp-content\/uploads\/2024\/11\/WhatsApp-Image-2024-11-25-at-11.54.55-AM-2-1536x1023.jpeg 1536w\" sizes=\"auto, (max-width: 1600px) 100vw, 1600px\" \/><\/a><\/figure>\n<p>V\u00edctor Pacheco, CEO y Fundador de Arajet, indic\u00f3 que la aerol\u00ednea contin\u00faa ampliando su red de destino y conectando a este importante polo tur\u00edstico con el continente americano desde Canad\u00e1 hasta cono sur. Adem\u00e1s, inform\u00f3 que este mes es doblemente especial porque Arajet sobrepas\u00f3 el mill\u00f3n de pasajeros volados en 2024 (incluyendo pasajeros en tr\u00e1nsito), siendo la primera vez en la historia que una aerol\u00ednea dominicana alcanza esta cifra en un a\u00f1o.<\/p>\n<figure class=\"wp-block-image size-large\"><a href=\"http:\/\/elmundodelosnegocios.com.do\/v1\/wp-content\/uploads\/2024\/11\/WhatsApp-Image-2024-11-25-at-11.54.53-AM.jpeg\"><img loading=\"lazy\" decoding=\"async\" class=\"aligncenter size-full wp-image-55641\" src=\"http:\/\/elmundodelosnegocios.com.do\/v1\/wp-content\/uploads\/2024\/11\/WhatsApp-Image-2024-11-25-at-11.54.53-AM.jpeg\" alt=\"\" width=\"1600\" height=\"1066\" srcset=\"https:\/\/elmundodelosnegocios.com.do\/v1\/wp-content\/uploads\/2024\/11\/WhatsApp-Image-2024-11-25-at-11.54.53-AM.jpeg 1600w, https:\/\/elmundodelosnegocios.com.do\/v1\/wp-content\/uploads\/2024\/11\/WhatsApp-Image-2024-11-25-at-11.54.53-AM-300x200.jpeg 300w, https:\/\/elmundodelosnegocios.com.do\/v1\/wp-content\/uploads\/2024\/11\/WhatsApp-Image-2024-11-25-at-11.54.53-AM-1024x682.jpeg 1024w, https:\/\/elmundodelosnegocios.com.do\/v1\/wp-content\/uploads\/2024\/11\/WhatsApp-Image-2024-11-25-at-11.54.53-AM-768x512.jpeg 768w, https:\/\/elmundodelosnegocios.com.do\/v1\/wp-content\/uploads\/2024\/11\/WhatsApp-Image-2024-11-25-at-11.54.53-AM-1536x1023.jpeg 1536w\" sizes=\"auto, (max-width: 1600px) 100vw, 1600px\" \/><\/a><\/figure>\n<p>\u201cPara Arajet es un compromiso impulsar la llegada de turistas al pa\u00eds ofreci\u00e9ndoles m\u00e1s oportunidades para visitar la Rep\u00fablica Dominicana con los precios m\u00e1s bajos del mercado a trav\u00e9s de nuestra robusta red de destinos y las m\u00e1s de 200 combinaciones de conexiones que actualmente tenemos\u201d, expres\u00f3 Pacheco quien agreg\u00f3 que el gran objetivo es \u201cconvertir a Rep\u00fablica Dominicana en el nuevo Hub a\u00e9reo del continente\u201d.<\/p>\n<p>\u201cHoy celebramos un gran paso en el desarrollo del turismo y la conectividad a\u00e9rea de la Rep\u00fablica Dominicana, con la llegada de Arajet al Aeropuerto de Punta Cana; una aerol\u00ednea que, desde su inicio, ha demostrado un compromiso firme con la calidad, la eficiencia y la expansi\u00f3n de las oportunidades para nuestra naci\u00f3n\u201d cit\u00f3 Frank El\u00edas Rainieri, CEO del Grupo Puntacana.<\/p>\n<p>\u201cAgradecemos profundamente la confianza de Arajet en nuestra infraestructura, en la capacidad del equipo Punta Cana y en el potencial de nuestra naci\u00f3n. Este es solo el principio de una larga y exitosa colaboraci\u00f3n, y les aseguramos que encontrar\u00e1n en nosotros un aliado comprometido para seguir creciendo y alcanzando nuevas metas\u201d, enfatiz\u00f3 Rainieri.<\/p>\n<p>\u201cA trav\u00e9s de este hub en Punta Cana, Arajet est\u00e1 creando un impacto econ\u00f3mico directo en nuestra regi\u00f3n. La operativa de esta aerol\u00ednea contribuir\u00e1 de manera significativa a la generaci\u00f3n de empleos, tanto en el aeropuerto como en diversas \u00e1reas asociadas. Los miles de turistas y viajeros de negocios que llegar\u00e1n a trav\u00e9s de Arajet no solo disfrutar\u00e1n de nuestro sol y nuestras playas, sino que tambi\u00e9n dinamizar\u00e1n la econom\u00eda de Punta Cana y sus alrededores\u201d puntualiz\u00f3 Giovanni Rainieri, Director de Operaciones Airside del Aeropuerto de Punta Cana.<\/p>\n<p>\u201cEste tipo de inversiones y crecimiento en la conectividad no solo refuerzan la posici\u00f3n de Punta Cana como uno de los destinos tur\u00edsticos m\u00e1s importantes del Caribe, sino que tambi\u00e9n abren nuevas posibilidades para los negocios locales, favoreciendo el crecimiento de peque\u00f1as y medianas empresas y estimulando el turismo interno. Esta alianza estrat\u00e9gica responde a nuestra misi\u00f3n de continuar siendo el aeropuerto con mayor tr\u00e1fico a\u00e9reo en Rep\u00fablica Dominicana, recibiendo el 68% de los turistas que arriban a nuestro pa\u00eds\u201d, enfatiz\u00f3 Giovanni Rainieri.<\/p>\n<p>El Aeropuerto de Punta Cana ha mantenido su compromiso con la innovaci\u00f3n, lo que le ha permitido ser uno de los mejores aeropuertos de Am\u00e9rica Latina, con un crecimiento constante, manejando hoy en d\u00eda el 68% del tr\u00e1fico a\u00e9reo tur\u00edstico del pa\u00eds, conectando con 75 ciudades en 34 pa\u00edses a trav\u00e9s de 58 aerol\u00edneas y movilizando m\u00e1s de 9 millones de pasajeros al a\u00f1o.<\/p>\n<p>Explicaron que el Aeropuerto de Punta Cana se convierte en el tercer destino de Arajet en la Rep\u00fablica Dominicana y estar\u00e1n volando desde y hacia Bogot\u00e1, Cartagena y Medell\u00edn en Colombia; Canc\u00fan y Ciudad de M\u00e9xico en M\u00e9xico; Quito y Guayaquil en Ecuador; Toronto y Montreal en Canad\u00e1; Kingston, Jamaica; Lima, Per\u00fa; Sao Paulo, Brasil y Santiago de Chile.<\/p>\n<p>Los vuelos de Arajet desde el Aeropuerto Internacional de Las Am\u00e9ricas se mantienen y tambi\u00e9n desde el Aeropuerto Internacional del Cibao para continuar ofreciendo una experiencia memorable y con los m\u00e1s altos est\u00e1ndares internacionales.<\/p>\n<p>Arajet actualmente es la aerol\u00ednea dominicana que m\u00e1s movimiento de pasajeros ha registrado superando la barrera de los 100 mil pasajeros por varios meses de manera consecutiva logrando mantener un hito en la aviaci\u00f3n comercial del pa\u00eds.<\/p>\n<p><strong>Sobre Arajet<\/strong><\/p>\n<p>Arajet es la primera aerol\u00ednea de bajos precios en la regi\u00f3n del Caribe, reconocida en la cumbre mundial de aviaci\u00f3n como la mejor nueva aerol\u00ednea del mundo; inici\u00f3 operaciones en septiembre de 2022 desde su base en el Aeropuerto de Las Am\u00e9ricas en Santo Domingo, bajo su certificado de operador a\u00e9reo (AOC) de Rep\u00fablica Dominicana. Arajet opera una nueva flota de aviones Boeing 737MAX-8 que brindan viajes seguros y asequibles desde y hacia la Rep\u00fablica Dominicana a varios destinos en Am\u00e9rica del Norte, Central y del Sur y la regi\u00f3n del Caribe. Para obtener m\u00e1s informaci\u00f3n, visite\u00a0<a href=\"http:\/\/www.arajet.com\/\" target=\"_blank\" rel=\"noreferrer noopener\">www.Arajet.com<\/a><\/p>\n<p><strong>Sobre el Aeropuerto de Punta Cana (PUJ)<\/strong><\/p>\n<p>Inaugurado en 1983, es el primer aer\u00f3dromo privado de uso comercial internacional en el mundo, manejando el 68% del tr\u00e1fico a\u00e9reo en la Rep\u00fablica Dominicana.<\/p>\n<p>Asimismo, es el de mayor conectividad en el Caribe, uniendo 75 ciudades y 34 pa\u00edses a trav\u00e9s de 58 aerol\u00edneas, y es el primer aeropuerto en el pa\u00eds en obtener el r\u00e9cord de 9 millones de pasajeros en movimiento.<\/p>\n<p>El Aeropuerto de Punta Cana dispone de 33 puertas de embarque, 38 parqueos de aviones y 7 salones VIP. El mismo cuenta con su propio Centro de Reciclaje e Incineraci\u00f3n, donde se recicla el 60% por ciento de los residuos que genera.<\/p>\n<p>Ha sido galardonado por ocho a\u00f1os consecutivos con el premio Airport Service Quality (ASQ), otorgado por el Consejo Internacional de Aeropuertos (ACI, por sus siglas en ingl\u00e9s), como \u201cMejor Aeropuerto por Tama\u00f1o y Regi\u00f3n\u201d en la categor\u00eda de 5 a 15 millones de pasajeros por a\u00f1o en el Caribe y Latinoam\u00e9rica, coloc\u00e1ndolo entre los mejores aeropuertos del mundo, basado en la experiencia de los viajeros<\/p>\n<p>Instagram @puntacanaairport\u00a0<a href=\"https:\/\/www.puntacanainternationalairport.com\/\" target=\"_blank\" rel=\"noreferrer noopener\">https:\/\/www.puntacanainternationalairport.com\/<\/a><\/p>\n","protected":false},"excerpt":{"rendered":"<p>Punta Cana, La Altagracia, R.D. Noviembre, 2024.- Arajet, La aerol\u00ednea de precios bajos del Caribe, inaugur\u00f3 oficialmente sus operaciones desde el Aeropuerto de Punta Cana (PUJ) en un acto encabezado&hellip; <\/p>\n","protected":false},"author":2,"featured_media":55640,"comment_status":"closed","ping_status":"closed","sticky":false,"template":"","format":"standard","meta":{"fifu_image_url":"","fifu_image_alt":"","footnotes":""},"categories":[169],"tags":[],"class_list":["post-55639","post","type-post","status-publish","format-standard","has-post-thumbnail","hentry","category-transporte-internacional"],"_links":{"self":[{"href":"https:\/\/elmundodelosnegocios.com.do\/v1\/wp-json\/wp\/v2\/posts\/55639","targetHints":{"allow":["GET"]}}],"collection":[{"href":"https:\/\/elmundodelosnegocios.com.do\/v1\/wp-json\/wp\/v2\/posts"}],"about":[{"href":"https:\/\/elmundodelosnegocios.com.do\/v1\/wp-json\/wp\/v2\/types\/post"}],"author":[{"embeddable":true,"href":"https:\/\/elmundodelosnegocios.com.do\/v1\/wp-json\/wp\/v2\/users\/2"}],"replies":[{"embeddable":true,"href":"https:\/\/elmundodelosnegocios.com.do\/v1\/wp-json\/wp\/v2\/comments?post=55639"}],"version-history":[{"count":1,"href":"https:\/\/elmundodelosnegocios.com.do\/v1\/wp-json\/wp\/v2\/posts\/55639\/revisions"}],"predecessor-version":[{"id":55642,"href":"https:\/\/elmundodelosnegocios.com.do\/v1\/wp-json\/wp\/v2\/posts\/55639\/revisions\/55642"}],"wp:featuredmedia":[{"embeddable":true,"href":"https:\/\/elmundodelosnegocios.com.do\/v1\/wp-json\/wp\/v2\/media\/55640"}],"wp:attachment":[{"href":"https:\/\/elmundodelosnegocios.com.do\/v1\/wp-json\/wp\/v2\/media?parent=55639"}],"wp:term":[{"taxonomy":"category","embeddable":true,"href":"https:\/\/elmundodelosnegocios.com.do\/v1\/wp-json\/wp\/v2\/categories?post=55639"},{"taxonomy":"post_tag","embeddable":true,"href":"https:\/\/elmundodelosnegocios.com.do\/v1\/wp-json\/wp\/v2\/tags?post=55639"}],"curies":[{"name":"wp","href":"https:\/\/api.w.org\/{rel}","templated":true}]}}