{"id":55643,"date":"2024-11-27T08:53:35","date_gmt":"2024-11-27T13:23:35","guid":{"rendered":"https:\/\/www.elmundodelosnegocios.com.do\/v1\/?p=55643"},"modified":"2024-11-27T08:53:35","modified_gmt":"2024-11-27T13:23:35","slug":"leche-la-granja-patrocina-el-majarete-mas-grande-del-mundo-en-festur-2024","status":"publish","type":"post","link":"https:\/\/elmundodelosnegocios.com.do\/v1\/leche-la-granja-patrocina-el-majarete-mas-grande-del-mundo-en-festur-2024\/","title":{"rendered":"Leche La Granja patrocina el majarete m\u00e1s grande del mundo en Festur 2024"},"content":{"rendered":"<p><strong>La Granja reafirma su compromiso con las tradiciones dominicanas.<\/strong><\/p>\n<p><em><strong>Cotu\u00ed, S\u00e1nchez Ram\u00edrez,\u00a0<\/strong>Leche La Granja, reconocida como \u00abla leche de todos los dominicanos\u00bb, fue el patrocinador oficial de la creaci\u00f3n del majarete m\u00e1s grande del mundo durante el Festur S\u00e1nchez Ram\u00edrez 2024. Este evento, realizado en Cotu\u00ed, marc\u00f3 un hito al obtener el reconocimiento oficial del Guinness World R\u00e9cords, destacando un platillo emblem\u00e1tico de la gastronom\u00eda dominicana.<\/em><\/p>\n<p><a href=\"http:\/\/elmundodelosnegocios.com.do\/v1\/wp-content\/uploads\/2024\/11\/26BEA398-4FEB-4315-B250-7421AF78E294-scaled-1.jpeg\"><img loading=\"lazy\" decoding=\"async\" class=\"aligncenter size-full wp-image-55646\" src=\"http:\/\/elmundodelosnegocios.com.do\/v1\/wp-content\/uploads\/2024\/11\/26BEA398-4FEB-4315-B250-7421AF78E294-scaled-1.jpeg\" alt=\"\" width=\"2560\" height=\"1706\" srcset=\"https:\/\/elmundodelosnegocios.com.do\/v1\/wp-content\/uploads\/2024\/11\/26BEA398-4FEB-4315-B250-7421AF78E294-scaled-1.jpeg 2560w, https:\/\/elmundodelosnegocios.com.do\/v1\/wp-content\/uploads\/2024\/11\/26BEA398-4FEB-4315-B250-7421AF78E294-scaled-1-300x200.jpeg 300w, https:\/\/elmundodelosnegocios.com.do\/v1\/wp-content\/uploads\/2024\/11\/26BEA398-4FEB-4315-B250-7421AF78E294-scaled-1-1024x682.jpeg 1024w, https:\/\/elmundodelosnegocios.com.do\/v1\/wp-content\/uploads\/2024\/11\/26BEA398-4FEB-4315-B250-7421AF78E294-scaled-1-768x512.jpeg 768w, https:\/\/elmundodelosnegocios.com.do\/v1\/wp-content\/uploads\/2024\/11\/26BEA398-4FEB-4315-B250-7421AF78E294-scaled-1-1536x1024.jpeg 1536w, https:\/\/elmundodelosnegocios.com.do\/v1\/wp-content\/uploads\/2024\/11\/26BEA398-4FEB-4315-B250-7421AF78E294-scaled-1-2048x1365.jpeg 2048w\" sizes=\"auto, (max-width: 2560px) 100vw, 2560px\" \/><\/a><\/p>\n<p>La preparaci\u00f3n de este majarete monumental incluy\u00f3 156 litros de Leche La Granja como ingrediente principal, resaltando la calidad de este producto nacional. Supervisado por expertos del Guinness World R\u00e9cords, el evento no solo celebr\u00f3 las tradiciones culinarias dominicanas, sino que tambi\u00e9n reuni\u00f3 a miles de asistentes en un ambiente de alegr\u00eda y orgullo cultural.<\/p>\n<p><a href=\"http:\/\/elmundodelosnegocios.com.do\/v1\/wp-content\/uploads\/2024\/11\/7348E27F-7134-419B-BF9E-2B3B2195A257-scaled-1.jpeg\"><img loading=\"lazy\" decoding=\"async\" class=\"aligncenter size-full wp-image-55644\" src=\"http:\/\/elmundodelosnegocios.com.do\/v1\/wp-content\/uploads\/2024\/11\/7348E27F-7134-419B-BF9E-2B3B2195A257-scaled-1.jpeg\" alt=\"\" width=\"1707\" height=\"960\" srcset=\"https:\/\/elmundodelosnegocios.com.do\/v1\/wp-content\/uploads\/2024\/11\/7348E27F-7134-419B-BF9E-2B3B2195A257-scaled-1.jpeg 1707w, https:\/\/elmundodelosnegocios.com.do\/v1\/wp-content\/uploads\/2024\/11\/7348E27F-7134-419B-BF9E-2B3B2195A257-scaled-1-300x169.jpeg 300w, https:\/\/elmundodelosnegocios.com.do\/v1\/wp-content\/uploads\/2024\/11\/7348E27F-7134-419B-BF9E-2B3B2195A257-scaled-1-1024x576.jpeg 1024w, https:\/\/elmundodelosnegocios.com.do\/v1\/wp-content\/uploads\/2024\/11\/7348E27F-7134-419B-BF9E-2B3B2195A257-scaled-1-768x432.jpeg 768w, https:\/\/elmundodelosnegocios.com.do\/v1\/wp-content\/uploads\/2024\/11\/7348E27F-7134-419B-BF9E-2B3B2195A257-scaled-1-1536x864.jpeg 1536w\" sizes=\"auto, (max-width: 1707px) 100vw, 1707px\" \/><\/a><\/p>\n<h3>Un homenaje a las tradiciones culinarias<\/h3>\n<p>Leche La Granja, producida localmente por la empresa\u00a0<strong>Dos Pinos Rep\u00fablica Dominicana<\/strong>, reafirm\u00f3 su compromiso con las ra\u00edces gastron\u00f3micas del pa\u00eds al ser parte esencial de este r\u00e9cord mundial. Esta acci\u00f3n subraya el prop\u00f3sito de la marca: fortalecer los lazos con el pueblo dominicano al participar activamente en sus celebraciones culturales m\u00e1s importantes.<\/p>\n<p>El majarete, un postre a base de ma\u00edz, coco y leche, es una tradici\u00f3n culinaria que representa el sabor y la historia del pa\u00eds. La participaci\u00f3n de La Granja en este evento fue clave para lograr una receta que destac\u00f3 tanto por su tama\u00f1o como por su sabor aut\u00e9ntico.<\/p>\n<p><a href=\"http:\/\/elmundodelosnegocios.com.do\/v1\/wp-content\/uploads\/2024\/11\/F7ECD666-C802-4CA0-8149-007A10C6F86B-scaled-1.jpeg\"><img loading=\"lazy\" decoding=\"async\" class=\"aligncenter size-full wp-image-55645\" src=\"http:\/\/elmundodelosnegocios.com.do\/v1\/wp-content\/uploads\/2024\/11\/F7ECD666-C802-4CA0-8149-007A10C6F86B-scaled-1.jpeg\" alt=\"\" width=\"1707\" height=\"960\" srcset=\"https:\/\/elmundodelosnegocios.com.do\/v1\/wp-content\/uploads\/2024\/11\/F7ECD666-C802-4CA0-8149-007A10C6F86B-scaled-1.jpeg 1707w, https:\/\/elmundodelosnegocios.com.do\/v1\/wp-content\/uploads\/2024\/11\/F7ECD666-C802-4CA0-8149-007A10C6F86B-scaled-1-300x169.jpeg 300w, https:\/\/elmundodelosnegocios.com.do\/v1\/wp-content\/uploads\/2024\/11\/F7ECD666-C802-4CA0-8149-007A10C6F86B-scaled-1-1024x576.jpeg 1024w, https:\/\/elmundodelosnegocios.com.do\/v1\/wp-content\/uploads\/2024\/11\/F7ECD666-C802-4CA0-8149-007A10C6F86B-scaled-1-768x432.jpeg 768w, https:\/\/elmundodelosnegocios.com.do\/v1\/wp-content\/uploads\/2024\/11\/F7ECD666-C802-4CA0-8149-007A10C6F86B-scaled-1-1536x864.jpeg 1536w\" sizes=\"auto, (max-width: 1707px) 100vw, 1707px\" \/><\/a><\/p>\n<h3 class=\"wp-block-heading\">La Granja: en el coraz\u00f3n de los dominicanos<\/h3>\n<p>Con d\u00e9cadas de presencia en la Rep\u00fablica Dominicana,\u00a0<strong>La Granja<\/strong>\u00a0contin\u00faa consolid\u00e1ndose como un aliado en la vida diaria de los hogares dominicanos. Su participaci\u00f3n en el Festur 2024 simboliza su compromiso no solo con la calidad de sus productos, sino tambi\u00e9n con el respaldo a iniciativas que promueven la cultura y la identidad nacional.<\/p>\n<p>\u00abLa Granja, la leche de todos, siempre presente en las celebraciones m\u00e1s especiales del pueblo dominicano\u00bb, reafirm\u00f3 un representante de la marca durante la actividad.<\/p>\n<h3 class=\"wp-block-heading\">Acerca de Dos Pinos<\/h3>\n<p><strong>Dos Pinos<\/strong>, empresa cooperativa l\u00edder en Costa Rica y representada en Rep\u00fablica Dominicana por\u00a0<strong>Distribuidora Corripio<\/strong>\u00a0desde 2010, se destaca por la producci\u00f3n y comercializaci\u00f3n de l\u00e1cteos y sus derivados. Con operaciones en Am\u00e9rica y el Caribe, Dos Pinos promueve la salud y el bienestar a trav\u00e9s de un portafolio diversificado, con est\u00e1ndares de calidad y pr\u00e1cticas responsables. Su marca\u00a0<strong>La Granja<\/strong>\u00a0es un referente de confianza en el mercado dominicano, con un crecimiento constante desde su llegada al pa\u00eds.<\/p>\n<p>Este evento, adem\u00e1s de ser una celebraci\u00f3n cultural, consolida el rol de La Granja como un pilar en la preservaci\u00f3n y promoci\u00f3n de las tradiciones dominicanas.<\/p>\n<p>&nbsp;<\/p>\n","protected":false},"excerpt":{"rendered":"<p>La Granja reafirma su compromiso con las tradiciones dominicanas. Cotu\u00ed, S\u00e1nchez Ram\u00edrez,\u00a0Leche La Granja, reconocida como \u00abla leche de todos los dominicanos\u00bb, fue el patrocinador oficial de la creaci\u00f3n del&hellip; <\/p>\n","protected":false},"author":2,"featured_media":55646,"comment_status":"closed","ping_status":"closed","sticky":false,"template":"","format":"standard","meta":{"fifu_image_url":"","fifu_image_alt":"","footnotes":""},"categories":[85],"tags":[],"class_list":["post-55643","post","type-post","status-publish","format-standard","has-post-thumbnail","hentry","category-gastronomia"],"_links":{"self":[{"href":"https:\/\/elmundodelosnegocios.com.do\/v1\/wp-json\/wp\/v2\/posts\/55643","targetHints":{"allow":["GET"]}}],"collection":[{"href":"https:\/\/elmundodelosnegocios.com.do\/v1\/wp-json\/wp\/v2\/posts"}],"about":[{"href":"https:\/\/elmundodelosnegocios.com.do\/v1\/wp-json\/wp\/v2\/types\/post"}],"author":[{"embeddable":true,"href":"https:\/\/elmundodelosnegocios.com.do\/v1\/wp-json\/wp\/v2\/users\/2"}],"replies":[{"embeddable":true,"href":"https:\/\/elmundodelosnegocios.com.do\/v1\/wp-json\/wp\/v2\/comments?post=55643"}],"version-history":[{"count":1,"href":"https:\/\/elmundodelosnegocios.com.do\/v1\/wp-json\/wp\/v2\/posts\/55643\/revisions"}],"predecessor-version":[{"id":55647,"href":"https:\/\/elmundodelosnegocios.com.do\/v1\/wp-json\/wp\/v2\/posts\/55643\/revisions\/55647"}],"wp:featuredmedia":[{"embeddable":true,"href":"https:\/\/elmundodelosnegocios.com.do\/v1\/wp-json\/wp\/v2\/media\/55646"}],"wp:attachment":[{"href":"https:\/\/elmundodelosnegocios.com.do\/v1\/wp-json\/wp\/v2\/media?parent=55643"}],"wp:term":[{"taxonomy":"category","embeddable":true,"href":"https:\/\/elmundodelosnegocios.com.do\/v1\/wp-json\/wp\/v2\/categories?post=55643"},{"taxonomy":"post_tag","embeddable":true,"href":"https:\/\/elmundodelosnegocios.com.do\/v1\/wp-json\/wp\/v2\/tags?post=55643"}],"curies":[{"name":"wp","href":"https:\/\/api.w.org\/{rel}","templated":true}]}}