{"id":55648,"date":"2024-11-27T08:56:12","date_gmt":"2024-11-27T13:26:12","guid":{"rendered":"https:\/\/www.elmundodelosnegocios.com.do\/v1\/?p=55648"},"modified":"2024-11-27T08:56:12","modified_gmt":"2024-11-27T13:26:12","slug":"la-camara-de-comercio-de-espana-celebra-100-anos-en-la-republica-dominicana-con-una-cena-de-gala","status":"publish","type":"post","link":"https:\/\/elmundodelosnegocios.com.do\/v1\/la-camara-de-comercio-de-espana-celebra-100-anos-en-la-republica-dominicana-con-una-cena-de-gala\/","title":{"rendered":"La C\u00e1mara de Comercio de Espa\u00f1a celebra 100 a\u00f1os en la Rep\u00fablica Dominicana con una cena de gala"},"content":{"rendered":"<p><em>La C\u00e1mara Oficial de Comercio de Espa\u00f1a en Rep\u00fablica Dominicana (CAMACOESRD) celebr\u00f3 su centenario con una elegante cena de gala que reuni\u00f3 a destacadas personalidades del \u00e1mbito pol\u00edtico, empresarial y diplom\u00e1tico. El evento, que se llev\u00f3 a cabo el pasado 22 de noviembre, cont\u00f3 con la presencia de la vicepresidenta de la Rep\u00fablica, Raquel Pe\u00f1a, as\u00ed como de representantes de diversos ministerios, funcionarios del cuerpo diplom\u00e1tico y miembros de la C\u00e1mara Espa\u00f1ola.<\/em><\/p>\n<p><a href=\"http:\/\/elmundodelosnegocios.com.do\/v1\/wp-content\/uploads\/2024\/11\/IMG_3891.jpeg\"><img loading=\"lazy\" decoding=\"async\" class=\"aligncenter size-full wp-image-55649\" src=\"http:\/\/elmundodelosnegocios.com.do\/v1\/wp-content\/uploads\/2024\/11\/IMG_3891.jpeg\" alt=\"\" width=\"2460\" height=\"1640\" srcset=\"https:\/\/elmundodelosnegocios.com.do\/v1\/wp-content\/uploads\/2024\/11\/IMG_3891.jpeg 2460w, https:\/\/elmundodelosnegocios.com.do\/v1\/wp-content\/uploads\/2024\/11\/IMG_3891-300x200.jpeg 300w, https:\/\/elmundodelosnegocios.com.do\/v1\/wp-content\/uploads\/2024\/11\/IMG_3891-1024x683.jpeg 1024w, https:\/\/elmundodelosnegocios.com.do\/v1\/wp-content\/uploads\/2024\/11\/IMG_3891-768x512.jpeg 768w, https:\/\/elmundodelosnegocios.com.do\/v1\/wp-content\/uploads\/2024\/11\/IMG_3891-1536x1024.jpeg 1536w, https:\/\/elmundodelosnegocios.com.do\/v1\/wp-content\/uploads\/2024\/11\/IMG_3891-2048x1365.jpeg 2048w\" sizes=\"auto, (max-width: 2460px) 100vw, 2460px\" \/><\/a><\/p>\n<p>El presidente de CAMACOESRD, Paco P\u00e9rez, fue el encargado de dar la bienvenida a los asistentes, expresando en sus palabras el orgullo y la satisfacci\u00f3n por los logros alcanzados durante estos 100 a\u00f1os. P\u00e9rez record\u00f3 que desde su fundaci\u00f3n, la C\u00e1mara ha sido un pilar para el fortalecimiento de las relaciones comerciales y culturales entre Espa\u00f1a y la Rep\u00fablica Dominicana, contribuyendo al crecimiento econ\u00f3mico de ambos pa\u00edses.<\/p>\n<figure class=\"wp-block-image size-large\"><a href=\"https:\/\/diariosocialrd.com\/wp-content\/uploads\/2024\/11\/IMG_3892.jpeg\" data-rel=\"penci-gallery-image-content\"><img loading=\"lazy\" decoding=\"async\" class=\"wp-image-217052 aligncenter\" src=\"https:\/\/diariosocialrd.com\/wp-content\/uploads\/2024\/11\/IMG_3892-1024x683.jpeg\" sizes=\"auto, (max-width: 1024px) 100vw, 1024px\" srcset=\"https:\/\/diariosocialrd.com\/wp-content\/uploads\/2024\/11\/IMG_3892-1024x683.jpeg 1024w, https:\/\/diariosocialrd.com\/wp-content\/uploads\/2024\/11\/IMG_3892-300x200.jpeg 300w, https:\/\/diariosocialrd.com\/wp-content\/uploads\/2024\/11\/IMG_3892-768x512.jpeg 768w, https:\/\/diariosocialrd.com\/wp-content\/uploads\/2024\/11\/IMG_3892-1536x1024.jpeg 1536w, https:\/\/diariosocialrd.com\/wp-content\/uploads\/2024\/11\/IMG_3892-2048x1365.jpeg 2048w, https:\/\/diariosocialrd.com\/wp-content\/uploads\/2024\/11\/IMG_3892-1920x1280.jpeg 1920w, https:\/\/diariosocialrd.com\/wp-content\/uploads\/2024\/11\/IMG_3892-1170x780.jpeg 1170w, https:\/\/diariosocialrd.com\/wp-content\/uploads\/2024\/11\/IMG_3892-585x390.jpeg 585w, https:\/\/diariosocialrd.com\/wp-content\/uploads\/2024\/11\/IMG_3892-263x175.jpeg 263w\" alt=\"\" width=\"1024\" height=\"683\" \/><\/a><\/figure>\n<p>\u201cDurante estos cien a\u00f1os, hemos acompa\u00f1ado a las empresas espa\u00f1olas que llegaron en busca de nuevas oportunidades y hemos sido testigos de su integraci\u00f3n en el tejido empresarial dominicano, aportando innovaci\u00f3n, empleo y desarrollo. Asimismo, hemos facilitado la entrada de empresas dominicanas al mercado espa\u00f1ol, consolidando los lazos bilaterales\u201d, destac\u00f3 el presidente de la C\u00e1mara.<\/p>\n<figure class=\"wp-block-image size-large\"><a href=\"https:\/\/diariosocialrd.com\/wp-content\/uploads\/2024\/11\/IMG_3893-scaled.jpeg\" data-rel=\"penci-gallery-image-content\"><img loading=\"lazy\" decoding=\"async\" class=\"wp-image-217051 aligncenter\" src=\"https:\/\/diariosocialrd.com\/wp-content\/uploads\/2024\/11\/IMG_3893-1024x683.jpeg\" sizes=\"auto, (max-width: 1024px) 100vw, 1024px\" srcset=\"https:\/\/diariosocialrd.com\/wp-content\/uploads\/2024\/11\/IMG_3893-1024x683.jpeg 1024w, https:\/\/diariosocialrd.com\/wp-content\/uploads\/2024\/11\/IMG_3893-300x200.jpeg 300w, https:\/\/diariosocialrd.com\/wp-content\/uploads\/2024\/11\/IMG_3893-768x512.jpeg 768w, https:\/\/diariosocialrd.com\/wp-content\/uploads\/2024\/11\/IMG_3893-1536x1024.jpeg 1536w, https:\/\/diariosocialrd.com\/wp-content\/uploads\/2024\/11\/IMG_3893-2048x1366.jpeg 2048w, https:\/\/diariosocialrd.com\/wp-content\/uploads\/2024\/11\/IMG_3893-1920x1280.jpeg 1920w, https:\/\/diariosocialrd.com\/wp-content\/uploads\/2024\/11\/IMG_3893-1170x780.jpeg 1170w, https:\/\/diariosocialrd.com\/wp-content\/uploads\/2024\/11\/IMG_3893-585x390.jpeg 585w, https:\/\/diariosocialrd.com\/wp-content\/uploads\/2024\/11\/IMG_3893-263x175.jpeg 263w\" alt=\"\" width=\"1024\" height=\"683\" \/><\/a><\/figure>\n<p>Adem\u00e1s, resalt\u00f3 la importancia de los v\u00ednculos culturales que han nutrido las relaciones entre ambos pa\u00edses, afirmando que la C\u00e1mara ha jugado un papel crucial en la construcci\u00f3n de puentes que trascienden lo empresarial. P\u00e9rez hizo una reflexi\u00f3n sobre el legado de aquellos visionarios que fundaron la instituci\u00f3n hace un siglo, y subray\u00f3 la relevancia de mirar hacia el futuro con optimismo y adaptabilidad ante los desaf\u00edos globales actuales, como la digitalizaci\u00f3n y la globalizaci\u00f3n.<\/p>\n<p>En el marco de la celebraci\u00f3n, se rindi\u00f3 homenaje a varios expresidentes de la C\u00e1mara de Comercio en los \u00faltimos 30 a\u00f1os, entre ellos Gabriel Felip, Jos\u00e9 Luis Venta, y Mario Garc\u00eda \u00c1lvarez, entre otros. Tambi\u00e9n se entreg\u00f3 un reconocimiento especial a Font Gamundi, socio de la C\u00e1mara desde su fundaci\u00f3n, con la presencia de los galardonados Jos\u00e9 Luis Thomas, Felipe Thomas, Juan Jos\u00e9 Alorda y Pedro Alorda.<\/p>\n<p>El evento cont\u00f3 con la presencia de autoridades gubernamentales, como el ministro de Industria y Comercio, V\u00edctor Bison\u00f3, y el ministro de Energ\u00eda y Minas, Joel Santos, as\u00ed como representantes del cuerpo diplom\u00e1tico, empresarios y ejecutivos de las principales empresas espa\u00f1olas establecidas en el pa\u00eds.<\/p>\n<p>Durante todo el a\u00f1o, CAMACOESRD ha organizado una serie de actividades conmemorativas para celebrar sus 100 a\u00f1os de contribuci\u00f3n al fortalecimiento de las relaciones econ\u00f3micas y comerciales entre Espa\u00f1a y la Rep\u00fablica Dominicana.<\/p>\n<h3 class=\"wp-block-heading\"><strong>Sobre la C\u00e1mara Espa\u00f1ola<\/strong><\/h3>\n<p>La C\u00e1mara Espa\u00f1ola de Comercio en Rep\u00fablica Dominicana es una asociaci\u00f3n privada sin fines de lucro, reconocida oficialmente por el Reino de Espa\u00f1a. Su misi\u00f3n es promover el desarrollo de las relaciones econ\u00f3micas y empresariales entre ambos pa\u00edses, facilitando las inversiones y el intercambio comercial. Actualmente, la C\u00e1mara cuenta con alrededor de 400 empresas asociadas y una red de contactos que abarca todos los sectores econ\u00f3micos en la Rep\u00fablica Dominicana, siendo una plataforma clave para el encuentro y la colaboraci\u00f3n empresarial.<\/p>\n","protected":false},"excerpt":{"rendered":"<p>La C\u00e1mara Oficial de Comercio de Espa\u00f1a en Rep\u00fablica Dominicana (CAMACOESRD) celebr\u00f3 su centenario con una elegante cena de gala que reuni\u00f3 a destacadas personalidades del \u00e1mbito pol\u00edtico, empresarial y&hellip; <\/p>\n","protected":false},"author":2,"featured_media":55649,"comment_status":"closed","ping_status":"closed","sticky":false,"template":"","format":"standard","meta":{"fifu_image_url":"","fifu_image_alt":"","footnotes":""},"categories":[83],"tags":[],"class_list":["post-55648","post","type-post","status-publish","format-standard","has-post-thumbnail","hentry","category-empresariales-empresariales"],"_links":{"self":[{"href":"https:\/\/elmundodelosnegocios.com.do\/v1\/wp-json\/wp\/v2\/posts\/55648","targetHints":{"allow":["GET"]}}],"collection":[{"href":"https:\/\/elmundodelosnegocios.com.do\/v1\/wp-json\/wp\/v2\/posts"}],"about":[{"href":"https:\/\/elmundodelosnegocios.com.do\/v1\/wp-json\/wp\/v2\/types\/post"}],"author":[{"embeddable":true,"href":"https:\/\/elmundodelosnegocios.com.do\/v1\/wp-json\/wp\/v2\/users\/2"}],"replies":[{"embeddable":true,"href":"https:\/\/elmundodelosnegocios.com.do\/v1\/wp-json\/wp\/v2\/comments?post=55648"}],"version-history":[{"count":1,"href":"https:\/\/elmundodelosnegocios.com.do\/v1\/wp-json\/wp\/v2\/posts\/55648\/revisions"}],"predecessor-version":[{"id":55650,"href":"https:\/\/elmundodelosnegocios.com.do\/v1\/wp-json\/wp\/v2\/posts\/55648\/revisions\/55650"}],"wp:featuredmedia":[{"embeddable":true,"href":"https:\/\/elmundodelosnegocios.com.do\/v1\/wp-json\/wp\/v2\/media\/55649"}],"wp:attachment":[{"href":"https:\/\/elmundodelosnegocios.com.do\/v1\/wp-json\/wp\/v2\/media?parent=55648"}],"wp:term":[{"taxonomy":"category","embeddable":true,"href":"https:\/\/elmundodelosnegocios.com.do\/v1\/wp-json\/wp\/v2\/categories?post=55648"},{"taxonomy":"post_tag","embeddable":true,"href":"https:\/\/elmundodelosnegocios.com.do\/v1\/wp-json\/wp\/v2\/tags?post=55648"}],"curies":[{"name":"wp","href":"https:\/\/api.w.org\/{rel}","templated":true}]}}