{"id":55676,"date":"2024-12-01T17:31:11","date_gmt":"2024-12-01T22:01:11","guid":{"rendered":"https:\/\/www.elmundodelosnegocios.com.do\/v1\/?p=55676"},"modified":"2024-12-01T17:31:11","modified_gmt":"2024-12-01T22:01:11","slug":"pro-competencia-y-el-codessd-acuerdan-fomentar-de-manera-conjunta-la-libre-competencia-en-el-pais","status":"publish","type":"post","link":"https:\/\/elmundodelosnegocios.com.do\/v1\/pro-competencia-y-el-codessd-acuerdan-fomentar-de-manera-conjunta-la-libre-competencia-en-el-pais\/","title":{"rendered":"Pro-Competencia y el CODESSD acuerdan fomentar de manera conjunta la libre competencia en el pa\u00eds"},"content":{"rendered":"<p>Santo Domingo.-\u00a0<strong>La Comisi\u00f3n Nacional de Defensa de la Competencia<\/strong>\u00a0(Pro-Competencia) y el\u00a0<strong>Consejo de Desarrollo Econ\u00f3mico y Social de Santo Domingo<\/strong>\u00a0(CODEESD) firmaron un\u00a0<strong>acuerdo de colaboraci\u00f3n<\/strong>\u00a0para implementar programas de\u00a0<strong>intercambio de informaci\u00f3n<\/strong>, conocimientos t\u00e9cnicos,\u00a0<strong>tecnolog\u00edas<\/strong>\u00a0y fomentar\u00a0<strong>mejores pr\u00e1cticas empresariales<\/strong>\u00a0en aras de promover una\u00a0<strong>competencia justa y equitativa<\/strong>\u00a0en el pa\u00eds.<\/p>\n<p>El convenio fue firmado por la presidenta del Consejo Directivo de Pro-Competencia,\u00a0<strong>Mar\u00eda Elena V\u00e1squez Taveras<\/strong>, y el presidente del CODESSD,\u00a0<strong>Samuel Sena<\/strong>.<\/p>\n<p>V\u00e1squez Taveras resalt\u00f3 la trascendencia del acuerdo, se\u00f1alando que permitir\u00e1 a ambas entidades establecer mecanismos de\u00a0<strong>coordinaci\u00f3n, interacci\u00f3n y cooperaci\u00f3n<\/strong>\u00a0mutua para buscar\u00a0<strong>soluciones integrales<\/strong>\u00a0a problemas y situaciones de inter\u00e9s com\u00fan, con un enfoque particular en la promoci\u00f3n de la\u00a0<strong>libre competencia<\/strong>\u00a0en los mercados de\u00a0<strong>bienes y servicios.<\/strong><\/p>\n<p><img loading=\"lazy\" decoding=\"async\" class=\"aligncenter size-full\" src=\"https:\/\/presidencia.gob.do\/sites\/default\/files\/styles\/large\/public\/news\/2024-11\/IMG_4811.jpeg?itok=-GpoZtDq\" width=\"1300\" height=\"731\" \/><\/p>\n<p><em>\u201cEste acuerdo permitir\u00e1 que ambas instituciones se enriquezcan mutuamente mediante el intercambio de informaciones y publicaciones digitales y bibliogr\u00e1ficas que sean relevantes para el quehacer institucional\u201d,<\/em>\u00a0explic\u00f3 la presidenta de Pro-Competencia.<\/p>\n<p>V\u00e1squez Taveras agreg\u00f3 que gracias a este acuerdo se podr\u00e1n dise\u00f1ar\u00a0<strong>programas de estudio<\/strong>\u00a0sobre\u00a0<strong>Derecho de la Competencia<\/strong>, as\u00ed como organizar\u00a0<strong>charlas, conferencias, podcasts<\/strong>\u00a0y otras campa\u00f1as educativas sobre temas de inter\u00e9s conjunto.<\/p>\n<p><em>\u201cOtra de las relevantes ventajas de este acuerdo es construir una mesa de trabajo permanente desde la cual podamos reflexionar, dialogar, consensuar y planificar aquellas mejoras regulatorias espec\u00edficas para fomentar un entorno m\u00e1s competitivo dentro de los mercados para el bienestar de los consumidores\u201d,\u00a0<\/em>destac\u00f3.<\/p>\n<p>El presidente del CODESSD expres\u00f3 que esta alianza es clave para fomentar los conocimientos sobre la\u00a0<strong>libre y leal competencia<\/strong>\u00a0entre sus miembros, que ascienden a unas\u00a0<strong>178 empresas<\/strong>, principalmente micro y peque\u00f1as (mipymes).<\/p>\n<p><em>\u201cCreemos que este acuerdo ser\u00e1 de mucho valor por el trabajo exponencial que se va a hacer con ellas (las empresas) junto a Pro-Competencia. Creo que va a dar muchos frutos. Reiteramos nuestro agradecimiento y quiero que nos vean como un gran aliado para promover la cultura de competencia leal en la Rep\u00fablica Dominicana y tambi\u00e9n como un ente educativo a trav\u00e9s de nuestro \u00f3rgano interno, que es el CODESSD Academy\u201d,\u00a0<\/em>manifest\u00f3 Sena.<\/p>\n<p>Sena manifest\u00f3 tambi\u00e9n que el CODESSD ser\u00e1 un aliado para promover la modificaci\u00f3n de la\u00a0<strong>Ley No. 42-08,<\/strong>\u00a0sobre la\u00a0<strong>Defensa de la Competencia<\/strong>, cuyo primer borrador ya est\u00e1 listo.<\/p>\n<p><em>\u201cTenemos que dotar a la Rep\u00fablica Dominicana de una actualizaci\u00f3n de la Ley de Competencia, y de ahora en adelante tienen un hermano m\u00e1s y estamos en plena disposici\u00f3n de seguir colaborando\u201d,<\/em>\u00a0expres\u00f3.<\/p>\n<p><strong>Sobre el CODESSD<\/strong><\/p>\n<p>El CODESSD es una organizaci\u00f3n de la sociedad civil organizada que\u00a0<strong>promueve, formula, financia y ejecuta\u00a0<\/strong>los proyectos de\u00a0<strong>desarrollo integral<\/strong>\u00a0en \u00e1reas como\u00a0<strong>educaci\u00f3n, salud<\/strong>, fortalecimiento democr\u00e1tico e institucional,\u00a0<strong>sostenibilidad, medio ambiente<\/strong>, energ\u00edas renovables,\u00a0<strong>seguridad alimentaria, seguridad social,<\/strong>\u00a0entre otros.<\/p>\n<p><strong>Sobre Pro-Competencia<\/strong><\/p>\n<p>Uno de los principales objetivos de la instituci\u00f3n es lograr sinergias y hacer\u00a0<strong>alianzas estrat\u00e9gicas<\/strong>\u00a0con la finalidad de fomentar el avance en el pa\u00eds en temas de\u00a0<strong>desarrollo econ\u00f3mico y social.<\/strong><\/p>\n<p>Pro-Competencia es el organismo del\u00a0<strong>Estado dominicano<\/strong>\u00a0responsable de\u00a0<strong>promover y garantizar<\/strong>\u00a0la existencia de la\u00a0<strong>competencia efectiva<\/strong>\u00a0para incrementar la\u00a0<strong>eficiencia econ\u00f3mica<\/strong>\u00a0en los mercados de productos y servicios, en beneficio de los\u00a0<strong>consumidores y usuarios<\/strong>.<\/p>\n","protected":false},"excerpt":{"rendered":"<p>Santo Domingo.-\u00a0La Comisi\u00f3n Nacional de Defensa de la Competencia\u00a0(Pro-Competencia) y el\u00a0Consejo de Desarrollo Econ\u00f3mico y Social de Santo Domingo\u00a0(CODEESD) firmaron un\u00a0acuerdo de colaboraci\u00f3n\u00a0para implementar programas de\u00a0intercambio de informaci\u00f3n, conocimientos t\u00e9cnicos,\u00a0tecnolog\u00edas\u00a0y&hellip; <\/p>\n","protected":false},"author":2,"featured_media":55677,"comment_status":"closed","ping_status":"closed","sticky":false,"template":"","format":"standard","meta":{"fifu_image_url":"https:\/\/presidencia.gob.do\/sites\/default\/files\/styles\/large\/public\/news\/2024-11\/IMG_4811.jpeg?itok=-GpoZtDq","fifu_image_alt":"","footnotes":""},"categories":[83],"tags":[],"class_list":["post-55676","post","type-post","status-publish","format-standard","has-post-thumbnail","hentry","category-empresariales-empresariales"],"_links":{"self":[{"href":"https:\/\/elmundodelosnegocios.com.do\/v1\/wp-json\/wp\/v2\/posts\/55676","targetHints":{"allow":["GET"]}}],"collection":[{"href":"https:\/\/elmundodelosnegocios.com.do\/v1\/wp-json\/wp\/v2\/posts"}],"about":[{"href":"https:\/\/elmundodelosnegocios.com.do\/v1\/wp-json\/wp\/v2\/types\/post"}],"author":[{"embeddable":true,"href":"https:\/\/elmundodelosnegocios.com.do\/v1\/wp-json\/wp\/v2\/users\/2"}],"replies":[{"embeddable":true,"href":"https:\/\/elmundodelosnegocios.com.do\/v1\/wp-json\/wp\/v2\/comments?post=55676"}],"version-history":[{"count":1,"href":"https:\/\/elmundodelosnegocios.com.do\/v1\/wp-json\/wp\/v2\/posts\/55676\/revisions"}],"predecessor-version":[{"id":55678,"href":"https:\/\/elmundodelosnegocios.com.do\/v1\/wp-json\/wp\/v2\/posts\/55676\/revisions\/55678"}],"wp:featuredmedia":[{"embeddable":true,"href":"https:\/\/elmundodelosnegocios.com.do\/v1\/wp-json\/wp\/v2\/media\/55677"}],"wp:attachment":[{"href":"https:\/\/elmundodelosnegocios.com.do\/v1\/wp-json\/wp\/v2\/media?parent=55676"}],"wp:term":[{"taxonomy":"category","embeddable":true,"href":"https:\/\/elmundodelosnegocios.com.do\/v1\/wp-json\/wp\/v2\/categories?post=55676"},{"taxonomy":"post_tag","embeddable":true,"href":"https:\/\/elmundodelosnegocios.com.do\/v1\/wp-json\/wp\/v2\/tags?post=55676"}],"curies":[{"name":"wp","href":"https:\/\/api.w.org\/{rel}","templated":true}]}}