{"id":55682,"date":"2024-12-01T17:34:36","date_gmt":"2024-12-01T22:04:36","guid":{"rendered":"https:\/\/www.elmundodelosnegocios.com.do\/v1\/?p=55682"},"modified":"2024-12-01T17:34:36","modified_gmt":"2024-12-01T22:04:36","slug":"ministro-santos-destaca-la-importancia-del-almacenamiento-de-energia-para-integrar-las-renovables-y-suplir-la-demanda","status":"publish","type":"post","link":"https:\/\/elmundodelosnegocios.com.do\/v1\/ministro-santos-destaca-la-importancia-del-almacenamiento-de-energia-para-integrar-las-renovables-y-suplir-la-demanda\/","title":{"rendered":"Ministro Santos destaca la importancia del almacenamiento de energ\u00eda para integrar las renovables y suplir la demanda"},"content":{"rendered":"<p><em>Rep\u00fablica Dominicana necesitar\u00e1 entre 250 a 400 MW en sistemas de almacenamiento de energ\u00eda para 2028<\/em><\/p>\n<p><strong>SANTO DOMINGO.<\/strong>\u00a0La Rep\u00fablica Dominicana necesitar\u00e1 alrededor 250 a 400 MW megavatios (MW) de capacidad instalada en sistemas de almacenamiento de energ\u00eda (BESS, por sus siglas en ingl\u00e9s) para 2028, con el objetivo de garantizar la estabilidad del sistema el\u00e9ctrico y optimizar el aprovechamiento de las energ\u00edas renovables.<\/p>\n<p>Esta estimaci\u00f3n se produce en el contexto del creciente despliegue de fuentes renovables en el pa\u00eds, como la solar que, a pesar de ser limpias y sostenibles, presenta retos a tomar en consideraci\u00f3n debido a su intermitencia.<\/p>\n<div class=\"wp-block-media-text is-stacked-on-mobile\">\n<figure class=\"wp-block-media-text__media\"><img loading=\"lazy\" decoding=\"async\" class=\"wp-image-10023 size-full\" src=\"https:\/\/mem.gob.do\/wp-content\/uploads\/2024\/11\/WhatsApp-Image-2024-11-27-at-13.38.53-1024x684.jpeg\" sizes=\"auto, (max-width: 1024px) 100vw, 1024px\" srcset=\"https:\/\/mem.gob.do\/wp-content\/uploads\/2024\/11\/WhatsApp-Image-2024-11-27-at-13.38.53-1024x684.jpeg 1024w, https:\/\/mem.gob.do\/wp-content\/uploads\/2024\/11\/WhatsApp-Image-2024-11-27-at-13.38.53-300x200.jpeg 300w, https:\/\/mem.gob.do\/wp-content\/uploads\/2024\/11\/WhatsApp-Image-2024-11-27-at-13.38.53-768x513.jpeg 768w, https:\/\/mem.gob.do\/wp-content\/uploads\/2024\/11\/WhatsApp-Image-2024-11-27-at-13.38.53-1536x1026.jpeg 1536w, https:\/\/mem.gob.do\/wp-content\/uploads\/2024\/11\/WhatsApp-Image-2024-11-27-at-13.38.53-2048x1368.jpeg 2048w\" alt=\"Ministro Santos, Energy Storage Summit 2024\" width=\"1024\" height=\"684\" \/><\/figure>\n<div class=\"wp-block-media-text__content\">\n<p>\u00abLa energ\u00eda solar no se genera durante la noche ni en momentos de baja radiaci\u00f3n solar, lo que obliga a recurrir al almacenamiento para cubrir los picos de demanda que ocurren en esas horas, cuando la generaci\u00f3n renovable es m\u00e1s baja\u00bb, explic\u00f3 el ministro de Energ\u00eda y Minas, Joel Santos, durante su intervenci\u00f3n en el Dominican Republic Energy Storage Summit 2024, celebrado en un hotel del Distrito Nacional.<\/p>\n<\/div>\n<\/div>\n<p>El ministro destac\u00f3 que el almacenamiento de energ\u00eda ser\u00e1 crucial para traspasar esa energ\u00eda a las horas de mayor demanda, un fen\u00f3meno que podr\u00eda ser m\u00e1s frecuente en d\u00edas no laborables, como los domingos y feriados.<\/p>\n<p><strong>El almacenamiento de energ\u00eda, clave para la transici\u00f3n energ\u00e9tica<\/strong><\/p>\n<div class=\"wp-block-media-text is-stacked-on-mobile\">\n<figure class=\"wp-block-media-text__media\"><img loading=\"lazy\" decoding=\"async\" class=\"wp-image-10025 size-full\" src=\"https:\/\/mem.gob.do\/wp-content\/uploads\/2024\/11\/WhatsApp-Image-2024-11-27-at-13.38.39-1024x684.jpeg\" sizes=\"auto, (max-width: 1024px) 100vw, 1024px\" srcset=\"https:\/\/mem.gob.do\/wp-content\/uploads\/2024\/11\/WhatsApp-Image-2024-11-27-at-13.38.39-1024x684.jpeg 1024w, https:\/\/mem.gob.do\/wp-content\/uploads\/2024\/11\/WhatsApp-Image-2024-11-27-at-13.38.39-300x200.jpeg 300w, https:\/\/mem.gob.do\/wp-content\/uploads\/2024\/11\/WhatsApp-Image-2024-11-27-at-13.38.39-768x513.jpeg 768w, https:\/\/mem.gob.do\/wp-content\/uploads\/2024\/11\/WhatsApp-Image-2024-11-27-at-13.38.39-1536x1026.jpeg 1536w, https:\/\/mem.gob.do\/wp-content\/uploads\/2024\/11\/WhatsApp-Image-2024-11-27-at-13.38.39-2048x1368.jpeg 2048w\" alt=\"Energ\u00eda para el Futuro\" width=\"1024\" height=\"684\" \/><\/figure>\n<div class=\"wp-block-media-text__content\">\n<p>El encuentro, organizado por el Ministerio de Energ\u00eda y Minas en colaboraci\u00f3n con la Organizaci\u00f3n Latinoamericana de Energ\u00eda (Olade) y Huawei, centr\u00f3 su debate en el papel fundamental del almacenamiento de energ\u00eda en la transici\u00f3n hacia un sistema energ\u00e9tico m\u00e1s limpio y eficiente.<\/p>\n<\/div>\n<\/div>\n<p>Durante su ponencia, Santos resalt\u00f3 que los sistemas BESS son esenciales para integrar de manera eficiente las energ\u00edas renovables al Sistema El\u00e9ctrico Nacional Interconectado (SENI). Estos sistemas permiten almacenar energ\u00eda en per\u00edodos de baja demanda y liberarla cuando el consumo aumenta, lo que ayuda a moderar las fluctuaciones de precios a trav\u00e9s del arbitraje y a dar mayor estabilidad al sistema.<\/p>\n<p>El ministro tambi\u00e9n resalt\u00f3 los servicios adicionales que ofrecen los sistemas BESS, como la regulaci\u00f3n de la frecuencia y la estabilizaci\u00f3n de la red, lo que contribuye a equilibrar la oferta y la demanda a corto plazo y a garantizar un sistema energ\u00e9tico resiliente.<\/p>\n<p><strong>Desarrollo del marco regulatorio para los sistemas de almacenamiento<\/strong><\/p>\n<p>Sin embargo, el ministro subray\u00f3 que la adopci\u00f3n generalizada de esta tecnolog\u00eda requiere un entorno regulatorio adecuado que garantice su viabilidad econ\u00f3mica.<\/p>\n<p>En este sentido, inform\u00f3 que el Ministerio de Energ\u00eda y Minas, junto con la Comisi\u00f3n Nacional de Energ\u00eda (CNE) y la Superintendencia de Electricidad (SIE), est\u00e1 trabajando en la actualizaci\u00f3n del marco normativo para asegurar una compensaci\u00f3n para crear el marco adecuado en el que se pueda desarrollar estos sistemas.<\/p>\n<p>Santos resalt\u00f3 que la SIE est\u00e1 revisando las normativas para reconocer la contribuci\u00f3n espec\u00edfica de los sistemas BESS y fomentar su implementaci\u00f3n en el mercado el\u00e9ctrico dominicano.<\/p>\n<p>\u201cLa integraci\u00f3n del almacenamiento de energ\u00eda es crucial para maximizar el uso de fuentes renovables, reducir los costos para los consumidores y garantizar la estabilidad del sistema el\u00e9ctrico\u201d, concluy\u00f3 Santos, quien se mostr\u00f3 optimista sobre el impacto positivo de este evento en el avance hacia un futuro energ\u00e9tico m\u00e1s sostenible.<\/p>\n<p><strong>Proyectos de energ\u00eda limpia<\/strong><\/p>\n<div class=\"wp-block-media-text is-stacked-on-mobile\">\n<figure class=\"wp-block-media-text__media\"><img loading=\"lazy\" decoding=\"async\" class=\"wp-image-10026 size-full\" src=\"https:\/\/mem.gob.do\/wp-content\/uploads\/2024\/11\/WhatsApp-Image-2024-11-27-at-13.38.38-1-1024x684.jpeg\" sizes=\"auto, (max-width: 1024px) 100vw, 1024px\" srcset=\"https:\/\/mem.gob.do\/wp-content\/uploads\/2024\/11\/WhatsApp-Image-2024-11-27-at-13.38.38-1-1024x684.jpeg 1024w, https:\/\/mem.gob.do\/wp-content\/uploads\/2024\/11\/WhatsApp-Image-2024-11-27-at-13.38.38-1-300x200.jpeg 300w, https:\/\/mem.gob.do\/wp-content\/uploads\/2024\/11\/WhatsApp-Image-2024-11-27-at-13.38.38-1-768x513.jpeg 768w, https:\/\/mem.gob.do\/wp-content\/uploads\/2024\/11\/WhatsApp-Image-2024-11-27-at-13.38.38-1-1536x1026.jpeg 1536w, https:\/\/mem.gob.do\/wp-content\/uploads\/2024\/11\/WhatsApp-Image-2024-11-27-at-13.38.38-1-2048x1368.jpeg 2048w\" alt=\"Edward Veras, director de la CNE\" width=\"1024\" height=\"684\" \/><\/figure>\n<div class=\"wp-block-media-text__content\">\n<p>De su lado, Edward Veras, director de la CNE, adelant\u00f3 que se aprobaron 15 proyectos de energ\u00eda limpia con almacenamiento. Inform\u00f3 que actualmente se han aprobado cerca de 15 proyectos de energ\u00eda limpia, los cuales incluyen soluciones para su almacenamiento.<\/p>\n<\/div>\n<\/div>\n<p>\u201cEstos proyectos incorporan una fracci\u00f3n de almacenamiento. Es importante recordar que debemos garantizar la viabilidad financiera de cada iniciativa, por lo que no se exige que toda la energ\u00eda generada sea almacenada. A medida que los costos de los insumos para la generaci\u00f3n y el almacenamiento disminuyan en el mercado internacional, se podr\u00e1 aumentar la capacidad de almacenamiento\u201d, explic\u00f3 Veras.<\/p>\n<p>Asimismo, el director de la CNE adelant\u00f3 que se publicar\u00e1 pr\u00f3ximamente un borrador de la actualizaci\u00f3n del Plan Energ\u00e9tico Nacional 2022-2036, que incluir\u00e1 un nuevo cap\u00edtulo dedicado exclusivamente a las energ\u00edas renovables y su almacenamiento<\/p>\n<p>\u201cLos planes no pueden ser est\u00e1ticos. El que emitimos en 2022 ya tiene algunas disrupciones tecnol\u00f3gicas como era hace dos a\u00f1os hablar de almacenamiento\u201d, sostuvo.<\/p>\n<p><strong>Paneles y participaci\u00f3n destacada<\/strong><\/p>\n<div class=\"wp-block-media-text is-stacked-on-mobile\">\n<figure class=\"wp-block-media-text__media\"><img loading=\"lazy\" decoding=\"async\" class=\"wp-image-10024 size-full\" src=\"https:\/\/mem.gob.do\/wp-content\/uploads\/2024\/11\/WhatsApp-Image-2024-11-27-at-13.38.39-1-1024x684.jpeg\" sizes=\"auto, (max-width: 1024px) 100vw, 1024px\" srcset=\"https:\/\/mem.gob.do\/wp-content\/uploads\/2024\/11\/WhatsApp-Image-2024-11-27-at-13.38.39-1-1024x684.jpeg 1024w, https:\/\/mem.gob.do\/wp-content\/uploads\/2024\/11\/WhatsApp-Image-2024-11-27-at-13.38.39-1-300x200.jpeg 300w, https:\/\/mem.gob.do\/wp-content\/uploads\/2024\/11\/WhatsApp-Image-2024-11-27-at-13.38.39-1-768x513.jpeg 768w, https:\/\/mem.gob.do\/wp-content\/uploads\/2024\/11\/WhatsApp-Image-2024-11-27-at-13.38.39-1-1536x1026.jpeg 1536w, https:\/\/mem.gob.do\/wp-content\/uploads\/2024\/11\/WhatsApp-Image-2024-11-27-at-13.38.39-1-2048x1368.jpeg 2048w\" alt=\"Rafael G\u00f3mez, viceministro de Energ\u00eda\" width=\"1024\" height=\"684\" \/><\/figure>\n<div class=\"wp-block-media-text__content\">\n<p>El evento incluy\u00f3 paneles como Retos actuales y tendencias en la transformaci\u00f3n energ\u00e9tica de RD\u201d, con la participaci\u00f3n de Rafael G\u00f3mez, viceministro de Energ\u00eda; Dalvin Castillo, director de Fiscalizaci\u00f3n del Mercado El\u00e9ctrico Mayorista de la SIE; Hansel Marte, director de Desarrollo de Negocios Huawei-RD; Vidal Rodr\u00edguez, CTO de InterEnergy; Alfonso Rodr\u00edguez, presidente de Asofer; y Ricardo Est\u00e9vez, director de Desarrollo de EGEHaina.<\/p>\n<\/div>\n<\/div>\n<p>Otro panel relevante fue \u201cEnerg\u00eda para el Futuro: oportunidades de inversi\u00f3n en almacenamiento de energ\u00eda\u201d, en el que participaron Chadia Abreu, asesora de Regulaci\u00f3n Energ\u00e9tica del MEM; Mercedes Arias, directora de Planificaci\u00f3n Estrat\u00e9gica de la ETED; Augusto Bello, gerente general de la AABI; Kaira Guerrero, gerente de Desarrollo de AES Dominicana; Luis Lerebours, gerente pa\u00eds de BAS Dominicana; y Jerome Aruamo, director pa\u00eds de Boyhues Construction.<\/p>\n<p>El encuentro cont\u00f3 tambi\u00e9n con la presencia de David Huang, CEO de Huawei; Edward Veras, director de la CNE; Manuel L\u00f3pez San Pablo, gerente general del OC; Fitzgerald Cantero, director de Estudios y Proyectos de Olade; Jacquelyn Nivar, directora de Gesti\u00f3n Social y Comunitaria; Gustavo Mej\u00eda Ricart, director de Relaciones Internacionales; George Reinoso, director de Punta Catalina; Jos\u00e9 Luis Actis, director de Edesur; Sergio Grull\u00f3n, miembro del Consejo de la SIE y Aura Caraballo, miembro del consejo de la SIE.<\/p>\n","protected":false},"excerpt":{"rendered":"<p>Rep\u00fablica Dominicana necesitar\u00e1 entre 250 a 400 MW en sistemas de almacenamiento de energ\u00eda para 2028 SANTO DOMINGO.\u00a0La Rep\u00fablica Dominicana necesitar\u00e1 alrededor 250 a 400 MW megavatios (MW) de capacidad&hellip; <\/p>\n","protected":false},"author":2,"featured_media":55683,"comment_status":"closed","ping_status":"closed","sticky":false,"template":"","format":"standard","meta":{"fifu_image_url":"https:\/\/mem.gob.do\/wp-content\/uploads\/2024\/11\/WhatsApp-Image-2024-11-27-at-13.38.38-scaled.jpeg","fifu_image_alt":"","footnotes":""},"categories":[182],"tags":[],"class_list":["post-55682","post","type-post","status-publish","format-standard","has-post-thumbnail","hentry","category-energia"],"_links":{"self":[{"href":"https:\/\/elmundodelosnegocios.com.do\/v1\/wp-json\/wp\/v2\/posts\/55682","targetHints":{"allow":["GET"]}}],"collection":[{"href":"https:\/\/elmundodelosnegocios.com.do\/v1\/wp-json\/wp\/v2\/posts"}],"about":[{"href":"https:\/\/elmundodelosnegocios.com.do\/v1\/wp-json\/wp\/v2\/types\/post"}],"author":[{"embeddable":true,"href":"https:\/\/elmundodelosnegocios.com.do\/v1\/wp-json\/wp\/v2\/users\/2"}],"replies":[{"embeddable":true,"href":"https:\/\/elmundodelosnegocios.com.do\/v1\/wp-json\/wp\/v2\/comments?post=55682"}],"version-history":[{"count":1,"href":"https:\/\/elmundodelosnegocios.com.do\/v1\/wp-json\/wp\/v2\/posts\/55682\/revisions"}],"predecessor-version":[{"id":55684,"href":"https:\/\/elmundodelosnegocios.com.do\/v1\/wp-json\/wp\/v2\/posts\/55682\/revisions\/55684"}],"wp:featuredmedia":[{"embeddable":true,"href":"https:\/\/elmundodelosnegocios.com.do\/v1\/wp-json\/wp\/v2\/media\/55683"}],"wp:attachment":[{"href":"https:\/\/elmundodelosnegocios.com.do\/v1\/wp-json\/wp\/v2\/media?parent=55682"}],"wp:term":[{"taxonomy":"category","embeddable":true,"href":"https:\/\/elmundodelosnegocios.com.do\/v1\/wp-json\/wp\/v2\/categories?post=55682"},{"taxonomy":"post_tag","embeddable":true,"href":"https:\/\/elmundodelosnegocios.com.do\/v1\/wp-json\/wp\/v2\/tags?post=55682"}],"curies":[{"name":"wp","href":"https:\/\/api.w.org\/{rel}","templated":true}]}}