{"id":55685,"date":"2024-12-01T17:38:49","date_gmt":"2024-12-01T22:08:49","guid":{"rendered":"https:\/\/www.elmundodelosnegocios.com.do\/v1\/?p=55685"},"modified":"2024-12-01T17:38:49","modified_gmt":"2024-12-01T22:08:49","slug":"banco-central-enciende-su-tradicional-arbol-de-navidad","status":"publish","type":"post","link":"https:\/\/elmundodelosnegocios.com.do\/v1\/banco-central-enciende-su-tradicional-arbol-de-navidad\/","title":{"rendered":"Banco Central enciende su tradicional \u00e1rbol de Navidad"},"content":{"rendered":"<p><span class=\"text-bolder-gb\">Santo Domingo. Rep\u00fablica Dominicana.<\/span>\u00a0El gobernador del Banco Central de la Rep\u00fablica Dominicana (BCRD), H\u00e9ctor Valdez Albizu, encabez\u00f3 la tradicional ceremonia del encendido del \u00e1rbol navide\u00f1o institucional, como parte de las actividades de integraci\u00f3n con motivo de la Navidad que realiza el BCRD.<\/p>\n<p><img loading=\"lazy\" decoding=\"async\" class=\"aligncenter size-full\" src=\"https:\/\/cdn.bancentral.gov.do\/documents\/sala-de-prensa\/noticias\/images\/bc20241129-2.jpg?v=1733090754094\" width=\"1800\" height=\"1200\" \/><\/p>\n<p>El \u00e1rbol, el Bel\u00e9n y las luces de los edificios del BCRD embellecen el entorno y motivan la atracci\u00f3n para los transe\u00fantes de la avenida Pedro Henr\u00edquez Ure\u00f1a, que comparten as\u00ed con los bancentralianos el esp\u00edritu de la Navidad que tradicionalmente se manifiesta entre los dominicanos.<\/p>\n<p><img loading=\"lazy\" decoding=\"async\" class=\"aligncenter size-full\" src=\"https:\/\/cdn.bancentral.gov.do\/documents\/sala-de-prensa\/noticias\/images\/bc20241129-10.jpg?v=1733090754094\" width=\"1620\" height=\"1080\" \/><\/p>\n<p>El propio gobernador contribuy\u00f3 a ese esp\u00edritu durante su discurso ceremonial, expresando que \u201ciluminar y contemplar este bello \u00e1rbol ornamental durante los d\u00edas navide\u00f1os en esta plaza tiene como finalidad la devoci\u00f3n al Ni\u00f1o Jes\u00fas, y a lo que signific\u00f3 para la humanidad\u201d.<\/p>\n<p>Asimismo, invit\u00f3 \u201ca la unidad, a la fraternidad, a la concordia, a la amistad y a venerar a Dios, que nos ofrece su amor omnipotente cada d\u00eda\u201d.<\/p>\n<p>La ceremonia del encendido congrega cada a\u00f1o a una multitud de bancentralianos y sus familias, con la entra\u00f1able presencia de ni\u00f1os que viven junto a sus padres el comienzo de una \u00e9poca de paz e ilusiones, a la vez que disfrutaron de un brindis de chocolate y jengibre, que contribuy\u00f3 a la convivencia animada durante la velada, que fue animada con villancicos interpretados por el Coro Bancentral.<\/p>\n<p>Durante el acto el gobernador estuvo acompa\u00f1ado de su esposa, Fior D\u2019Aliza Mart\u00ednez de Valdez; la vicegobernadora, Clarissa de la Rocha de Torres; el gerente, Ervin Novas Bello; el contralor, Jos\u00e9 Manuel Taveras Lay; el subgerente general, Frank Monta\u00f1o, as\u00ed como otros colaboradores de la instituci\u00f3n junto a sus familiares.<\/p>\n","protected":false},"excerpt":{"rendered":"<p>Santo Domingo. Rep\u00fablica Dominicana.\u00a0El gobernador del Banco Central de la Rep\u00fablica Dominicana (BCRD), H\u00e9ctor Valdez Albizu, encabez\u00f3 la tradicional ceremonia del encendido del \u00e1rbol navide\u00f1o institucional, como parte de las&hellip; <\/p>\n","protected":false},"author":2,"featured_media":55686,"comment_status":"closed","ping_status":"closed","sticky":false,"template":"","format":"standard","meta":{"fifu_image_url":"https:\/\/cdn.bancentral.gov.do\/documents\/sala-de-prensa\/noticias\/images\/bc20241129-1.jpg?v=1733090754094","fifu_image_alt":"","footnotes":""},"categories":[180],"tags":[],"class_list":["post-55685","post","type-post","status-publish","format-standard","has-post-thumbnail","hentry","category-banca"],"_links":{"self":[{"href":"https:\/\/elmundodelosnegocios.com.do\/v1\/wp-json\/wp\/v2\/posts\/55685","targetHints":{"allow":["GET"]}}],"collection":[{"href":"https:\/\/elmundodelosnegocios.com.do\/v1\/wp-json\/wp\/v2\/posts"}],"about":[{"href":"https:\/\/elmundodelosnegocios.com.do\/v1\/wp-json\/wp\/v2\/types\/post"}],"author":[{"embeddable":true,"href":"https:\/\/elmundodelosnegocios.com.do\/v1\/wp-json\/wp\/v2\/users\/2"}],"replies":[{"embeddable":true,"href":"https:\/\/elmundodelosnegocios.com.do\/v1\/wp-json\/wp\/v2\/comments?post=55685"}],"version-history":[{"count":1,"href":"https:\/\/elmundodelosnegocios.com.do\/v1\/wp-json\/wp\/v2\/posts\/55685\/revisions"}],"predecessor-version":[{"id":55687,"href":"https:\/\/elmundodelosnegocios.com.do\/v1\/wp-json\/wp\/v2\/posts\/55685\/revisions\/55687"}],"wp:featuredmedia":[{"embeddable":true,"href":"https:\/\/elmundodelosnegocios.com.do\/v1\/wp-json\/wp\/v2\/media\/55686"}],"wp:attachment":[{"href":"https:\/\/elmundodelosnegocios.com.do\/v1\/wp-json\/wp\/v2\/media?parent=55685"}],"wp:term":[{"taxonomy":"category","embeddable":true,"href":"https:\/\/elmundodelosnegocios.com.do\/v1\/wp-json\/wp\/v2\/categories?post=55685"},{"taxonomy":"post_tag","embeddable":true,"href":"https:\/\/elmundodelosnegocios.com.do\/v1\/wp-json\/wp\/v2\/tags?post=55685"}],"curies":[{"name":"wp","href":"https:\/\/api.w.org\/{rel}","templated":true}]}}