{"id":55696,"date":"2024-12-02T16:58:53","date_gmt":"2024-12-02T21:28:53","guid":{"rendered":"https:\/\/www.elmundodelosnegocios.com.do\/v1\/?p=55696"},"modified":"2024-12-02T16:58:53","modified_gmt":"2024-12-02T21:28:53","slug":"banco-adopem-y-bid-presentan-la-plataforma-digital-crece-con-adopem-para-empoderar-a-emprendedoras-dominicanas","status":"publish","type":"post","link":"https:\/\/elmundodelosnegocios.com.do\/v1\/banco-adopem-y-bid-presentan-la-plataforma-digital-crece-con-adopem-para-empoderar-a-emprendedoras-dominicanas\/","title":{"rendered":"Banco Adopem y BID presentan la Plataforma Digital \u201cCrece con Adopem\u201d para empoderar a emprendedoras dominicanas"},"content":{"rendered":"<p><em>En un esfuerzo por reducir la brecha digital y potenciar el desarrollo econ\u00f3mico de las mujeres emprendedoras, el Banco Adopem, junto al Banco Interamericano de Desarrollo (BID) y su laboratorio de innovaci\u00f3n BID Lab, lanzaron oficialmente la plataforma digital\u00a0<strong>\u201cCrece con Adopem\u201d<\/strong>. Este proyecto se enmarca dentro de la iniciativa\u00a0<strong>Comunidad Emprendedora Digital<\/strong>, que busca capacitar y digitalizar a\u00a0<strong>5,000 emprendedoras en tres a\u00f1os<\/strong>.<\/em><\/p>\n<p><a href=\"http:\/\/elmundodelosnegocios.com.do\/v1\/wp-content\/uploads\/2024\/12\/IMG_3996.jpeg\"><img loading=\"lazy\" decoding=\"async\" class=\"aligncenter size-full wp-image-55697\" src=\"http:\/\/elmundodelosnegocios.com.do\/v1\/wp-content\/uploads\/2024\/12\/IMG_3996.jpeg\" alt=\"\" width=\"1200\" height=\"960\" srcset=\"https:\/\/elmundodelosnegocios.com.do\/v1\/wp-content\/uploads\/2024\/12\/IMG_3996.jpeg 1200w, https:\/\/elmundodelosnegocios.com.do\/v1\/wp-content\/uploads\/2024\/12\/IMG_3996-300x240.jpeg 300w, https:\/\/elmundodelosnegocios.com.do\/v1\/wp-content\/uploads\/2024\/12\/IMG_3996-1024x819.jpeg 1024w, https:\/\/elmundodelosnegocios.com.do\/v1\/wp-content\/uploads\/2024\/12\/IMG_3996-768x614.jpeg 768w\" sizes=\"auto, (max-width: 1200px) 100vw, 1200px\" \/><\/a><\/p>\n<p><strong>Un modelo innovador para la inclusi\u00f3n digital<\/strong><\/p>\n<p>Mercedes Canalda de Beras-Goico, presidenta ejecutiva de Banco Adopem, destac\u00f3 que esta plataforma educativa, dise\u00f1ada espec\u00edficamente para mujeres emprendedoras, no solo proporciona herramientas formativas y acceso a financiamiento, sino que tambi\u00e9n crea una\u00a0<strong>comunidad de apoyo y aprendizaje<\/strong>.<\/p>\n<figure class=\"wp-block-image size-large\"><a href=\"https:\/\/diariosocialrd.com\/wp-content\/uploads\/2024\/12\/IMG_3997.jpeg\" data-rel=\"penci-gallery-image-content\"><img loading=\"lazy\" decoding=\"async\" class=\"wp-image-217403 aligncenter\" src=\"https:\/\/diariosocialrd.com\/wp-content\/uploads\/2024\/12\/IMG_3997-1024x819.jpeg\" sizes=\"auto, (max-width: 1024px) 100vw, 1024px\" srcset=\"https:\/\/diariosocialrd.com\/wp-content\/uploads\/2024\/12\/IMG_3997-1024x819.jpeg 1024w, https:\/\/diariosocialrd.com\/wp-content\/uploads\/2024\/12\/IMG_3997-300x240.jpeg 300w, https:\/\/diariosocialrd.com\/wp-content\/uploads\/2024\/12\/IMG_3997-768x614.jpeg 768w, https:\/\/diariosocialrd.com\/wp-content\/uploads\/2024\/12\/IMG_3997-1170x936.jpeg 1170w, https:\/\/diariosocialrd.com\/wp-content\/uploads\/2024\/12\/IMG_3997-585x468.jpeg 585w, https:\/\/diariosocialrd.com\/wp-content\/uploads\/2024\/12\/IMG_3997.jpeg 1200w\" alt=\"\" width=\"1024\" height=\"819\" \/><\/a><\/figure>\n<p><em>\u00abQueremos asegurarnos de que nuestras empresarias tengan el acceso y los conocimientos necesarios para aprovechar el potencial transformador de la tecnolog\u00eda, cerrando brechas y creando oportunidades econ\u00f3micas sostenibles\u00bb,<\/em>\u00a0expres\u00f3 Canalda de Beras-Goico.<\/p>\n<p>Por su parte, Miguel Baruzze, jefe de operaciones del BID, enfatiz\u00f3 el compromiso de la instituci\u00f3n con la equidad de g\u00e9nero como un pilar para el desarrollo inclusivo.<\/p>\n<figure class=\"wp-block-image size-large\"><a href=\"https:\/\/diariosocialrd.com\/wp-content\/uploads\/2024\/12\/IMG_3998.jpeg\" data-rel=\"penci-gallery-image-content\"><img loading=\"lazy\" decoding=\"async\" class=\"wp-image-217402 aligncenter\" src=\"https:\/\/diariosocialrd.com\/wp-content\/uploads\/2024\/12\/IMG_3998-1024x682.jpeg\" sizes=\"auto, (max-width: 1024px) 100vw, 1024px\" srcset=\"https:\/\/diariosocialrd.com\/wp-content\/uploads\/2024\/12\/IMG_3998-1024x682.jpeg 1024w, https:\/\/diariosocialrd.com\/wp-content\/uploads\/2024\/12\/IMG_3998-300x200.jpeg 300w, https:\/\/diariosocialrd.com\/wp-content\/uploads\/2024\/12\/IMG_3998-768x512.jpeg 768w, https:\/\/diariosocialrd.com\/wp-content\/uploads\/2024\/12\/IMG_3998-1170x780.jpeg 1170w, https:\/\/diariosocialrd.com\/wp-content\/uploads\/2024\/12\/IMG_3998-585x390.jpeg 585w, https:\/\/diariosocialrd.com\/wp-content\/uploads\/2024\/12\/IMG_3998-263x175.jpeg 263w, https:\/\/diariosocialrd.com\/wp-content\/uploads\/2024\/12\/IMG_3998.jpeg 1280w\" alt=\"\" width=\"1024\" height=\"682\" \/><\/a><\/figure>\n<p><strong>Caracter\u00edsticas destacadas de \u201cCrece con Adopem\u201d<\/strong><\/p>\n<p>La plataforma se distingue por integrar:<\/p>\n<ul>\n<li><strong>M\u00e1s de 105 cursos especializados<\/strong>\u00a0en \u00e1reas clave como Nivelaci\u00f3n Digital, Educaci\u00f3n Financiera, Marketing Digital, Fortalecimiento Empresarial y Liderazgo.<\/li>\n<li><strong>Autodiagn\u00f3stico personalizado<\/strong>\u00a0para crear rutas de aprendizaje adaptadas a las necesidades de cada emprendedora.<\/li>\n<li><strong>Gamificaci\u00f3n<\/strong>\u00a0como estrategia de motivaci\u00f3n, con logros, insignias y certificados al completar m\u00f3dulos educativos.<\/li>\n<li><strong>Foro Caf\u00e9<\/strong>, una red colaborativa donde las participantes pueden compartir experiencias y buenas pr\u00e1cticas.<\/li>\n<li>Opciones de\u00a0<strong>financiamiento dise\u00f1adas<\/strong>\u00a0espec\u00edficamente para apoyar los negocios de las emprendedoras.<\/li>\n<\/ul>\n<p><strong>Impacto tangible<\/strong><\/p>\n<p>Con una inversi\u00f3n de\u00a0<strong>800 mil d\u00f3lares<\/strong>\u00a0(cofinanciada por BID Lab y Banco Adopem), el proyecto ha logrado capacitar a m\u00e1s de\u00a0<strong>3,000 emprendedoras<\/strong>\u00a0y registrar a\u00a0<strong>2,700 usuarias<\/strong>\u00a0en la plataforma, en su segundo a\u00f1o de ejecuci\u00f3n.<\/p>\n<p>La plataforma est\u00e1 disponible de manera gratuita y abierta a todas las mujeres interesadas en desarrollar sus habilidades empresariales, ofreciendo una soluci\u00f3n accesible y transformadora para fomentar la inclusi\u00f3n digital y la sostenibilidad de sus negocios.<\/p>\n<p><strong>Compromiso con el desarrollo inclusivo<\/strong><\/p>\n<p>El evento de lanzamiento, celebrado en Santo Domingo, cont\u00f3 con la participaci\u00f3n de directivos del sector financiero, representantes de instituciones y emprendedoras beneficiarias, quienes reconocieron el impacto positivo de esta iniciativa en las micro y peque\u00f1as empresas dominicanas.<\/p>\n<p>Con\u00a0<strong>\u201cCrece con Adopem\u201d<\/strong>, el Banco Adopem reafirma su misi\u00f3n de liderar iniciativas sociales que mejoren la calidad de vida de las familias dominicanas y promuevan la equidad digital, generando un cambio positivo y sostenible en las comunidades del pa\u00eds.<\/p>\n","protected":false},"excerpt":{"rendered":"<p>En un esfuerzo por reducir la brecha digital y potenciar el desarrollo econ\u00f3mico de las mujeres emprendedoras, el Banco Adopem, junto al Banco Interamericano de Desarrollo (BID) y su laboratorio&hellip; <\/p>\n","protected":false},"author":2,"featured_media":55697,"comment_status":"closed","ping_status":"closed","sticky":false,"template":"","format":"standard","meta":{"fifu_image_url":"","fifu_image_alt":"","footnotes":""},"categories":[180],"tags":[],"class_list":["post-55696","post","type-post","status-publish","format-standard","has-post-thumbnail","hentry","category-banca"],"_links":{"self":[{"href":"https:\/\/elmundodelosnegocios.com.do\/v1\/wp-json\/wp\/v2\/posts\/55696","targetHints":{"allow":["GET"]}}],"collection":[{"href":"https:\/\/elmundodelosnegocios.com.do\/v1\/wp-json\/wp\/v2\/posts"}],"about":[{"href":"https:\/\/elmundodelosnegocios.com.do\/v1\/wp-json\/wp\/v2\/types\/post"}],"author":[{"embeddable":true,"href":"https:\/\/elmundodelosnegocios.com.do\/v1\/wp-json\/wp\/v2\/users\/2"}],"replies":[{"embeddable":true,"href":"https:\/\/elmundodelosnegocios.com.do\/v1\/wp-json\/wp\/v2\/comments?post=55696"}],"version-history":[{"count":1,"href":"https:\/\/elmundodelosnegocios.com.do\/v1\/wp-json\/wp\/v2\/posts\/55696\/revisions"}],"predecessor-version":[{"id":55698,"href":"https:\/\/elmundodelosnegocios.com.do\/v1\/wp-json\/wp\/v2\/posts\/55696\/revisions\/55698"}],"wp:featuredmedia":[{"embeddable":true,"href":"https:\/\/elmundodelosnegocios.com.do\/v1\/wp-json\/wp\/v2\/media\/55697"}],"wp:attachment":[{"href":"https:\/\/elmundodelosnegocios.com.do\/v1\/wp-json\/wp\/v2\/media?parent=55696"}],"wp:term":[{"taxonomy":"category","embeddable":true,"href":"https:\/\/elmundodelosnegocios.com.do\/v1\/wp-json\/wp\/v2\/categories?post=55696"},{"taxonomy":"post_tag","embeddable":true,"href":"https:\/\/elmundodelosnegocios.com.do\/v1\/wp-json\/wp\/v2\/tags?post=55696"}],"curies":[{"name":"wp","href":"https:\/\/api.w.org\/{rel}","templated":true}]}}