{"id":55699,"date":"2024-12-02T17:02:26","date_gmt":"2024-12-02T21:32:26","guid":{"rendered":"https:\/\/www.elmundodelosnegocios.com.do\/v1\/?p=55699"},"modified":"2024-12-02T17:02:26","modified_gmt":"2024-12-02T21:32:26","slug":"the-spa-en-puntacana-resort-innovacion-y-bienestar-integral-para-propietarios-y-huespedes","status":"publish","type":"post","link":"https:\/\/elmundodelosnegocios.com.do\/v1\/the-spa-en-puntacana-resort-innovacion-y-bienestar-integral-para-propietarios-y-huespedes\/","title":{"rendered":"The Spa en Puntacana Resort: Innovaci\u00f3n y bienestar integral para propietarios y hu\u00e9spedes"},"content":{"rendered":"<p><em>Puntacana Resort ampl\u00eda su oferta de lujo con la apertura de\u00a0<strong>The Spa<\/strong>, un exclusivo espacio que redefine la experiencia de salud y bienestar. Dise\u00f1ado para propietarios y hu\u00e9spedes, The Spa combina ciencia avanzada con un enfoque intuitivo y humano, ofreciendo servicios personalizados que promueven un equilibrio integral entre cuerpo y mente.<\/em><\/p>\n<p><a href=\"http:\/\/elmundodelosnegocios.com.do\/v1\/wp-content\/uploads\/2024\/12\/IMG_4012-scaled-1.jpeg\"><img loading=\"lazy\" decoding=\"async\" class=\"aligncenter size-full wp-image-55700\" src=\"http:\/\/elmundodelosnegocios.com.do\/v1\/wp-content\/uploads\/2024\/12\/IMG_4012-scaled-1.jpeg\" alt=\"\" width=\"2560\" height=\"1708\" srcset=\"https:\/\/elmundodelosnegocios.com.do\/v1\/wp-content\/uploads\/2024\/12\/IMG_4012-scaled-1.jpeg 2560w, https:\/\/elmundodelosnegocios.com.do\/v1\/wp-content\/uploads\/2024\/12\/IMG_4012-scaled-1-300x200.jpeg 300w, https:\/\/elmundodelosnegocios.com.do\/v1\/wp-content\/uploads\/2024\/12\/IMG_4012-scaled-1-1024x683.jpeg 1024w, https:\/\/elmundodelosnegocios.com.do\/v1\/wp-content\/uploads\/2024\/12\/IMG_4012-scaled-1-768x512.jpeg 768w, https:\/\/elmundodelosnegocios.com.do\/v1\/wp-content\/uploads\/2024\/12\/IMG_4012-scaled-1-1536x1025.jpeg 1536w, https:\/\/elmundodelosnegocios.com.do\/v1\/wp-content\/uploads\/2024\/12\/IMG_4012-scaled-1-2048x1366.jpeg 2048w\" sizes=\"auto, (max-width: 2560px) 100vw, 2560px\" \/><\/a><\/p>\n<p>El amplio men\u00fa de tratamientos incluye opciones como masajes prenatales, faciales con ingredientes naturales, exfoliaciones con coco y uva de mar, tratamientos anticelulitis, sonoterapia, meditaci\u00f3n y servicios de belleza. Estos se desarrollan en ambientes privados y \u00e1reas acondicionadas para experiencias en pareja, brindando un nivel de confort que busca la relajaci\u00f3n total.<\/p>\n<figure class=\"wp-block-image size-large\"><a href=\"https:\/\/diariosocialrd.com\/wp-content\/uploads\/2024\/12\/IMG_4014.jpeg\" data-rel=\"penci-gallery-image-content\"><img loading=\"lazy\" decoding=\"async\" class=\"wp-image-217444 aligncenter\" src=\"https:\/\/diariosocialrd.com\/wp-content\/uploads\/2024\/12\/IMG_4014-1024x644.jpeg\" sizes=\"auto, (max-width: 1024px) 100vw, 1024px\" srcset=\"https:\/\/diariosocialrd.com\/wp-content\/uploads\/2024\/12\/IMG_4014-1024x644.jpeg 1024w, https:\/\/diariosocialrd.com\/wp-content\/uploads\/2024\/12\/IMG_4014-300x189.jpeg 300w, https:\/\/diariosocialrd.com\/wp-content\/uploads\/2024\/12\/IMG_4014-768x483.jpeg 768w, https:\/\/diariosocialrd.com\/wp-content\/uploads\/2024\/12\/IMG_4014-1170x736.jpeg 1170w, https:\/\/diariosocialrd.com\/wp-content\/uploads\/2024\/12\/IMG_4014-585x368.jpeg 585w, https:\/\/diariosocialrd.com\/wp-content\/uploads\/2024\/12\/IMG_4014.jpeg 1500w\" alt=\"\" width=\"1024\" height=\"644\" \/><\/a><\/figure>\n<p><strong>Katia Cuya<\/strong>, gerente de The Spa, explic\u00f3 que el enfoque hol\u00edstico del equipo se centra en soluciones adaptadas a las necesidades individuales de cada cliente. \u201cNos enorgullece integrar conocimientos cient\u00edficos avanzados con la sabidur\u00eda intuitiva para ofrecer experiencias \u00fanicas. Nuestro objetivo no es solo la relajaci\u00f3n, sino la regeneraci\u00f3n completa y el bienestar integral,\u201d afirm\u00f3 Cuya.<\/p>\n<p>Entre los espacios del spa destacan \u00e1reas dise\u00f1adas para maximizar la comodidad y la tranquilidad, con un equipo de profesionales altamente capacitados que garantizan una experiencia transformadora.<\/p>\n<figure class=\"wp-block-image size-large\"><a href=\"https:\/\/diariosocialrd.com\/wp-content\/uploads\/2024\/12\/IMG_4013.jpeg\" data-rel=\"penci-gallery-image-content\"><img loading=\"lazy\" decoding=\"async\" class=\"wp-image-217445 aligncenter\" src=\"https:\/\/diariosocialrd.com\/wp-content\/uploads\/2024\/12\/IMG_4013-1024x711.jpeg\" sizes=\"auto, (max-width: 1024px) 100vw, 1024px\" srcset=\"https:\/\/diariosocialrd.com\/wp-content\/uploads\/2024\/12\/IMG_4013-1024x711.jpeg 1024w, https:\/\/diariosocialrd.com\/wp-content\/uploads\/2024\/12\/IMG_4013-300x208.jpeg 300w, https:\/\/diariosocialrd.com\/wp-content\/uploads\/2024\/12\/IMG_4013-768x533.jpeg 768w, https:\/\/diariosocialrd.com\/wp-content\/uploads\/2024\/12\/IMG_4013-1170x812.jpeg 1170w, https:\/\/diariosocialrd.com\/wp-content\/uploads\/2024\/12\/IMG_4013-585x406.jpeg 585w, https:\/\/diariosocialrd.com\/wp-content\/uploads\/2024\/12\/IMG_4013.jpeg 1500w\" alt=\"\" width=\"1024\" height=\"711\" \/><\/a><\/figure>\n<h3 class=\"wp-block-heading\"><strong>Puntacana Resort: L\u00edder en turismo de lujo en el Caribe<\/strong><\/h3>\n<p>Con m\u00e1s de 50 a\u00f1os de historia, Puntacana Resort se posiciona como un referente del turismo de lujo en la Rep\u00fablica Dominicana. Este exclusivo destino de baja densidad cuenta con tres millas de playas de arena blanca, 45 hoyos de golf de clase mundial, y es sede del primer PGA Tour del pa\u00eds.<\/p>\n<p>Entre sus instalaciones destacan la Reserva Ecol\u00f3gica Ojos Ind\u00edgenas, el Centro de Tenis Oscar de la Renta, y hoteles ic\u00f3nicos como\u00a0<strong>Tortuga Bay<\/strong>,\u00a0<strong>The Westin Puntacana<\/strong>, y\u00a0<strong>Four Points by Sheraton Puntacana Village<\/strong>.<\/p>\n<h3 class=\"wp-block-heading\"><strong>Conectividad y m\u00e1s informaci\u00f3n<\/strong><\/h3>\n<p>Ubicado a minutos del Aeropuerto Internacional de Punta Cana, el resort es un santuario para quienes buscan exclusividad y conexi\u00f3n con la naturaleza.<\/p>\n<p><strong>Redes sociales:<\/strong><\/p>\n<ul>\n<li>Instagram:\u00a0<a href=\"https:\/\/instagram.com\/puntacanaresort\">@puntacanaresort<\/a><\/li>\n<li>Facebook:\u00a0<a href=\"https:\/\/facebook.com\/Puntacanaresortandclub\">@Puntacanaresortandclub<\/a><br \/>\n<strong>Web:<\/strong>\u00a0<a href=\"https:\/\/www.puntacana.com\/\">www.puntacana.com<\/a><\/li>\n<\/ul>\n<p>The Spa se posiciona como una invitaci\u00f3n a la relajaci\u00f3n y la renovaci\u00f3n en un entorno paradis\u00edaco, reafirmando el compromiso del Puntacana Resort con el bienestar y el lujo.<\/p>\n","protected":false},"excerpt":{"rendered":"<p>Puntacana Resort ampl\u00eda su oferta de lujo con la apertura de\u00a0The Spa, un exclusivo espacio que redefine la experiencia de salud y bienestar. Dise\u00f1ado para propietarios y hu\u00e9spedes, The Spa&hellip; <\/p>\n","protected":false},"author":2,"featured_media":55700,"comment_status":"closed","ping_status":"closed","sticky":false,"template":"","format":"standard","meta":{"fifu_image_url":"","fifu_image_alt":"","footnotes":""},"categories":[172],"tags":[],"class_list":["post-55699","post","type-post","status-publish","format-standard","has-post-thumbnail","hentry","category-turismo"],"_links":{"self":[{"href":"https:\/\/elmundodelosnegocios.com.do\/v1\/wp-json\/wp\/v2\/posts\/55699","targetHints":{"allow":["GET"]}}],"collection":[{"href":"https:\/\/elmundodelosnegocios.com.do\/v1\/wp-json\/wp\/v2\/posts"}],"about":[{"href":"https:\/\/elmundodelosnegocios.com.do\/v1\/wp-json\/wp\/v2\/types\/post"}],"author":[{"embeddable":true,"href":"https:\/\/elmundodelosnegocios.com.do\/v1\/wp-json\/wp\/v2\/users\/2"}],"replies":[{"embeddable":true,"href":"https:\/\/elmundodelosnegocios.com.do\/v1\/wp-json\/wp\/v2\/comments?post=55699"}],"version-history":[{"count":1,"href":"https:\/\/elmundodelosnegocios.com.do\/v1\/wp-json\/wp\/v2\/posts\/55699\/revisions"}],"predecessor-version":[{"id":55701,"href":"https:\/\/elmundodelosnegocios.com.do\/v1\/wp-json\/wp\/v2\/posts\/55699\/revisions\/55701"}],"wp:featuredmedia":[{"embeddable":true,"href":"https:\/\/elmundodelosnegocios.com.do\/v1\/wp-json\/wp\/v2\/media\/55700"}],"wp:attachment":[{"href":"https:\/\/elmundodelosnegocios.com.do\/v1\/wp-json\/wp\/v2\/media?parent=55699"}],"wp:term":[{"taxonomy":"category","embeddable":true,"href":"https:\/\/elmundodelosnegocios.com.do\/v1\/wp-json\/wp\/v2\/categories?post=55699"},{"taxonomy":"post_tag","embeddable":true,"href":"https:\/\/elmundodelosnegocios.com.do\/v1\/wp-json\/wp\/v2\/tags?post=55699"}],"curies":[{"name":"wp","href":"https:\/\/api.w.org\/{rel}","templated":true}]}}