{"id":55721,"date":"2024-12-02T17:47:51","date_gmt":"2024-12-02T22:17:51","guid":{"rendered":"https:\/\/www.elmundodelosnegocios.com.do\/v1\/?p=55721"},"modified":"2024-12-02T17:47:51","modified_gmt":"2024-12-02T22:17:51","slug":"aneih-reconoce-al-ministro-bisono-por-sus-aportes-a-favor-de-la-actividad-productiva-nacional","status":"publish","type":"post","link":"https:\/\/elmundodelosnegocios.com.do\/v1\/aneih-reconoce-al-ministro-bisono-por-sus-aportes-a-favor-de-la-actividad-productiva-nacional\/","title":{"rendered":"ANEIH reconoce al ministro Bison\u00f3 por sus aportes a favor de la actividad productiva nacional"},"content":{"rendered":"<p><b>Santo Domingo. \u2013<\/b>\u00a0La Asociaci\u00f3n Nacional de Empresas e Industrias Herrera (ANEIH), reconoci\u00f3 al ministro de Industria, Comercio y Mipymes, (MICM) V\u00edctor -Ito-Bison\u00f3, por su efectiva labor al frente del organismo que preside, y por los aportes que a trav\u00e9s de su ejercicio ha brindado a favor de la actividad productiva nacional.<\/p>\n<p><a href=\"http:\/\/elmundodelosnegocios.com.do\/v1\/wp-content\/uploads\/2024\/12\/ANEIH-reconoce-al-ministro-Ito-Bisono-por-su-efectiva-labor-en-el-MICM-01-rs-1024x494-1.jpeg\"><img loading=\"lazy\" decoding=\"async\" class=\"aligncenter size-full wp-image-55722\" src=\"http:\/\/elmundodelosnegocios.com.do\/v1\/wp-content\/uploads\/2024\/12\/ANEIH-reconoce-al-ministro-Ito-Bisono-por-su-efectiva-labor-en-el-MICM-01-rs-1024x494-1.jpeg\" alt=\"\" width=\"1024\" height=\"494\" srcset=\"https:\/\/elmundodelosnegocios.com.do\/v1\/wp-content\/uploads\/2024\/12\/ANEIH-reconoce-al-ministro-Ito-Bisono-por-su-efectiva-labor-en-el-MICM-01-rs-1024x494-1.jpeg 1024w, https:\/\/elmundodelosnegocios.com.do\/v1\/wp-content\/uploads\/2024\/12\/ANEIH-reconoce-al-ministro-Ito-Bisono-por-su-efectiva-labor-en-el-MICM-01-rs-1024x494-1-300x145.jpeg 300w, https:\/\/elmundodelosnegocios.com.do\/v1\/wp-content\/uploads\/2024\/12\/ANEIH-reconoce-al-ministro-Ito-Bisono-por-su-efectiva-labor-en-el-MICM-01-rs-1024x494-1-768x371.jpeg 768w\" sizes=\"auto, (max-width: 1024px) 100vw, 1024px\" \/><\/a><\/p>\n<p><img loading=\"lazy\" decoding=\"async\" class=\"alignright size-medium wp-image-78730\" src=\"https:\/\/micm.gob.do\/wp-content\/uploads\/2024\/12\/ANEIH-reconoce-al-ministro-Ito-Bisono-por-su-efectiva-labor-en-el-MICM-02-300x200.jpeg\" sizes=\"auto, (max-width: 300px) 100vw, 300px\" srcset=\"https:\/\/micm.gob.do\/wp-content\/uploads\/2024\/12\/ANEIH-reconoce-al-ministro-Ito-Bisono-por-su-efectiva-labor-en-el-MICM-02-300x200.jpeg 300w, https:\/\/micm.gob.do\/wp-content\/uploads\/2024\/12\/ANEIH-reconoce-al-ministro-Ito-Bisono-por-su-efectiva-labor-en-el-MICM-02-768x513.jpeg 768w, https:\/\/micm.gob.do\/wp-content\/uploads\/2024\/12\/ANEIH-reconoce-al-ministro-Ito-Bisono-por-su-efectiva-labor-en-el-MICM-02.jpeg 900w\" alt=\"\" width=\"300\" height=\"200\" \/><\/p>\n<p>El acto de entrega tuvo lugar en la sede de la ANEIH, donde el ministro Bison\u00f3 agradeci\u00f3 la distinci\u00f3n, al tiempo de renovar su compromiso con el desarrollo empresarial e industrial nacional.<\/p>\n<p>\u201cRecibo este reconocimiento con mucha humildad en nombre del equipo que me acompa\u00f1a en el Ministerio de Industria Comercio y Mipymes, quienes son los responsables de las metas y los logros que nos hemos trazado\u201d, dijo Bison\u00f3.<\/p>\n<p>Para el ministro Bison\u00f3 es un compromiso seguir apoyando al sector industrial, y por eso, anunci\u00f3 la creaci\u00f3n de un fondo especial, a trav\u00e9s del Banco Nacional de las Exportaciones (BANDEX) destinado a las micro, peque\u00f1as y medianas empresas (Mipymes) para darles m\u00e1s estabilidad y puedan salir adelante.<\/p>\n<p>\u201cCada d\u00eda estamos m\u00e1s conscientes y satisfechos del apoyo que se le ha dado en esta gesti\u00f3n por ejecuci\u00f3n del presidente y del MICM al sector mipyme\u201d, dijo el ministro.<img loading=\"lazy\" decoding=\"async\" class=\"size-medium wp-image-78731 alignleft\" src=\"https:\/\/micm.gob.do\/wp-content\/uploads\/2024\/12\/ANEIH-reconoce-al-ministro-Ito-Bisono-por-su-efectiva-labor-en-el-MICM-03-300x200.jpeg\" sizes=\"auto, (max-width: 300px) 100vw, 300px\" srcset=\"https:\/\/micm.gob.do\/wp-content\/uploads\/2024\/12\/ANEIH-reconoce-al-ministro-Ito-Bisono-por-su-efectiva-labor-en-el-MICM-03-300x200.jpeg 300w, https:\/\/micm.gob.do\/wp-content\/uploads\/2024\/12\/ANEIH-reconoce-al-ministro-Ito-Bisono-por-su-efectiva-labor-en-el-MICM-03-768x513.jpeg 768w, https:\/\/micm.gob.do\/wp-content\/uploads\/2024\/12\/ANEIH-reconoce-al-ministro-Ito-Bisono-por-su-efectiva-labor-en-el-MICM-03.jpeg 900w\" alt=\"\" width=\"300\" height=\"200\" \/><\/p>\n<p>De su lado, el presidente de ANEIH, Euri And\u00fajar dijo que para esta entidad es un honor reconocer la destacada gesti\u00f3n de Bison\u00f3 en el Ministerio de Industria, y el impacto positivo de su liderazgo apoyando \u201ca nuestras empresas en su camino hacia la sostenibilidad y la competitividad global\u201d.<\/p>\n<p>Afirm\u00f3, que la gesti\u00f3n del ministro Bison\u00f3 ha marcado un antes y un despu\u00e9s para las empresas e industrias congregadas en la ANEIH, contribuyendo a generar nuevas oportunidades de crecimiento y consolidando la confianza del sector empresarial.<\/p>\n","protected":false},"excerpt":{"rendered":"<p>Santo Domingo. \u2013\u00a0La Asociaci\u00f3n Nacional de Empresas e Industrias Herrera (ANEIH), reconoci\u00f3 al ministro de Industria, Comercio y Mipymes, (MICM) V\u00edctor -Ito-Bison\u00f3, por su efectiva labor al frente del organismo&hellip; <\/p>\n","protected":false},"author":2,"featured_media":55722,"comment_status":"closed","ping_status":"closed","sticky":false,"template":"","format":"standard","meta":{"fifu_image_url":"","fifu_image_alt":"","footnotes":""},"categories":[154],"tags":[],"class_list":["post-55721","post","type-post","status-publish","format-standard","has-post-thumbnail","hentry","category-industria"],"_links":{"self":[{"href":"https:\/\/elmundodelosnegocios.com.do\/v1\/wp-json\/wp\/v2\/posts\/55721","targetHints":{"allow":["GET"]}}],"collection":[{"href":"https:\/\/elmundodelosnegocios.com.do\/v1\/wp-json\/wp\/v2\/posts"}],"about":[{"href":"https:\/\/elmundodelosnegocios.com.do\/v1\/wp-json\/wp\/v2\/types\/post"}],"author":[{"embeddable":true,"href":"https:\/\/elmundodelosnegocios.com.do\/v1\/wp-json\/wp\/v2\/users\/2"}],"replies":[{"embeddable":true,"href":"https:\/\/elmundodelosnegocios.com.do\/v1\/wp-json\/wp\/v2\/comments?post=55721"}],"version-history":[{"count":1,"href":"https:\/\/elmundodelosnegocios.com.do\/v1\/wp-json\/wp\/v2\/posts\/55721\/revisions"}],"predecessor-version":[{"id":55723,"href":"https:\/\/elmundodelosnegocios.com.do\/v1\/wp-json\/wp\/v2\/posts\/55721\/revisions\/55723"}],"wp:featuredmedia":[{"embeddable":true,"href":"https:\/\/elmundodelosnegocios.com.do\/v1\/wp-json\/wp\/v2\/media\/55722"}],"wp:attachment":[{"href":"https:\/\/elmundodelosnegocios.com.do\/v1\/wp-json\/wp\/v2\/media?parent=55721"}],"wp:term":[{"taxonomy":"category","embeddable":true,"href":"https:\/\/elmundodelosnegocios.com.do\/v1\/wp-json\/wp\/v2\/categories?post=55721"},{"taxonomy":"post_tag","embeddable":true,"href":"https:\/\/elmundodelosnegocios.com.do\/v1\/wp-json\/wp\/v2\/tags?post=55721"}],"curies":[{"name":"wp","href":"https:\/\/api.w.org\/{rel}","templated":true}]}}