{"id":55753,"date":"2024-12-03T09:56:57","date_gmt":"2024-12-03T14:26:57","guid":{"rendered":"https:\/\/www.elmundodelosnegocios.com.do\/v1\/?p=55753"},"modified":"2024-12-03T09:56:57","modified_gmt":"2024-12-03T14:26:57","slug":"llama-campana-mundial-sida-proteger-derechos-humanos-erradicar-vih","status":"publish","type":"post","link":"https:\/\/elmundodelosnegocios.com.do\/v1\/llama-campana-mundial-sida-proteger-derechos-humanos-erradicar-vih\/","title":{"rendered":"Llama campa\u00f1a mundial Sida proteger derechos humanos erradicar VIH"},"content":{"rendered":"<p><b><i>ONUSIDA resalta que la campa\u00f1a se mantendr\u00e1 durante todo el a\u00f1o y est\u00e1 basada en la premisa de que es posible erradicar el VIH como una amenaza a la salud p\u00fablica para el a\u00f1o 2030<\/i><\/b><\/p>\n<p><b>Santo Domingo.-<\/b><span style=\"font-weight: 400;\">\u00a0 Al conmemorarse el D\u00eda Mundial del SIDA 2024, el Programa Conjunto de las Naciones Unidas sobre VIH\/SIDA (ONUSIDA) invita a los diversos sectores de la sociedad a unirse a la campa\u00f1a \u00abSigue el Camino de los Derechos\u00bb y que tiene el objetivo de transmitir el mensaje de que el mundo puede erradicar esta enfermedad si se protegen los derechos de todas las personas.<\/span><\/p>\n<p><a href=\"http:\/\/elmundodelosnegocios.com.do\/v1\/wp-content\/uploads\/2024\/12\/Rights_path_1_sp.png\"><img loading=\"lazy\" decoding=\"async\" class=\"aligncenter size-full wp-image-55755\" src=\"http:\/\/elmundodelosnegocios.com.do\/v1\/wp-content\/uploads\/2024\/12\/Rights_path_1_sp.png\" alt=\"\" width=\"1080\" height=\"608\" srcset=\"https:\/\/elmundodelosnegocios.com.do\/v1\/wp-content\/uploads\/2024\/12\/Rights_path_1_sp.png 1080w, https:\/\/elmundodelosnegocios.com.do\/v1\/wp-content\/uploads\/2024\/12\/Rights_path_1_sp-300x169.png 300w, https:\/\/elmundodelosnegocios.com.do\/v1\/wp-content\/uploads\/2024\/12\/Rights_path_1_sp-1024x576.png 1024w, https:\/\/elmundodelosnegocios.com.do\/v1\/wp-content\/uploads\/2024\/12\/Rights_path_1_sp-768x432.png 768w\" sizes=\"auto, (max-width: 1080px) 100vw, 1080px\" \/><\/a><\/p>\n<p><span style=\"font-weight: 400;\">La campa\u00f1a mundial, que se mantendr\u00e1 todo el a\u00f1o, se basa en la premisa de que, al colocar los derechos humanos en el centro y con las comunidades liderando la respuesta, es posible erradicar el VIH como una amenaza a la salud p\u00fablica para el a\u00f1o 2030, y reafirma la necesidad de que los l\u00edderes mundiales se unan a esta causa.<\/span><\/p>\n<p><span style=\"font-weight: 400;\">Bethania Betances, directora de ONUSIDA en la Rep\u00fablica Dominicana, sostuvo que los avances significativos en los esfuerzos globales para mejorar el acceso a la prevenci\u00f3n, al diagn\u00f3stico y al tratamiento para el VIH han sido impulsados por el respeto a los derechos fundamentales de las personas, especialmente de las m\u00e1s excluidas y marginadas.<\/span><\/p>\n<p><span style=\"font-weight: 400;\">Agradeci\u00f3 a las instituciones gubernamentales y de la sociedad civil de la respuesta nacional al VIH el gran apoyo que han ofrecido a la campa\u00f1a.<\/span><\/p>\n<p><span style=\"font-weight: 400;\">Destac\u00f3 que, en Rep\u00fablica Dominicana, gracias a una respuesta gubernamental efectiva, la mayor\u00eda de la poblaci\u00f3n que vive con el VIH recibe el tratamiento antirretroviral de forma gratuita.<\/span><\/p>\n<p><span style=\"font-weight: 400;\">Resalt\u00f3 que, producto de los esfuerzos del gobierno dominicano, en los \u00faltimos 10 a\u00f1os se logr\u00f3 una reducci\u00f3n del 54 por ciento en las muertes asociadas al sida en el pa\u00eds.<\/span><\/p>\n<p><span style=\"font-weight: 400;\">Afirm\u00f3 que la campa\u00f1a \u00abSigue el Camino de los Derechos\u00bb invita a todos a reflexionar sobre c\u00f3mo, mediante pol\u00edticas inclusivas y justas, podemos garantizar que el acceso a la prevenci\u00f3n, las pruebas y el tratamiento para el VIH llegue a todos, sin exclusi\u00f3n.<\/span><\/p>\n<p><span style=\"font-weight: 400;\">De igual manera, destac\u00f3 que este D\u00eda Mundial del SIDA constituye un llamado a la acci\u00f3n global para reafirmar el compromiso de los l\u00edderes con los derechos humanos y la erradicaci\u00f3n del VIH.<\/span><\/p>\n<p><span style=\"font-weight: 400;\">Betances, sin embargo, hizo \u00e9nfasis en que, en el mundo, las brechas en la protecci\u00f3n de los derechos contin\u00faan obstaculizando el progreso y amenazan con retroceder los logros.<\/span><\/p>\n<p><span style=\"font-weight: 400;\">Con respecto a las nuevas infecciones por VIH, indic\u00f3 que las cifras est\u00e1n en aumento en la mayor\u00eda de los pa\u00edses, con m\u00e1s de un mill\u00f3n de personas infectadas por el virus en 2023 a nivel mundial.<\/span><\/p>\n<p><span style=\"font-weight: 400;\">\u00a0\u201cEn la Rep\u00fablica Dominicana, las nuevas infecciones por VIH no han aumentado de manera significativa en la poblaci\u00f3n general, pero existen grupos poblacionales en mayor riesgo debido a las desigualdades y la discriminaci\u00f3n\u201d, se\u00f1al\u00f3 Betances.<\/span><\/p>\n<p><span style=\"font-weight: 400;\">A su juicio, en muchos pa\u00edses, las leyes, pol\u00edticas y pr\u00e1cticas que discriminan o estigmatizan a las poblaciones clave o en situaci\u00f3n de vulnerabilidad siguen siendo barreras para la salud y el bienestar de las personas que viven con VIH, as\u00ed como para aquellos en mayor riesgo de contraerlo, como las personas transg\u00e9nero, hombres que tienen sexo con hombres, trabajadoras sexuales, personas usuarias de drogas, migrantes, entre otros.<\/span><\/p>\n<p><span style=\"font-weight: 400;\">\u00abEste a\u00f1o, ONUSIDA hace un llamado a todos los pa\u00edses y actores clave para que den un paso firme y sigan el camino de los derechos, ya que poner fin al sida no es solo una cuesti\u00f3n de acceso a servicios de salud, sino tambi\u00e9n de justicia social\u00bb, resalt\u00f3.<\/span><\/p>\n<p><span style=\"font-weight: 400;\">Para sumarse a la campa\u00f1a, Betances invit\u00f3 a descargar los materiales y difundirlos, visitando el sitio web oficial de ONUSIDA: <\/span><a href=\"https:\/\/www.unaids.org\/es\/resources\/fact-sheet\"><span style=\"font-weight: 400;\">https:\/\/www.unaids.org\/es\/resources\/fact-sheet<\/span><\/a><span style=\"font-weight: 400;\">.<\/span><\/p>\n","protected":false},"excerpt":{"rendered":"<p>ONUSIDA resalta que la campa\u00f1a se mantendr\u00e1 durante todo el a\u00f1o y est\u00e1 basada en la premisa de que es posible erradicar el VIH como una amenaza a la salud&hellip; <\/p>\n","protected":false},"author":2,"featured_media":55754,"comment_status":"closed","ping_status":"closed","sticky":false,"template":"","format":"standard","meta":{"fifu_image_url":"","fifu_image_alt":"","footnotes":""},"categories":[80],"tags":[],"class_list":["post-55753","post","type-post","status-publish","format-standard","has-post-thumbnail","hentry","category-salud"],"_links":{"self":[{"href":"https:\/\/elmundodelosnegocios.com.do\/v1\/wp-json\/wp\/v2\/posts\/55753","targetHints":{"allow":["GET"]}}],"collection":[{"href":"https:\/\/elmundodelosnegocios.com.do\/v1\/wp-json\/wp\/v2\/posts"}],"about":[{"href":"https:\/\/elmundodelosnegocios.com.do\/v1\/wp-json\/wp\/v2\/types\/post"}],"author":[{"embeddable":true,"href":"https:\/\/elmundodelosnegocios.com.do\/v1\/wp-json\/wp\/v2\/users\/2"}],"replies":[{"embeddable":true,"href":"https:\/\/elmundodelosnegocios.com.do\/v1\/wp-json\/wp\/v2\/comments?post=55753"}],"version-history":[{"count":1,"href":"https:\/\/elmundodelosnegocios.com.do\/v1\/wp-json\/wp\/v2\/posts\/55753\/revisions"}],"predecessor-version":[{"id":55756,"href":"https:\/\/elmundodelosnegocios.com.do\/v1\/wp-json\/wp\/v2\/posts\/55753\/revisions\/55756"}],"wp:featuredmedia":[{"embeddable":true,"href":"https:\/\/elmundodelosnegocios.com.do\/v1\/wp-json\/wp\/v2\/media\/55754"}],"wp:attachment":[{"href":"https:\/\/elmundodelosnegocios.com.do\/v1\/wp-json\/wp\/v2\/media?parent=55753"}],"wp:term":[{"taxonomy":"category","embeddable":true,"href":"https:\/\/elmundodelosnegocios.com.do\/v1\/wp-json\/wp\/v2\/categories?post=55753"},{"taxonomy":"post_tag","embeddable":true,"href":"https:\/\/elmundodelosnegocios.com.do\/v1\/wp-json\/wp\/v2\/tags?post=55753"}],"curies":[{"name":"wp","href":"https:\/\/api.w.org\/{rel}","templated":true}]}}