{"id":55757,"date":"2024-12-03T10:02:19","date_gmt":"2024-12-03T14:32:19","guid":{"rendered":"https:\/\/www.elmundodelosnegocios.com.do\/v1\/?p=55757"},"modified":"2024-12-03T10:55:37","modified_gmt":"2024-12-03T15:25:37","slug":"celebraran-bocao-food-fest-en-el-jardin-botanico","status":"publish","type":"post","link":"https:\/\/elmundodelosnegocios.com.do\/v1\/celebraran-bocao-food-fest-en-el-jardin-botanico\/","title":{"rendered":"Celebraran Bocao Food Fest en el Jard\u00edn Bot\u00e1nico"},"content":{"rendered":"<p style=\"font-weight: 400;\">SANTO DOMINGO, R.D. Diciembre, 2024.- Bocao Food Fest 2024, el evento gastron\u00f3mico m\u00e1s grande del Caribe se realizar\u00e1 los d\u00edas 6, 7 y 8 de diciembre en el Jard\u00edn Bot\u00e1nico Nacional, en un ambiente lleno de sabores, aromas, buena energ\u00eda, seguridad y diversi\u00f3n.<\/p>\n<p style=\"font-weight: 400;\"><a href=\"http:\/\/elmundodelosnegocios.com.do\/v1\/wp-content\/uploads\/2024\/12\/DJI_0010.jpg\"><img loading=\"lazy\" decoding=\"async\" class=\"aligncenter size-full wp-image-55758\" src=\"http:\/\/elmundodelosnegocios.com.do\/v1\/wp-content\/uploads\/2024\/12\/DJI_0010.jpg\" alt=\"\" width=\"900\" height=\"600\" srcset=\"https:\/\/elmundodelosnegocios.com.do\/v1\/wp-content\/uploads\/2024\/12\/DJI_0010.jpg 900w, https:\/\/elmundodelosnegocios.com.do\/v1\/wp-content\/uploads\/2024\/12\/DJI_0010-300x200.jpg 300w, https:\/\/elmundodelosnegocios.com.do\/v1\/wp-content\/uploads\/2024\/12\/DJI_0010-768x512.jpg 768w\" sizes=\"auto, (max-width: 900px) 100vw, 900px\" \/><\/a><\/p>\n<p style=\"font-weight: 400;\">\u201cSer\u00e1 una experiencia culinaria que nadie se puede perder, con un men\u00fa de m\u00e1s de 100 platos de diferentes restaurantes del pa\u00eds, todo en un mismo lugar y a precios especiales de festival. Desde la cocina mexicana, hasta opciones innovadoras de carnes, vegetales y postres al tiempo de disfrutar de c\u00f3cteles exclusivos creados por las mejores casas licoreras del pa\u00eds\u201d, comunicaron los fundadores de Bocao Food Fest, Jos\u00e9 Miguel Guerrero y Jean Carlos N\u00fa\u00f1ez.<\/p>\n<p style=\"font-weight: 400;\">Destacaron que este evento, no solo se trata de comida, sino de un fin de semana muy interactivo donde los presentes disfrutar\u00e1n de experiencias relacionadas con las marcas aliadas, cada una dise\u00f1ada para que los invitados disfruten de una verdadera fiesta familiar y de una c\u00e1lida e inolvidable bienvenida a la Navidad.<\/p>\n<p style=\"font-weight: 400;\">\u201cEstamos muy emocionados de que todos puedan disfrutar de una experiencia inolvidable, llena de sabor, m\u00fasica, seguridad y, sobre todo, un ambiente familiar que nos conecte con lo mejor de la gastronom\u00eda, la cultura y la tradici\u00f3n\u201d, afirmaron.<\/p>\n<p style=\"font-weight: 400;\">Durante todo el fin de semana, los amantes de los c\u00f3cteles tendr\u00e1n una experiencia \u00fanica de degustar una cocteler\u00eda de alta calidad, Johnnie Walker tendr\u00e1 un invitado especial conocido como \u201cel bar La Factor\u00eda de Puerto Rico\u201d, considerado uno de los 50 mejores bares de Norteam\u00e9rica y El Caribe, quien estar\u00e1 ofreciendo sus mezclas m\u00e1s exquisitas.<\/p>\n<p style=\"font-weight: 400;\">De igual manera, formar\u00e1 parte de este gran festival el tradicional \u201cColmadito de Bocao\u201d, un encuentro con lo m\u00e1s aut\u00e9ntico e ic\u00f3nico de la cultura dominicana que contar\u00e1 con la con la participaci\u00f3n de reconocidos artistas, que a ritmo de perico ripiao y de los m\u00e1s hermosos villancicos pondr\u00e1 a bailar a su p\u00fablico.<\/p>\n<p style=\"font-weight: 400;\">Asimismo, los g\u00e9neros musicales del son, merengue y todo el folklore que integra nuestra cultura, estar\u00e1 presente con la participaci\u00f3n de la escuela de m\u00fasica Requinto dirigida por Gioel Mart\u00edn, profesor del Conservatorio de M\u00fasica, quien dirigir\u00e1 a la agrupaci\u00f3n Mata los indios y Villa Mella, y a todas las agrupaciones musicales en representaci\u00f3n de diversas zonas del pa\u00eds.<\/p>\n<p style=\"font-weight: 400;\">Bocao Food Fest iniciar\u00e1 el viernes 6 de diciembre a las 6:00 de la tarde con una apertura llena de energ\u00eda y buen ambiente, ideal para disfrutar del happy hour. Los primeros 2,000 asistentes podr\u00e1n saborear un c\u00f3ctel de bienvenida preparado por Ron Brugal, denominado \u201cEl Traguito\u201d, mientras disfrutan de m\u00fasica en vivo y ofertas especiales.<\/p>\n<p style=\"font-weight: 400;\">El s\u00e1bado 7 de diciembre la actividad comenzar\u00e1 al mediod\u00eda y tendr\u00e1 una agenda gastron\u00f3mica internacional, con la participaci\u00f3n de 30 restaurantes que ofrecer\u00e1n una variedad de platos de cocina mexicana, \u00e1rabe, asi\u00e1tica, peruana, espa\u00f1ola, vegetariana, y m\u00e1s. Se destacar\u00e1 la participaci\u00f3n especial de Bark Barbecue, un reconocido restaurante de Nueva York. Adem\u00e1s, las principales casas licoreras del pa\u00eds presentar\u00e1n propuestas innovadoras de cocteler\u00eda, con talleres y demostraciones.<\/p>\n<p style=\"font-weight: 400;\">El cierre del festival ser\u00e1 el domingo 8 de diciembre, destacando la participaci\u00f3n de Chiquito Team Band, DJs y bandas locales, adem\u00e1s habr\u00e1 experiencias exclusivas para todos los asistentes auspiciados por sus patrocinadores Ron Brugal, Hennessy, Perrier, Stoli, Jack Daniel\u2019s, Estrella de Galicia, Aperol, Red Bull, Johnnie Walker, Don Julio, Tanqueray, Cerveza Gallo, Cerveza Presidente, TaDa, Aceite la Joya, Productos Linda, Banco Popular, Caf\u00e9 Santo Domingo, Maybelline, Garnier, Jannette, Borasol, Nestl\u00e9, WALA, Quaker, Gamesa, Frito Lay, Emilio\u2019s, Jabal\u00ed, President, Ben &amp; Jerry\u2019s, Magnun y Baskin Robbins.<\/p>\n<p style=\"font-weight: 400;\">Para sus organizadores, es de gran importancia que el Jard\u00edn Bot\u00e1nico est\u00e9 en su mejor estado, tomando todas las medidas necesarias para contrarrestar los posibles efectos de la lluvia. \u201cQueremos que nuestros visitantes disfruten del esplendor y el verdor de este hermoso espacio natural, y para ello estamos trabajando en la log\u00edstica para que el evento se desarrolle sin inconvenientes, sin perder la magia de este entorno \u00fanico\u201d.<\/p>\n<p style=\"font-weight: 400;\">Al comprar tus boletas apoyas a peque\u00f1os comercios, restaurantes, emprendedores, artistas, artesanos y proveedores que trabajan de la mano para hacer de este festival un \u00e9xito. Las boletas est\u00e1n a la venta\u00a0<a href=\"http:\/\/www.bocaofoodfest.com\/\" data-saferedirecturl=\"https:\/\/www.google.com\/url?q=http:\/\/www.bocaofoodfest.com&amp;source=gmail&amp;ust=1733317335922000&amp;usg=AOvVaw2v1osy6GRRuk7HH2vj4kmv\">www.bocaofoodfest.com<\/a>\u00a0y cuentan con TIX para gestionar la experiencia de compra de las boletas.<\/p>\n<p><a href=\"http:\/\/elmundodelosnegocios.com.do\/v1\/wp-content\/uploads\/2024\/12\/story-scaled.jpg\"><img loading=\"lazy\" decoding=\"async\" class=\"aligncenter size-full wp-image-55759\" src=\"http:\/\/elmundodelosnegocios.com.do\/v1\/wp-content\/uploads\/2024\/12\/story-scaled.jpg\" alt=\"\" width=\"1441\" height=\"2560\" srcset=\"https:\/\/elmundodelosnegocios.com.do\/v1\/wp-content\/uploads\/2024\/12\/story-scaled.jpg 1441w, https:\/\/elmundodelosnegocios.com.do\/v1\/wp-content\/uploads\/2024\/12\/story-169x300.jpg 169w, https:\/\/elmundodelosnegocios.com.do\/v1\/wp-content\/uploads\/2024\/12\/story-576x1024.jpg 576w, https:\/\/elmundodelosnegocios.com.do\/v1\/wp-content\/uploads\/2024\/12\/story-768x1365.jpg 768w, https:\/\/elmundodelosnegocios.com.do\/v1\/wp-content\/uploads\/2024\/12\/story-864x1536.jpg 864w\" sizes=\"auto, (max-width: 1441px) 100vw, 1441px\" \/><\/a><\/p>\n","protected":false},"excerpt":{"rendered":"<p>SANTO DOMINGO, R.D. Diciembre, 2024.- Bocao Food Fest 2024, el evento gastron\u00f3mico m\u00e1s grande del Caribe se realizar\u00e1 los d\u00edas 6, 7 y 8 de diciembre en el Jard\u00edn Bot\u00e1nico&hellip; <\/p>\n","protected":false},"author":2,"featured_media":55758,"comment_status":"closed","ping_status":"closed","sticky":false,"template":"","format":"standard","meta":{"fifu_image_url":"","fifu_image_alt":"","footnotes":""},"categories":[85],"tags":[],"class_list":["post-55757","post","type-post","status-publish","format-standard","has-post-thumbnail","hentry","category-gastronomia"],"_links":{"self":[{"href":"https:\/\/elmundodelosnegocios.com.do\/v1\/wp-json\/wp\/v2\/posts\/55757","targetHints":{"allow":["GET"]}}],"collection":[{"href":"https:\/\/elmundodelosnegocios.com.do\/v1\/wp-json\/wp\/v2\/posts"}],"about":[{"href":"https:\/\/elmundodelosnegocios.com.do\/v1\/wp-json\/wp\/v2\/types\/post"}],"author":[{"embeddable":true,"href":"https:\/\/elmundodelosnegocios.com.do\/v1\/wp-json\/wp\/v2\/users\/2"}],"replies":[{"embeddable":true,"href":"https:\/\/elmundodelosnegocios.com.do\/v1\/wp-json\/wp\/v2\/comments?post=55757"}],"version-history":[{"count":1,"href":"https:\/\/elmundodelosnegocios.com.do\/v1\/wp-json\/wp\/v2\/posts\/55757\/revisions"}],"predecessor-version":[{"id":55760,"href":"https:\/\/elmundodelosnegocios.com.do\/v1\/wp-json\/wp\/v2\/posts\/55757\/revisions\/55760"}],"wp:featuredmedia":[{"embeddable":true,"href":"https:\/\/elmundodelosnegocios.com.do\/v1\/wp-json\/wp\/v2\/media\/55758"}],"wp:attachment":[{"href":"https:\/\/elmundodelosnegocios.com.do\/v1\/wp-json\/wp\/v2\/media?parent=55757"}],"wp:term":[{"taxonomy":"category","embeddable":true,"href":"https:\/\/elmundodelosnegocios.com.do\/v1\/wp-json\/wp\/v2\/categories?post=55757"},{"taxonomy":"post_tag","embeddable":true,"href":"https:\/\/elmundodelosnegocios.com.do\/v1\/wp-json\/wp\/v2\/tags?post=55757"}],"curies":[{"name":"wp","href":"https:\/\/api.w.org\/{rel}","templated":true}]}}