{"id":55769,"date":"2024-12-04T09:37:59","date_gmt":"2024-12-04T14:07:59","guid":{"rendered":"https:\/\/www.elmundodelosnegocios.com.do\/v1\/?p=55769"},"modified":"2024-12-04T09:37:59","modified_gmt":"2024-12-04T14:07:59","slug":"sp-global-reafirma-calificacion-de-rd-y-destaca-liderazgo-regional-en-crecimiento-economico","status":"publish","type":"post","link":"https:\/\/elmundodelosnegocios.com.do\/v1\/sp-global-reafirma-calificacion-de-rd-y-destaca-liderazgo-regional-en-crecimiento-economico\/","title":{"rendered":"S&#038;P Global reafirma calificaci\u00f3n de RD y destaca liderazgo regional en crecimiento econ\u00f3mico"},"content":{"rendered":"<p><span lang=\"ES-DO\" xml:lang=\"ES-DO\">Santo Domingo.- La agencia crediticia\u00a0<strong>Standard and Poor\u2019s (S&amp;P Global)<\/strong>\u00a0reafirm\u00f3 este martes la calificaci\u00f3n de riesgo del pa\u00eds en\u00a0<strong>\u201cBB, con perspectiva estable\u201d<\/strong>\u00a0y destac\u00f3 en su informe el\u00a0<strong>liderazgo regional de la econom\u00eda dominicana<\/strong>\u00a0en t\u00e9rminos de crecimiento.<\/span><\/p>\n<p><a href=\"http:\/\/elmundodelosnegocios.com.do\/v1\/wp-content\/uploads\/2024\/12\/SP-Global.jpg\"><img loading=\"lazy\" decoding=\"async\" class=\"aligncenter size-full wp-image-55770\" src=\"http:\/\/elmundodelosnegocios.com.do\/v1\/wp-content\/uploads\/2024\/12\/SP-Global.jpg\" alt=\"\" width=\"1262\" height=\"699\" srcset=\"https:\/\/elmundodelosnegocios.com.do\/v1\/wp-content\/uploads\/2024\/12\/SP-Global.jpg 1262w, https:\/\/elmundodelosnegocios.com.do\/v1\/wp-content\/uploads\/2024\/12\/SP-Global-300x166.jpg 300w, https:\/\/elmundodelosnegocios.com.do\/v1\/wp-content\/uploads\/2024\/12\/SP-Global-1024x567.jpg 1024w, https:\/\/elmundodelosnegocios.com.do\/v1\/wp-content\/uploads\/2024\/12\/SP-Global-768x425.jpg 768w\" sizes=\"auto, (max-width: 1262px) 100vw, 1262px\" \/><\/a><\/p>\n<p><em><span lang=\"ES-DO\" xml:lang=\"ES-DO\">\u201cEsperamos un crecimiento del PIB (producto interno bruto) real del 5 % anual en los pr\u00f3ximos cuatro a\u00f1os, manteniendo a la Rep\u00fablica Dominicana como una de las econom\u00edas de m\u00e1s r\u00e1pido crecimiento en Am\u00e9rica Latina y el Caribe\u201d,<\/span><\/em><span lang=\"ES-DO\" xml:lang=\"ES-DO\">\u00a0resalta S&amp;P Global.<\/span><\/p>\n<p><span lang=\"ES-DO\" xml:lang=\"ES-DO\">La agencia, cuya calificaci\u00f3n crediticia es a la fecha\u00a0<strong>la m\u00e1s elevada para el pa\u00eds<\/strong>, agrega que la expansi\u00f3n econ\u00f3mica del mismo\u00a0<strong>ha elevado el PIB\u00a0<\/strong><\/span><em><span lang=\"ES-DO\" xml:lang=\"ES-DO\"><strong>per c\u00e1pita<\/strong><\/span><\/em><span lang=\"ES-DO\" xml:lang=\"ES-DO\"><strong>\u00a0a aproximadamente USD 11,500 en 2024<\/strong>, casi duplic\u00e1ndose desde los USD 6,400 en 2014, y sostiene que el r\u00e1pido crecimiento\u00a0<strong>mitiga los riesgos de d\u00e9ficits fiscales moderados y la limitada flexibilidad presupuestaria.<\/strong><\/span><\/p>\n<p><span lang=\"ES-DO\" xml:lang=\"ES-DO\">La evaluadora tambi\u00e9n resalta en su documento que las\u00a0<strong>pol\u00edticas promercado<\/strong>\u00a0aplicadas por el Gobierno han permitido mantener un\u00a0<strong>alto nivel de inversi\u00f3n<\/strong>, estimada en alrededor de un\u00a0<strong>32 %<\/strong>\u00a0del PIB en 2024.<\/span><\/p>\n<p><span lang=\"ES-DO\" xml:lang=\"ES-DO\">De igual forma, establece que\u00a0<strong>el turismo<\/strong>\u00a0contin\u00faa siendo\u00a0<strong>uno de los sectores claves<\/strong>\u00a0del crecimiento econ\u00f3mico del cual goza Rep\u00fablica Dominicana, cuya cantidad de visitantes se estima en\u00a0<strong>11.5 millones de personas para este a\u00f1o<\/strong>, lo que representar\u00eda un aumento de un 12 % en relaci\u00f3n con el l 2023.<\/span><\/p>\n<p><span lang=\"ES-DO\" xml:lang=\"ES-DO\">Asimismo, Standard and Poor\u2019s se\u00f1ala que el Gobierno ha podido avanzar en\u00a0<strong>m\u00faltiples reformas<\/strong>, incluyendo la aprobaci\u00f3n de la\u00a0<strong>Ley de Responsabilidad Fisca<\/strong>l, que limita el crecimiento anual del gasto p\u00fablico y establece un techo a la deuda, as\u00ed como la\u00a0<strong>reorganizaci\u00f3n del sector p\u00fablico<\/strong>\u00a0para reducir gastos, junto con\u00a0<strong>la reforma constitucional\u00a0<\/strong>y al\u00a0<strong>C\u00f3digo Laboral<\/strong>.<\/span><\/p>\n","protected":false},"excerpt":{"rendered":"<p>Santo Domingo.- La agencia crediticia\u00a0Standard and Poor\u2019s (S&amp;P Global)\u00a0reafirm\u00f3 este martes la calificaci\u00f3n de riesgo del pa\u00eds en\u00a0\u201cBB, con perspectiva estable\u201d\u00a0y destac\u00f3 en su informe el\u00a0liderazgo regional de la econom\u00eda&hellip; <\/p>\n","protected":false},"author":2,"featured_media":55771,"comment_status":"closed","ping_status":"closed","sticky":false,"template":"","format":"standard","meta":{"fifu_image_url":"https:\/\/latam-green.com\/wp-content\/uploads\/2023\/08\/SP-150823-a.jpeg","fifu_image_alt":"","footnotes":""},"categories":[62],"tags":[],"class_list":["post-55769","post","type-post","status-publish","format-standard","has-post-thumbnail","hentry","category-economia"],"_links":{"self":[{"href":"https:\/\/elmundodelosnegocios.com.do\/v1\/wp-json\/wp\/v2\/posts\/55769","targetHints":{"allow":["GET"]}}],"collection":[{"href":"https:\/\/elmundodelosnegocios.com.do\/v1\/wp-json\/wp\/v2\/posts"}],"about":[{"href":"https:\/\/elmundodelosnegocios.com.do\/v1\/wp-json\/wp\/v2\/types\/post"}],"author":[{"embeddable":true,"href":"https:\/\/elmundodelosnegocios.com.do\/v1\/wp-json\/wp\/v2\/users\/2"}],"replies":[{"embeddable":true,"href":"https:\/\/elmundodelosnegocios.com.do\/v1\/wp-json\/wp\/v2\/comments?post=55769"}],"version-history":[{"count":1,"href":"https:\/\/elmundodelosnegocios.com.do\/v1\/wp-json\/wp\/v2\/posts\/55769\/revisions"}],"predecessor-version":[{"id":55772,"href":"https:\/\/elmundodelosnegocios.com.do\/v1\/wp-json\/wp\/v2\/posts\/55769\/revisions\/55772"}],"wp:featuredmedia":[{"embeddable":true,"href":"https:\/\/elmundodelosnegocios.com.do\/v1\/wp-json\/wp\/v2\/media\/55771"}],"wp:attachment":[{"href":"https:\/\/elmundodelosnegocios.com.do\/v1\/wp-json\/wp\/v2\/media?parent=55769"}],"wp:term":[{"taxonomy":"category","embeddable":true,"href":"https:\/\/elmundodelosnegocios.com.do\/v1\/wp-json\/wp\/v2\/categories?post=55769"},{"taxonomy":"post_tag","embeddable":true,"href":"https:\/\/elmundodelosnegocios.com.do\/v1\/wp-json\/wp\/v2\/tags?post=55769"}],"curies":[{"name":"wp","href":"https:\/\/api.w.org\/{rel}","templated":true}]}}