{"id":55773,"date":"2024-12-04T09:40:21","date_gmt":"2024-12-04T14:10:21","guid":{"rendered":"https:\/\/www.elmundodelosnegocios.com.do\/v1\/?p=55773"},"modified":"2024-12-04T09:55:47","modified_gmt":"2024-12-04T14:25:47","slug":"vicepresidenta-raquel-pena-destaca-avances-del-liderazgo-femenino-en-el-sector-exportador","status":"publish","type":"post","link":"https:\/\/elmundodelosnegocios.com.do\/v1\/vicepresidenta-raquel-pena-destaca-avances-del-liderazgo-femenino-en-el-sector-exportador\/","title":{"rendered":"Vicepresidenta Raquel Pe\u00f1a destaca avances del liderazgo femenino en el sector exportador"},"content":{"rendered":"<p><span lang=\"ES-DO\" xml:lang=\"ES-DO\">Santo Domingo.- Con la presencia de la vicepresidenta de la Rep\u00fablica,\u00a0<strong>Raquel Pe\u00f1a<\/strong>, el Centro de Exportaci\u00f3n e Inversi\u00f3n de la Rep\u00fablica Dominicana\u00a0<strong>(ProDominicana)<\/strong>\u00a0celebr\u00f3 la quinta edici\u00f3n del\u00a0<strong>Encuentro Nacional Mujeres en Exportaci\u00f3n<\/strong>, donde se reconoci\u00f3 a varias\u00a0<strong>empresas lideradas por mujeres<\/strong>\u00a0que se destacaron durante el a\u00f1o 2024.\u00a0<\/span><\/p>\n<p><a href=\"http:\/\/elmundodelosnegocios.com.do\/v1\/wp-content\/uploads\/2024\/12\/WhatsApp-Image-2024-12-03-at-16.40.04.jpeg\"><img loading=\"lazy\" decoding=\"async\" class=\"aligncenter size-full wp-image-55780\" src=\"http:\/\/elmundodelosnegocios.com.do\/v1\/wp-content\/uploads\/2024\/12\/WhatsApp-Image-2024-12-03-at-16.40.04.jpeg\" alt=\"\" width=\"1300\" height=\"731\" srcset=\"https:\/\/elmundodelosnegocios.com.do\/v1\/wp-content\/uploads\/2024\/12\/WhatsApp-Image-2024-12-03-at-16.40.04.jpeg 1300w, https:\/\/elmundodelosnegocios.com.do\/v1\/wp-content\/uploads\/2024\/12\/WhatsApp-Image-2024-12-03-at-16.40.04-300x169.jpeg 300w, https:\/\/elmundodelosnegocios.com.do\/v1\/wp-content\/uploads\/2024\/12\/WhatsApp-Image-2024-12-03-at-16.40.04-1024x576.jpeg 1024w, https:\/\/elmundodelosnegocios.com.do\/v1\/wp-content\/uploads\/2024\/12\/WhatsApp-Image-2024-12-03-at-16.40.04-768x432.jpeg 768w\" sizes=\"auto, (max-width: 1300px) 100vw, 1300px\" \/><\/a><\/p>\n<p><span lang=\"ES-DO\" xml:lang=\"ES-DO\">La vicemandataria resalt\u00f3 que este evento es un recordatorio del\u00a0<strong>potencial transformador<\/strong>\u00a0<strong>de las mujeres dominicanas en el comercio internacional<\/strong>. Desde el inicio, estos encuentros organizados por ProDominicana han contribuido al\u00a0<strong>incremento<\/strong>\u00a0de la participaci\u00f3n de las mujeres en la exportaci\u00f3n.<\/span><\/p>\n<p><span lang=\"ES-DO\" xml:lang=\"ES-DO\">\u201c<\/span><em><span lang=\"ES-DO\" xml:lang=\"ES-DO\">Tengo la convicci\u00f3n de que el liderazgo empresarial femenino es clave para la prosperidad, la generaci\u00f3n de empleos y la innovaci\u00f3n, como prioridades de nuestro gobierno de cara al cumplimiento de la Meta RD 2036, bajo la visi\u00f3n de nuestro presidente Luis Abinader\u201d<\/span><\/em><span lang=\"ES-DO\" xml:lang=\"ES-DO\">, enfatiz\u00f3 la tambi\u00e9n presidenta del Gabinete de Promoci\u00f3n de Inversiones.\u00a0<\/span><\/p>\n<p><span lang=\"ES-DO\" xml:lang=\"ES-DO\">Pe\u00f1a dijo, adem\u00e1s, que el Gobierno dominicano, ha asumido el compromiso de fortalecer el papel de la mujer en el sector exportador como una\u00a0<strong>prioridad estrat\u00e9gica<\/strong>.\u00a0<\/span><\/p>\n<p><span lang=\"ES-DO\" xml:lang=\"ES-DO\">En ese sentido, detall\u00f3 que para lograr el referido objetivo, ya han implementado iniciativas como las\u00a0<strong>l\u00edneas de cr\u00e9dito, la Certificaci\u00f3n MiPymes Mujer y la habilitaci\u00f3n de compras p\u00fablicas.<\/strong><\/span><\/p>\n<p><a href=\"http:\/\/elmundodelosnegocios.com.do\/v1\/wp-content\/uploads\/2024\/12\/WhatsApp-Image-2024-12-03-at-16.40.03.jpeg\"><img loading=\"lazy\" decoding=\"async\" class=\"aligncenter size-full wp-image-55781\" src=\"http:\/\/elmundodelosnegocios.com.do\/v1\/wp-content\/uploads\/2024\/12\/WhatsApp-Image-2024-12-03-at-16.40.03.jpeg\" alt=\"\" width=\"1600\" height=\"1066\" srcset=\"https:\/\/elmundodelosnegocios.com.do\/v1\/wp-content\/uploads\/2024\/12\/WhatsApp-Image-2024-12-03-at-16.40.03.jpeg 1600w, https:\/\/elmundodelosnegocios.com.do\/v1\/wp-content\/uploads\/2024\/12\/WhatsApp-Image-2024-12-03-at-16.40.03-300x200.jpeg 300w, https:\/\/elmundodelosnegocios.com.do\/v1\/wp-content\/uploads\/2024\/12\/WhatsApp-Image-2024-12-03-at-16.40.03-1024x682.jpeg 1024w, https:\/\/elmundodelosnegocios.com.do\/v1\/wp-content\/uploads\/2024\/12\/WhatsApp-Image-2024-12-03-at-16.40.03-768x512.jpeg 768w, https:\/\/elmundodelosnegocios.com.do\/v1\/wp-content\/uploads\/2024\/12\/WhatsApp-Image-2024-12-03-at-16.40.03-1536x1023.jpeg 1536w\" sizes=\"auto, (max-width: 1600px) 100vw, 1600px\" \/><\/a><\/p>\n<p><span lang=\"ES-DO\" xml:lang=\"ES-DO\">En el marco del evento, la directora ejecutiva de ProDominicana,\u00a0<strong>Biviana Riveiro<\/strong>, present\u00f3 los\u00a0<strong>hallazgos principales\u00a0<\/strong>de la quinta edici\u00f3n del Estudio Mujeres Exportadoras en Rep\u00fablica Dominicana, con el objetivo de impulsar la\u00a0<strong>equidad de g\u00e9nero<\/strong>\u00a0en los negocios y fomentar condiciones que promuevan una\u00a0<strong>mayor participaci\u00f3n<\/strong>\u00a0de las mujeres en la econom\u00eda.<\/span><\/p>\n<p><span lang=\"ES-DO\" xml:lang=\"ES-DO\">Adem\u00e1s, Riveiro destac\u00f3 que este informe es resultado de un\u00a0<strong>riguroso an\u00e1lisis del impacto y las contribuciones de las mujeres en el sector exportador<\/strong>.\u00a0<\/span><em><span lang=\"ES-DO\" xml:lang=\"ES-DO\">\u201cDesde el inicio de este esfuerzo en 2020, hemos trabajado para visibilizar la participaci\u00f3n de las mujeres dominicanas en el comercio internacional, identificar sus desaf\u00edos y promover pol\u00edticas que garanticen mayor equidad de acceso. Hoy, estos resultados demuestran que estamos mejor que ayer, avanzando hacia un futuro de oportunidades m\u00e1s igualitarias\u201d.<\/span><\/em><\/p>\n<p><span lang=\"ES-DO\" xml:lang=\"ES-DO\">En ese sentido, las cifras presentadas destacan el impacto del liderazgo femenino en el sector. En 2023, las empresas lideradas por mujeres generaron exportaciones valoradas en\u00a0<strong>USD 1,483.2 millones<\/strong>. Entre enero y octubre de 2024, estas exportaciones alcanzaron los\u00a0<strong>USD 1,538.6 millones<\/strong>, lo cual refleja un crecimiento del\u00a0<strong>27.5 %<\/strong>\u00a0en comparaci\u00f3n con el mismo per\u00edodo del a\u00f1o anterior.<\/span><\/p>\n<p><a href=\"http:\/\/elmundodelosnegocios.com.do\/v1\/wp-content\/uploads\/2024\/12\/WhatsApp-Image-2024-12-03-at-16.40.05.jpeg\"><img loading=\"lazy\" decoding=\"async\" class=\"aligncenter size-full wp-image-55782\" src=\"http:\/\/elmundodelosnegocios.com.do\/v1\/wp-content\/uploads\/2024\/12\/WhatsApp-Image-2024-12-03-at-16.40.05.jpeg\" alt=\"\" width=\"1600\" height=\"1066\" srcset=\"https:\/\/elmundodelosnegocios.com.do\/v1\/wp-content\/uploads\/2024\/12\/WhatsApp-Image-2024-12-03-at-16.40.05.jpeg 1600w, https:\/\/elmundodelosnegocios.com.do\/v1\/wp-content\/uploads\/2024\/12\/WhatsApp-Image-2024-12-03-at-16.40.05-300x200.jpeg 300w, https:\/\/elmundodelosnegocios.com.do\/v1\/wp-content\/uploads\/2024\/12\/WhatsApp-Image-2024-12-03-at-16.40.05-1024x682.jpeg 1024w, https:\/\/elmundodelosnegocios.com.do\/v1\/wp-content\/uploads\/2024\/12\/WhatsApp-Image-2024-12-03-at-16.40.05-768x512.jpeg 768w, https:\/\/elmundodelosnegocios.com.do\/v1\/wp-content\/uploads\/2024\/12\/WhatsApp-Image-2024-12-03-at-16.40.05-1536x1023.jpeg 1536w\" sizes=\"auto, (max-width: 1600px) 100vw, 1600px\" \/><\/a><\/p>\n<p><span lang=\"ES-DO\" xml:lang=\"ES-DO\">De su lado, el ministro de Industria, Comercio y Mipymes,\u00a0<strong>V\u00edctor Bison\u00f3<\/strong>, indic\u00f3 que el liderazgo femenino impulsa una\u00a0<strong>econom\u00eda m\u00e1s inclusiva, din\u00e1mica y competitiva.<\/strong><\/span><\/p>\n<p><span lang=\"ES-DO\" xml:lang=\"ES-DO\">ProDominicana reafirm\u00f3 su compromiso con el desarrollo del liderazgo femenino en el sector exportador, por su contribu\u00ed al\u00a0<strong>crecimiento sostenible<\/strong>\u00a0de la econom\u00eda dominicana y al\u00a0<strong>posicionamiento de productos nacionales<\/strong>\u00a0en el mercado internacional.\u00a0<\/span><\/p>\n<p><span lang=\"ES-DO\" xml:lang=\"ES-DO\">Asimismo, el\u00a0<strong>espacio ferial se realiz\u00f3 durante los d\u00edas 3 y 4 de diciembre<\/strong>\u00a0en las instalaciones de ProDominicana, con productos disponibles a la venta de las empresas lideradas por las f\u00e9minas, as\u00ed como conferencia, paneles, charlas, activaciones y degustaci\u00f3n de productos.<\/span><\/p>\n<p><span lang=\"ES-DO\" xml:lang=\"ES-DO\"><strong>Reconocimientos<\/strong><\/span><\/p>\n<p><a href=\"http:\/\/elmundodelosnegocios.com.do\/v1\/wp-content\/uploads\/2024\/12\/WhatsApp-Image-2024-12-03-at-16.40.06.jpeg\"><img loading=\"lazy\" decoding=\"async\" class=\"aligncenter size-full wp-image-55783\" src=\"http:\/\/elmundodelosnegocios.com.do\/v1\/wp-content\/uploads\/2024\/12\/WhatsApp-Image-2024-12-03-at-16.40.06.jpeg\" alt=\"\" width=\"1600\" height=\"1066\" srcset=\"https:\/\/elmundodelosnegocios.com.do\/v1\/wp-content\/uploads\/2024\/12\/WhatsApp-Image-2024-12-03-at-16.40.06.jpeg 1600w, https:\/\/elmundodelosnegocios.com.do\/v1\/wp-content\/uploads\/2024\/12\/WhatsApp-Image-2024-12-03-at-16.40.06-300x200.jpeg 300w, https:\/\/elmundodelosnegocios.com.do\/v1\/wp-content\/uploads\/2024\/12\/WhatsApp-Image-2024-12-03-at-16.40.06-1024x682.jpeg 1024w, https:\/\/elmundodelosnegocios.com.do\/v1\/wp-content\/uploads\/2024\/12\/WhatsApp-Image-2024-12-03-at-16.40.06-768x512.jpeg 768w, https:\/\/elmundodelosnegocios.com.do\/v1\/wp-content\/uploads\/2024\/12\/WhatsApp-Image-2024-12-03-at-16.40.06-1536x1023.jpeg 1536w\" sizes=\"auto, (max-width: 1600px) 100vw, 1600px\" \/><\/a><\/p>\n<p><span lang=\"ES-DO\" xml:lang=\"ES-DO\">En el evento, fueron reconocidas en distintas categor\u00edas las empresas m\u00e1s sobresalientes lideradas por mujeres: En\u00a0<strong>Pro-liderazgo, Persio Abreu<\/strong>, por su crecimiento constante en exportaciones y generaci\u00f3n de empleos de calidad.\u00a0<\/span><\/p>\n<p><span lang=\"ES-DO\" xml:lang=\"ES-DO\">En\u00a0<strong>Pro-Internacionalizaci\u00f3n<\/strong>\u00a0se reconoci\u00f3 a\u00a0<strong>Recursos Globales,<\/strong>\u00a0por su diversificaci\u00f3n y \u00e9xito en la conquista de mercados internacionales; mientras\u00a0<strong>Pro-Desempe\u00f1o<\/strong>\u00a0<strong>Pyme<\/strong>\u00a0recay\u00f3 en\u00a0<strong>Do\u00f1a Mechi<\/strong>, por su esfuerzo y orientaci\u00f3n hacia mercados internacionales como peque\u00f1a y mediana empresa.<\/span><\/p>\n<p><span lang=\"ES-DO\" xml:lang=\"ES-DO\">Adem\u00e1s, se otorg\u00f3 un\u00a0<strong>reconocimiento especial\u00a0<\/strong>a la embajadora de la Rep\u00fablica Dominicana en Francia,\u00a0<strong>Rosa Hern\u00e1ndez de Grull\u00f3n<\/strong>, homenajeada por su labor en el fortalecimiento de las relaciones diplom\u00e1ticas y comerciales, promoviendo proyectos de equidad de g\u00e9nero y posicionando al pa\u00eds a nivel internacional.<\/span><\/p>\n<p><span lang=\"ES-DO\" xml:lang=\"ES-DO\">El evento cont\u00f3 con el respaldo de importantes patrocinadores como: Uni\u00f3n Europea, Banco BHD, Fersan, Banco de Desarrollo y Exportaciones (Bandex), Inicia, Banco Popular Dominicano, Roig Agro Cacao,\u00a0 C\u00e1mara de Comercio de Santo Domingo (CCSD), Consejo Nacional de Promoci\u00f3n y Apoyo a la Micro, Peque\u00f1a y Mediana Empresa (Promipymes) Voluntariado Banreservas, GrupoSID, Banco de Ahorro y Cr\u00e9dito (Adopem), Caribbean Cinemas, Caf\u00e9 Santo Domingo, Cervecer\u00eda Nacional Dominicana (CND), Casa Brugal, KahKow, Centro Cuesta Nacional (CCN) y Avene; asimismo, a los media partners Revista Pandora, El Hoy, Revista Mercado, peri\u00f3dico elDinero, Revista Contacto y Pincel Digital.<\/span><\/p>\n","protected":false},"excerpt":{"rendered":"<p>Santo Domingo.- Con la presencia de la vicepresidenta de la Rep\u00fablica,\u00a0Raquel Pe\u00f1a, el Centro de Exportaci\u00f3n e Inversi\u00f3n de la Rep\u00fablica Dominicana\u00a0(ProDominicana)\u00a0celebr\u00f3 la quinta edici\u00f3n del\u00a0Encuentro Nacional Mujeres en Exportaci\u00f3n,&hellip; <\/p>\n","protected":false},"author":2,"featured_media":55780,"comment_status":"closed","ping_status":"closed","sticky":false,"template":"","format":"standard","meta":{"fifu_image_url":"","fifu_image_alt":"","footnotes":""},"categories":[150],"tags":[],"class_list":["post-55773","post","type-post","status-publish","format-standard","has-post-thumbnail","hentry","category-exportaciones"],"_links":{"self":[{"href":"https:\/\/elmundodelosnegocios.com.do\/v1\/wp-json\/wp\/v2\/posts\/55773","targetHints":{"allow":["GET"]}}],"collection":[{"href":"https:\/\/elmundodelosnegocios.com.do\/v1\/wp-json\/wp\/v2\/posts"}],"about":[{"href":"https:\/\/elmundodelosnegocios.com.do\/v1\/wp-json\/wp\/v2\/types\/post"}],"author":[{"embeddable":true,"href":"https:\/\/elmundodelosnegocios.com.do\/v1\/wp-json\/wp\/v2\/users\/2"}],"replies":[{"embeddable":true,"href":"https:\/\/elmundodelosnegocios.com.do\/v1\/wp-json\/wp\/v2\/comments?post=55773"}],"version-history":[{"count":3,"href":"https:\/\/elmundodelosnegocios.com.do\/v1\/wp-json\/wp\/v2\/posts\/55773\/revisions"}],"predecessor-version":[{"id":55784,"href":"https:\/\/elmundodelosnegocios.com.do\/v1\/wp-json\/wp\/v2\/posts\/55773\/revisions\/55784"}],"wp:featuredmedia":[{"embeddable":true,"href":"https:\/\/elmundodelosnegocios.com.do\/v1\/wp-json\/wp\/v2\/media\/55780"}],"wp:attachment":[{"href":"https:\/\/elmundodelosnegocios.com.do\/v1\/wp-json\/wp\/v2\/media?parent=55773"}],"wp:term":[{"taxonomy":"category","embeddable":true,"href":"https:\/\/elmundodelosnegocios.com.do\/v1\/wp-json\/wp\/v2\/categories?post=55773"},{"taxonomy":"post_tag","embeddable":true,"href":"https:\/\/elmundodelosnegocios.com.do\/v1\/wp-json\/wp\/v2\/tags?post=55773"}],"curies":[{"name":"wp","href":"https:\/\/api.w.org\/{rel}","templated":true}]}}